{"id":266815,"date":"2025-12-02T07:19:12","date_gmt":"2025-12-02T07:19:12","guid":{"rendered":"https:\/\/www.europesays.com\/es\/266815\/"},"modified":"2025-12-02T07:19:12","modified_gmt":"2025-12-02T07:19:12","slug":"iberia-cancela-todos-sus-vuelos-a-venezuela-hasta-el-31-de-diciembre","status":"publish","type":"post","link":"https:\/\/www.europesays.com\/es\/266815\/","title":{"rendered":"Iberia cancela todos sus vuelos a Venezuela hasta el 31 de diciembre"},"content":{"rendered":"<p>  Por&amp;nbsp<a href=\"https:\/\/es.euronews.com\/perfiles\/2828\" rel=\"nofollow noopener\" target=\"_blank\">Christina Thykjaer<\/a><\/p>\n<p>\n                    Publicado                 01\/12\/2025 &#8211; 14:51 CET<br \/>\n                \u2022Ultima actualizaci\u00f3n<br \/>\n                                     15:05\n                                        <\/p>\n<p>La compa\u00f1\u00eda a\u00e9rea espa\u00f1ola <strong>Iberia anunci\u00f3 este lunes que cancelar\u00e1 todas sus operaciones en Venezuela<\/strong> hasta el 31 de diciembre, siguiendo las recomendaciones de la Agencia Estatal de Seguridad A\u00e9rea (AESA) tras la alerta emitida por la Administraci\u00f3n Federal de Aviaci\u00f3n (FAA) de Estados Unidos. Ambas agencias instan a extremar la precauci\u00f3n ante los riesgos de seguridad en el espacio a\u00e9reo venezolano y en \u00e1reas del Caribe pr\u00f3ximas a operaciones militares.<\/p>\n<p>Hace dos semanas, <strong>Iberia ya hab\u00eda suspendido temporalmente sus vuelos hacia Caracas a ra\u00edz de estas advertencias<\/strong>. El clima de tensi\u00f3n entre Washington y Caracas ha marcado el contexto en el que varias aerol\u00edneas internacionales tomaron la misma decisi\u00f3n. En respuesta, el Gobierno de Nicol\u00e1s Maduro <a href=\"https:\/\/es.euronews.com\/viajes\/2025\/11\/27\/venezuela-retira-los-permisos-a-6-aerolineas-por-cancelar-vuelos-iberia-y-tap-entre-ellas\" rel=\"nofollow noopener\" target=\"_blank\"><strong>dio un ultim\u00e1tum de 48 horas<\/strong><\/a> para reanudar las rutas; al no cumplirse, retir\u00f3 los permisos de operaci\u00f3n a seis compa\u00f1\u00edas extranjeras, entre ellas algunas de las que hab\u00edan cancelado sus vuelos por motivos de seguridad.<\/p>\n<p>La aerol\u00ednea ha asegurado que planea retomar los vuelos al pa\u00eds \u00ab<strong>en cuanto se recuperen las plenas garant\u00edas de seguridad<\/strong>\u00ab.<\/p>\n<p>Iberia ofrecer\u00e1 opciones para los clientes afectados<\/p>\n<p>La aerol\u00ednea, integrada en el holding brit\u00e1nico-espa\u00f1ol <strong>IAG<\/strong>, ha comunicado que los pasajeros afectados <strong>podr\u00e1n cambiar su vuelo a otra fecha<\/strong>, reubicarse en un destino alternativo cercano o solicitar el reembolso \u00edntegro del billete. Hasta ahora, Iberia manten\u00eda cinco frecuencias semanales con el pa\u00eds caribe\u00f1o.<\/p>\n<p>La semana pasada, <a href=\"https:\/\/es.euronews.com\/viajes\/2025\/11\/24\/puente-aereo-espana-venezuela-punto-muerto-air-europa-cancela-vuelos\" rel=\"nofollow noopener\" target=\"_blank\"><strong>Air Europa tambi\u00e9n se uni\u00f3 a la suspensi\u00f3n de vuelos<\/strong><\/a> a Venezuela hasta que \u00ablas condiciones sean las adecuadas\u00bb, una decisi\u00f3n que se sum\u00f3 a las medidas adoptadas anteriormente por Iberia, TAP, Avianca, Latam, Gol, Caribbean Airlines y Turkish Airlines.<\/p>\n","protected":false},"excerpt":{"rendered":"Por&amp;nbspChristina Thykjaer Publicado 01\/12\/2025 &#8211; 14:51 CET \u2022Ultima actualizaci\u00f3n 15:05 La compa\u00f1\u00eda a\u00e9rea espa\u00f1ola Iberia anunci\u00f3 este lunes&hellip;\n","protected":false},"author":2,"featured_media":266816,"comment_status":"","ping_status":"","sticky":false,"template":"","format":"standard","meta":{"footnotes":""},"categories":[42],"tags":[17,18,352,24,629,13,14,11,13675,61,62,63,64,19,20,9,1194,10,15,16,12,21,22,1192,65,66,67],"class_list":{"0":"post-266815","1":"post","2":"type-post","3":"status-publish","4":"format-standard","5":"has-post-thumbnail","7":"category-internacional","8":"tag-breaking-news","9":"tag-breakingnews","10":"tag-donald-trump","11":"tag-espana","12":"tag-estados-unidos","13":"tag-featured-news","14":"tag-featurednews","15":"tag-headlines","16":"tag-iberia","17":"tag-internacional","18":"tag-international","19":"tag-international-news","20":"tag-internationalnews","21":"tag-latest-news","22":"tag-latestnews","23":"tag-news","24":"tag-nicolas-maduro","25":"tag-noticias","26":"tag-noticias-destacadas","27":"tag-noticiasdestacadas","28":"tag-titulares","29":"tag-ultimas-noticias","30":"tag-ultimasnoticias","31":"tag-venezuela","32":"tag-world","33":"tag-world-news","34":"tag-worldnews"},"share_on_mastodon":{"url":"https:\/\/pubeurope.com\/@es\/115648762076301761","error":""},"_links":{"self":[{"href":"https:\/\/www.europesays.com\/es\/wp-json\/wp\/v2\/posts\/266815","targetHints":{"allow":["GET"]}}],"collection":[{"href":"https:\/\/www.europesays.com\/es\/wp-json\/wp\/v2\/posts"}],"about":[{"href":"https:\/\/www.europesays.com\/es\/wp-json\/wp\/v2\/types\/post"}],"author":[{"embeddable":true,"href":"https:\/\/www.europesays.com\/es\/wp-json\/wp\/v2\/users\/2"}],"replies":[{"embeddable":true,"href":"https:\/\/www.europesays.com\/es\/wp-json\/wp\/v2\/comments?post=266815"}],"version-history":[{"count":0,"href":"https:\/\/www.europesays.com\/es\/wp-json\/wp\/v2\/posts\/266815\/revisions"}],"wp:featuredmedia":[{"embeddable":true,"href":"https:\/\/www.europesays.com\/es\/wp-json\/wp\/v2\/media\/266816"}],"wp:attachment":[{"href":"https:\/\/www.europesays.com\/es\/wp-json\/wp\/v2\/media?parent=266815"}],"wp:term":[{"taxonomy":"category","embeddable":true,"href":"https:\/\/www.europesays.com\/es\/wp-json\/wp\/v2\/categories?post=266815"},{"taxonomy":"post_tag","embeddable":true,"href":"https:\/\/www.europesays.com\/es\/wp-json\/wp\/v2\/tags?post=266815"}],"curies":[{"name":"wp","href":"https:\/\/api.w.org\/{rel}","templated":true}]}}