{"id":266817,"date":"2025-12-02T07:20:09","date_gmt":"2025-12-02T07:20:09","guid":{"rendered":"https:\/\/www.europesays.com\/es\/266817\/"},"modified":"2025-12-02T07:20:09","modified_gmt":"2025-12-02T07:20:09","slug":"albert-rivera-convencido-de-por-que-pedro-sanchez-no-convoca-elecciones-generales-en-espana-y-no-es-por-el-miedo-a-perderlas-es-su-unica-salvacion","status":"publish","type":"post","link":"https:\/\/www.europesays.com\/es\/266817\/","title":{"rendered":"Albert Rivera, convencido de por qu\u00e9 Pedro S\u00e1nchez no convoca elecciones generales en Espa\u00f1a y no es por el miedo a perderlas: \u00abEs su \u00fanica salvaci\u00f3n\u00bb"},"content":{"rendered":"<p style=\"\">Tiempos complicados para<strong> Pedro S\u00e1nchez<\/strong> y su Gobierno. As\u00ed se lo hace saber cada d\u00eda, por ejemplo, <a href=\"https:\/\/www.abc.es\/play\/television\/noticias\/ana-rosa-quintana-reacciona-contundente-ultima-hora-20251127112856-nt.html\" target=\"_self\" data-voc-vtm-id=\"in-text-traffic\" title=\"Ana Rosa Quintana\" data-mrf-link=\"www.abc.es\" rel=\"nofollow noopener\">Ana Rosa Quintana<\/a> desde &#8216;El programa de Ana Rosa&#8217; (Telecinco) con sus feroces cr\u00edticas al presidente por si este no se ha enterado todav\u00eda de  &#8230; todo lo que tiene encima. De hecho, la presentadora la semana pasada subi\u00f3 tanto el tono que lleg\u00f3 a pedir la dimisi\u00f3n de S\u00e1nchez en directo ante la \u00faltima hora que ten\u00eda que dar. Una petici\u00f3n que, evidentemente, no se ha materializado pero a la que ha respondido en cierta medida<strong> Albert Rivera<\/strong> desde &#8216;Espejo P\u00fablico&#8217; (Antena 3), ya que el colaborador ha dicho alto y claro el porqu\u00e9 el presidente del Gobierno no convoca elecciones.<\/p>\n<p class=\"voc-p\" style=\"\">\u00abHemos visto este fin de semana la entrada en prisi\u00f3n de \u00c1balos, es el primer diputado en activo que entra en la c\u00e1rcel, ha salido a protestar el Partido Popular, \u00bfqu\u00e9 siente usted ante este clan del Peugeot que, salvo <strong>Pedro S\u00e1nchez<\/strong>, ha pasado ya todo por la c\u00e1rcel?\u00bb, le preguntaba Susanna Griso, presentadora de &#8216;<a href=\"https:\/\/www.abc.es\/play\/television\/preguntan-marilo-montero-juzgar-pedro-sanchez-revelacion-20251128115158-nt.html\" target=\"_self\" data-voc-vtm-id=\"in-text-traffic\" title=\"Espejo P\u00fablico\" data-mrf-link=\"www.abc.es\" rel=\"nofollow noopener\">Espejo P\u00fablico<\/a>&#8216;, a <strong>Albert Rivera<\/strong> que era rotundo en su pronunciamiento.<\/p>\n<p class=\"voc-p\" style=\"\">\u00abYo he estado presidente de un partido y cuando t\u00fa tienes a tus dos secretarios de organizaci\u00f3n, a tus dos n\u00famero dos que han pasado por la c\u00e1rcel, tienes a tu mujer y a hermano en el banquillo, al fiscal general que tu nombras condenado en el Supremo y no sacas ni una ley ni un presupuesto, eso es KO t\u00e9cnico, porque eso no es un Gobierno y eso no es un sistema que funcione, es un sistema colapsado y colapsado por la corrupci\u00f3n y por la falta de mayor\u00eda parlamentaria\u00bb, afirmaba rotundo <strong>Albert Rivera<\/strong> ante las c\u00e1maras del <a href=\"https:\/\/www.abc.es\/play\/television\/noticias\/revelan-paso-telecinco-sonia-moldes-tras-polemicas-20251127095651-nt.html\" target=\"_self\" data-voc-vtm-id=\"in-text-traffic\" title=\"matinal\" data-mrf-link=\"www.abc.es\" rel=\"nofollow noopener\">matinal<\/a> de Antena 3 antes de lanzar la pregunta que muchos espa\u00f1oles se hacen sobre <strong>Pedro S\u00e1nchez<\/strong>.<\/p>\n<p>\n Rivera se\u00f1ala la \u00ab\u00fanica salvaci\u00f3n\u00bb de S\u00e1nchez\n<\/p>\n<p class=\"voc-p\" style=\"\">\u00abEntonces, \u00bfpara qu\u00e9 sigues?\u00bb, cuestionaba <strong>Albert Rivera<\/strong> que inmediatamente daba la contundente raz\u00f3n que llevaba al presidente del Gobierno a mantener el Gobierno. \u00abSigues para estar en el poder. \u00bfCu\u00e1l es la paradoja? Yo tengo la sensaci\u00f3n de que el presidente del Gobierno, hoy,<strong> su \u00fanica salvaci\u00f3n es seguir de presidente del Gobierno porque est\u00e1s aforado si te imputan<\/strong>, tienes un suplicatorio, tienes una pelea parlamentaria para que te juzgue el Supremo si acaba abriendo un tema judicial y tienes la Fiscal\u00eda como bien ha dejado claro el presidente, tienes el control de Radio Televisi\u00f3n Espa\u00f1ola, tienes el control de las subvenciones, tienes el control de la decisi\u00f3n en el BOE de a qui\u00e9n le subes los sueldos y a qui\u00e9n no, lo cual, yo creo que S\u00e1nchez sabe que en el poder puede intentar resistir\u00bb, aseguraba el colaborador de &#8216;<a href=\"https:\/\/www.abc.es\/play\/television\/noticias\/piden-mariano-rajoy-defina-pedro-sanchez-palabra-20251126110109-nt.html\" target=\"_self\" data-voc-vtm-id=\"in-text-traffic\" title=\"Espejo P\u00fablico\" data-mrf-link=\"www.abc.es\" rel=\"nofollow noopener\">Espejo P\u00fablico<\/a>&#8216; que para terminar aclaraba qu\u00e9 hab\u00eda detr\u00e1s de la &#8216;jugada&#8217; de <strong>Pedro S\u00e1nchez<\/strong> de no convocar elecciones.<\/p>\n<p class=\"voc-p\" style=\"\">\u00abSi S\u00e1nchez convocara elecciones, que adem\u00e1s las puede perder seg\u00fan todas las encuestas, es un ciudadano m\u00e1s\u00bb, zanjaba <strong>Albert Rivera<\/strong> en el matinal de Antena 3 sobre <strong>Pedro S\u00e1nchez<\/strong>.<\/p>\n","protected":false},"excerpt":{"rendered":"Tiempos complicados para Pedro S\u00e1nchez y su Gobierno. As\u00ed se lo hace saber cada d\u00eda, por ejemplo, Ana&hellip;\n","protected":false},"author":2,"featured_media":266818,"comment_status":"","ping_status":"","sticky":false,"template":"","format":"standard","meta":{"footnotes":""},"categories":[8],"tags":[30430,17,18,14208,51,4374,25,24,8733,13,14,11,19,20,5135,9,10,15,16,1822,18099,10787,199,23,12,21,22],"class_list":{"0":"post-266817","1":"post","2":"type-post","3":"status-publish","4":"format-standard","5":"has-post-thumbnail","7":"category-espana","8":"tag-albert","9":"tag-breaking-news","10":"tag-breakingnews","11":"tag-convoca","12":"tag-deja","13":"tag-elecciones","14":"tag-es","15":"tag-espana","16":"tag-evidencia","17":"tag-featured-news","18":"tag-featurednews","19":"tag-headlines","20":"tag-latest-news","21":"tag-latestnews","22":"tag-motivo","23":"tag-news","24":"tag-noticias","25":"tag-noticias-destacadas","26":"tag-noticiasdestacadas","27":"tag-pedro","28":"tag-revelar","29":"tag-rivera","30":"tag-sanchez","31":"tag-spain","32":"tag-titulares","33":"tag-ultimas-noticias","34":"tag-ultimasnoticias"},"share_on_mastodon":{"url":"https:\/\/pubeurope.com\/@es\/115648765927926327","error":""},"_links":{"self":[{"href":"https:\/\/www.europesays.com\/es\/wp-json\/wp\/v2\/posts\/266817","targetHints":{"allow":["GET"]}}],"collection":[{"href":"https:\/\/www.europesays.com\/es\/wp-json\/wp\/v2\/posts"}],"about":[{"href":"https:\/\/www.europesays.com\/es\/wp-json\/wp\/v2\/types\/post"}],"author":[{"embeddable":true,"href":"https:\/\/www.europesays.com\/es\/wp-json\/wp\/v2\/users\/2"}],"replies":[{"embeddable":true,"href":"https:\/\/www.europesays.com\/es\/wp-json\/wp\/v2\/comments?post=266817"}],"version-history":[{"count":0,"href":"https:\/\/www.europesays.com\/es\/wp-json\/wp\/v2\/posts\/266817\/revisions"}],"wp:featuredmedia":[{"embeddable":true,"href":"https:\/\/www.europesays.com\/es\/wp-json\/wp\/v2\/media\/266818"}],"wp:attachment":[{"href":"https:\/\/www.europesays.com\/es\/wp-json\/wp\/v2\/media?parent=266817"}],"wp:term":[{"taxonomy":"category","embeddable":true,"href":"https:\/\/www.europesays.com\/es\/wp-json\/wp\/v2\/categories?post=266817"},{"taxonomy":"post_tag","embeddable":true,"href":"https:\/\/www.europesays.com\/es\/wp-json\/wp\/v2\/tags?post=266817"}],"curies":[{"name":"wp","href":"https:\/\/api.w.org\/{rel}","templated":true}]}}