{"id":266822,"date":"2025-12-02T07:27:10","date_gmt":"2025-12-02T07:27:10","guid":{"rendered":"https:\/\/www.europesays.com\/es\/266822\/"},"modified":"2025-12-02T07:27:10","modified_gmt":"2025-12-02T07:27:10","slug":"tras-siete-mundiales-conseguir-una-medalla-de-oro-era-mi-sueno","status":"publish","type":"post","link":"https:\/\/www.europesays.com\/es\/266822\/","title":{"rendered":"\u00abTras siete Mundiales, conseguir una medalla de oro era mi sue\u00f1o\u00bb"},"content":{"rendered":"<p>Premio al sacrificio, a la constancia y a toda una vida sobre ruedas para la veterana ciclista de Ciutadella, <strong><a href=\"https:\/\/www.menorca.info\/etiqueta\/Ruth+Moll.html?utm_source=Inline-tag&amp;utm_medium=internal\" rel=\"nofollow noopener\" target=\"_blank\">Ruth Moll<\/a> (1974), quien anteayer se colg\u00f3, al fin, el preciado oro mundial en el Campeonato del Mundo W50<\/strong> celebrado en Varese. Un maillot arcoiris que vienen a confirmar que la ciutadellenca est\u00e1 de lleno en una segunda juventud deportiva. Todav\u00eda en tierras italianas y saboreando la insular las mieles del triunfo, reconoc\u00eda la ciclista a \u00abEs Diari\u00bb que el oro mundial, <strong>\u00abera un sue\u00f1o a nivel personal, despu\u00e9s de haber disputado ya siete Mundiales<\/strong> y con diferentes medallas y alguna bronquitis\u00bb, recordaba la insular, que el a\u00f1o pasado qued\u00f3 muy cerca del primer escal\u00f3n. \u00abEn 2024 no lo consegu\u00ed pese a quedarme muy cerca y esta vez s\u00ed, logrado y con facilidad y con un minuto de diferencia\u00bb, subrayaba, tras dejar por detr\u00e1s a una italiana campeona del mundo y a una alemana.<\/p>\n<p>Habl\u00f3 Moll de una carrera del Mundial,<strong> \u00abdura y larga pero en la que me sent\u00ed bien y la luch\u00e9,<\/strong> hasta que en las dos \u00faltimas vueltas lo fui saboreando. Hac\u00eda a\u00f1os que lo persegu\u00eda y ha sido un sue\u00f1o\u00bb, repet\u00eda, reconociendo que en la previa, \u00ablo ve\u00eda factible pero no era f\u00e1cil, con m\u00e1s nivel en carrera y jug\u00e1ndotelo todo a un d\u00eda, que por bien que est\u00e9s, una aver\u00eda o mala salida te condenan y sali\u00f3 todo bien\u00bb, se congratulaba la ciutadellenca, residente en Asturias.<\/p>\n<p>Era inevitable este domingo que Moll se acordara de su pasado profesional en la \u00e9lite de la BTT espa\u00f1ola, donde estuvo<strong> muy cerca de acudir a unos Juegos Ol\u00edmpicos y fue campeona de Espa\u00f1a absoluta en 2008<\/strong>, tras superar a Roc\u00edo Gamonal. Retirada profesionalmente aquel a\u00f1o tras llegar a ser preol\u00edmpica, admiti\u00f3 que \u00abjam\u00e1s habr\u00eda pensado que ahora estar\u00eda disfrutando de esta manera del ciclismo y es para m\u00ed como una segunda juventud deportiva. No a nivel profesional claro pero s\u00ed en dedicaci\u00f3n, porque entreno, me cuido, viajo&#8230; <strong>Este oro es el fruto de a\u00f1os de trabajo y no, no me lo esperab<\/strong>a\u00bb, exclamaba.<\/p>\n<p>Una Ruth Moll incansable f\u00edsica y mentalmente, ya con el Nacional 2026 en mente en Taranc\u00f3n y de l\u00edder de la Copa Espa\u00f1a. <strong>\u00ab\u00bfMi futuro? Ya se ver\u00e1, ahora disfrutar de este oro\u00bb<\/strong>, relat\u00f3, acord\u00e1ndose de Albert Torres. \u00abFeliz por \u00e9l, que es profesional y \u00e9lite y nada que ver con lo m\u00edo. Es curioso s\u00ed dos ciutadellencs oro mundial y quien ha sido ciclista sabe qu\u00e9 significa el arcoiris, no es un simple maillot. Lo llevas de por vida\u00bb.<\/p>\n<p>        El apunte        <\/p>\n<p>                        El Ayuntamiento de Oviedo felicita a la menorquina<\/p>\n","protected":false},"excerpt":{"rendered":"Premio al sacrificio, a la constancia y a toda una vida sobre ruedas para la veterana ciclista de&hellip;\n","protected":false},"author":2,"featured_media":266823,"comment_status":"","ping_status":"","sticky":false,"template":"","format":"standard","meta":{"footnotes":""},"categories":[273],"tags":[313,312,168,25,24,50839,23,167],"class_list":{"0":"post-266822","1":"post","2":"type-post","3":"status-publish","4":"format-standard","5":"has-post-thumbnail","7":"category-ciclismo","8":"tag-ciclismo","9":"tag-cycling","10":"tag-deportes","11":"tag-es","12":"tag-espana","13":"tag-ruth-moll","14":"tag-spain","15":"tag-sports"},"share_on_mastodon":{"url":"https:\/\/pubeurope.com\/@es\/115648793348075195","error":""},"_links":{"self":[{"href":"https:\/\/www.europesays.com\/es\/wp-json\/wp\/v2\/posts\/266822","targetHints":{"allow":["GET"]}}],"collection":[{"href":"https:\/\/www.europesays.com\/es\/wp-json\/wp\/v2\/posts"}],"about":[{"href":"https:\/\/www.europesays.com\/es\/wp-json\/wp\/v2\/types\/post"}],"author":[{"embeddable":true,"href":"https:\/\/www.europesays.com\/es\/wp-json\/wp\/v2\/users\/2"}],"replies":[{"embeddable":true,"href":"https:\/\/www.europesays.com\/es\/wp-json\/wp\/v2\/comments?post=266822"}],"version-history":[{"count":0,"href":"https:\/\/www.europesays.com\/es\/wp-json\/wp\/v2\/posts\/266822\/revisions"}],"wp:featuredmedia":[{"embeddable":true,"href":"https:\/\/www.europesays.com\/es\/wp-json\/wp\/v2\/media\/266823"}],"wp:attachment":[{"href":"https:\/\/www.europesays.com\/es\/wp-json\/wp\/v2\/media?parent=266822"}],"wp:term":[{"taxonomy":"category","embeddable":true,"href":"https:\/\/www.europesays.com\/es\/wp-json\/wp\/v2\/categories?post=266822"},{"taxonomy":"post_tag","embeddable":true,"href":"https:\/\/www.europesays.com\/es\/wp-json\/wp\/v2\/tags?post=266822"}],"curies":[{"name":"wp","href":"https:\/\/api.w.org\/{rel}","templated":true}]}}