{"id":266826,"date":"2025-12-02T07:30:24","date_gmt":"2025-12-02T07:30:24","guid":{"rendered":"https:\/\/www.europesays.com\/es\/266826\/"},"modified":"2025-12-02T07:30:24","modified_gmt":"2025-12-02T07:30:24","slug":"asi-fue-el-calenton-de-kylian-mbappe-con-el-cuarto-arbitro-mirame-cuando-te-hablo","status":"publish","type":"post","link":"https:\/\/www.europesays.com\/es\/266826\/","title":{"rendered":"As\u00ed fue el calent\u00f3n de Kylian Mbapp\u00e9 con el cuarto \u00e1rbitro: \u00ab\u00a1M\u00edrame cuando te hablo!\u00bb"},"content":{"rendered":"<p>                        El delantero franc\u00e9s del Real Madrid protagoniz\u00f3 un desencuentro con Alejandro Clemente\n<\/p>\n<p><img src=\"https:\/\/www.mundodeportivo.com\/files\/image_449_220\/files\/fp\/uploads\/2025\/12\/01\/692dfcec5de6f.r_d.307-203-7313.jpeg\" data-full-src=\"https:\/\/www.europesays.com\/es\/wp-content\/uploads\/2025\/12\/692dfcec5de6f.jpeg\" alt=\"Kylian Mbapp\u00e9 protagoniz\u00f3 un desencuentro con Alejandro Clemente, cuarto \u00e1rbitro del duelo entre el Girona y el Real Madrid\" width=\"449\" height=\"220\" class=\"nolazy\" decoding=\"async\" fetchpriority=\"high\"\/><\/p>\n<p class=\"caption-title \">Kylian Mbapp\u00e9 protagoniz\u00f3 un desencuentro con Alejandro Clemente, cuarto \u00e1rbitro del duelo entre el Girona y el Real Madrid<\/p>\n<p>.<\/p>\n<p>\n                        Actualizado a  01\/12\/2025 21:47 CET\n                    <\/p>\n<p data-gtm-element-container=\"modulo-texto-link\" class=\"paragraph\">Los jugadores del <strong>Real Madrid<\/strong> no se marcharon nada contentos de Montilivi el pasado domingo tras empatar ante el <strong>Girona <\/strong>(1-1) y prolongar por ende su mala racha que ha hecho que hayan cedido el liderato en beneficio del <strong>Barcelona<\/strong>. No fue una excepci\u00f3n un <strong>Kylian Mbapp\u00e9 <\/strong>que marc\u00f3 de penalti pero no pudo darle a los suyos el triunfo.<\/p>\n<p data-gtm-element-container=\"modulo-texto-link\" class=\"paragraph\">De hecho, el atacante franc\u00e9s protagoniz\u00f3 un fuerte desencuentro con el cuarto \u00e1rbitro del encuentro y las c\u00e1maras de Movistar F\u00fatbol estuvieron atentas para captarlo desde cerca. Concretamente, <strong>Mbapp\u00e9 <\/strong>se acerc\u00f3 para protestar una jugada y ante la actitud de <strong>Alejandro Clemente<\/strong>, el trencilla en cuesti\u00f3n, sufri\u00f3 un calent\u00f3n que le llev\u00f3 a decirle repetidamente \u00ab\u00a1m\u00edrame cuando te hablo!\u00bb.\u00a0<\/p>\n<blockquote class=\"twitter-tweet\" data-lang=\"es\"><p>\n<a href=\"https:\/\/twitter.com\/MovistarFutbol\/status\/1995587276752257175\" rel=\"nofollow noopener\" target=\"_blank\">\n<\/p><\/blockquote>\n<p>    Lee tambi\u00e9n<\/p>\n<p data-gtm-element-container=\"modulo-texto-link\" class=\"paragraph\">El citado <strong>Alejandro Clemente<\/strong>, en su intento de calmar a <strong>Mbapp\u00e9 <\/strong>finalmente s\u00ed le miro y le dijo: \u00abesc\u00fachame\u00bb, pero para entonces el franc\u00e9s ya no atend\u00eda a razones. \u00ab\u00bfPor qu\u00e9 miras ah\u00ed? \u00a1M\u00edrame cuando te hablo!\u00bb, volvi\u00f3 a decirle.\u00a0<\/p>\n<p>\n        Mostrar comentarios\n    <\/p>\n<p>{\u00aballowComment\u00bb:\u00bballowed\u00bb,\u00bbarticleId\u00bb:\u00bbarticle-1002579454&#8243;,\u00bburl\u00bb:\u00bbhttps:\\\/\\\/www.mundodeportivo.com\\\/futbol\\\/real-madrid\\\/20251201\\\/1002579454\\\/asi-calenton-kylian-mbappe-cuarto-arbitro-mirame-te-hablo.html\u00bb,\u00bblivefyre-url\u00bb:\u00bbarticle-1002579454&#8243;}<\/p>\n<p>Cargando siguiente contenido&#8230;\n                <\/p>\n<p>    <script async src=\"https:\/\/platform.twitter.com\/widgets.js\" charset=\"utf-8\"><\/script><\/p>\n","protected":false},"excerpt":{"rendered":"El delantero franc\u00e9s del Real Madrid protagoniz\u00f3 un desencuentro con Alejandro Clemente Kylian Mbapp\u00e9 protagoniz\u00f3 un desencuentro con&hellip;\n","protected":false},"author":2,"featured_media":266827,"comment_status":"","ping_status":"","sticky":false,"template":"","format":"standard","meta":{"footnotes":""},"categories":[268],"tags":[168,25,24,280,282,281,23,167],"class_list":{"0":"post-266826","1":"post","2":"type-post","3":"status-publish","4":"format-standard","5":"has-post-thumbnail","7":"category-futbol","8":"tag-deportes","9":"tag-es","10":"tag-espana","11":"tag-football","12":"tag-futbol","13":"tag-soccer","14":"tag-spain","15":"tag-sports"},"share_on_mastodon":{"url":"https:\/\/pubeurope.com\/@es\/115648805257827417","error":""},"_links":{"self":[{"href":"https:\/\/www.europesays.com\/es\/wp-json\/wp\/v2\/posts\/266826","targetHints":{"allow":["GET"]}}],"collection":[{"href":"https:\/\/www.europesays.com\/es\/wp-json\/wp\/v2\/posts"}],"about":[{"href":"https:\/\/www.europesays.com\/es\/wp-json\/wp\/v2\/types\/post"}],"author":[{"embeddable":true,"href":"https:\/\/www.europesays.com\/es\/wp-json\/wp\/v2\/users\/2"}],"replies":[{"embeddable":true,"href":"https:\/\/www.europesays.com\/es\/wp-json\/wp\/v2\/comments?post=266826"}],"version-history":[{"count":0,"href":"https:\/\/www.europesays.com\/es\/wp-json\/wp\/v2\/posts\/266826\/revisions"}],"wp:featuredmedia":[{"embeddable":true,"href":"https:\/\/www.europesays.com\/es\/wp-json\/wp\/v2\/media\/266827"}],"wp:attachment":[{"href":"https:\/\/www.europesays.com\/es\/wp-json\/wp\/v2\/media?parent=266826"}],"wp:term":[{"taxonomy":"category","embeddable":true,"href":"https:\/\/www.europesays.com\/es\/wp-json\/wp\/v2\/categories?post=266826"},{"taxonomy":"post_tag","embeddable":true,"href":"https:\/\/www.europesays.com\/es\/wp-json\/wp\/v2\/tags?post=266826"}],"curies":[{"name":"wp","href":"https:\/\/api.w.org\/{rel}","templated":true}]}}