{"id":266833,"date":"2025-12-02T07:37:11","date_gmt":"2025-12-02T07:37:11","guid":{"rendered":"https:\/\/www.europesays.com\/es\/266833\/"},"modified":"2025-12-02T07:37:11","modified_gmt":"2025-12-02T07:37:11","slug":"doomsday-no-tirara-tanto-de-croma-y-dara-mas-uso-a-los-decorados-fisicos-asegura-su-disenador","status":"publish","type":"post","link":"https:\/\/www.europesays.com\/es\/266833\/","title":{"rendered":"Doomsday no tirar\u00e1 tanto de croma y dar\u00e1 m\u00e1s uso a los decorados f\u00edsicos, asegura su dise\u00f1ador"},"content":{"rendered":"<p class=\"c-paragraph\">El pr\u00f3ximo a\u00f1o llega a los cines\u00a0<a href=\"https:\/\/www.hobbyconsolas.com\/noticias\/avengers-doomsday-anuncia-elenco-estara-ambiciosa-pelicula-marvel-regresos-impactantes-1451076\" title=\"Avengers: Doomsday anuncia el elenco que estar\u00e1 en la ambiciosa pel\u00edcula Marvel, con regresos impactantes\" rel=\"nofollow noopener\" target=\"_blank\">Avengers: Doomsday<\/a>,\u00a0una de las <b>pel\u00edculas<\/b> m\u00e1s esperadas en el Universo Cinematogr\u00e1fico\u00a0<a href=\"https:\/\/www.hobbyconsolas.com\/reportajes\/universo-cinematografico-marvel-origen-fases-futuro-orden-ver-series-peliculas-ucm-2025-1208290\" title=\"Universo Cinematogr\u00e1fico de Marvel: origen, fases, futuro y orden para ver las series y pel\u00edculas del UCM en 2025\" rel=\"nofollow noopener\" target=\"_blank\">Marvel<\/a>\u00a0al ser la primera de las dos nuevas entregas de Los Vengadores que preparan los <b>hermanos Russo<\/b>.<\/p>\n<p class=\"c-paragraph\">No solo tendremos la vuelta de <b>Robert Downey Jr.<\/b> (esta vez como el villano Doctor Doom), sino que tambi\u00e9n contaremos con el regreso de buena parte del elenco de las primeras pel\u00edculas de X-Men, entre ellos Patrick Stewart e Ian McKellen.<b\/><\/p>\n<p class=\"c-paragraph\">Por el momento los detalles de la trama de la cinta se mantienen en el m\u00e1s absoluto de los secretos (y <a href=\"https:\/\/www.hobbyconsolas.com\/reviews\/critica-4-fantasticos-primeros-pasos-aventura-retrofuturista-muy-bien-ambientada-1474273\" title=\"Cr\u00edtica de Los 4 Fant\u00e1sticos: Primeros pasos, una aventura retrofuturista muy bien ambientada\" rel=\"nofollow noopener\" target=\"_blank\">Los 4 Fant\u00e1sticos: Primeros pasos<\/a> apenas ha dado pistas al respecto), por lo que toca ser pacientes hasta que desvelen informaci\u00f3n oficial.<\/p>\n<p>Avengers: Doomsday mostrar\u00e1 muchos m\u00e1s escenarios f\u00edsicos<\/p>\n<p class=\"c-paragraph\">Mientras tanto, el equipo detr\u00e1s de Avengers: Doomsday van desvelando algunos detalles sobre el desarrollo de la esperada pel\u00edcula de Marvel Studios.<\/p>\n<p class=\"c-paragraph\">Hablando en <a href=\"https:\/\/www.youtube.com\/watch?v=ZsC6WCUj8sg\" rel=\"nofollow noreferrer noopener\" title=\"Young Indy Chroniclers\" target=\"_blank\">Young Indy Chroniclers<\/a>, Gavin Bocquet, dise\u00f1ador de producci\u00f3n de la pel\u00edcula, asegura que lo nuevo de los <a href=\"https:\/\/www.hobbyconsolas.com\/listas\/cine-despues-verano-grandes-estrenos-septiembre-finales-ano-mortal-kombat-2-wicked-2-avatar-3-mucho-1479770\" title=\"Cine para despu\u00e9s del verano: grandes estrenos desde septiembre a finales de a\u00f1o: Mortal Kombat 2, Wicked 2, Avatar 3 y mucho m\u00e1s\" rel=\"nofollow noopener\" target=\"_blank\">hermanos Russo<\/a> <b>no tirar\u00e1 tanto del croma a la hora de recrear los escenarios<\/b>, recurriendo m\u00e1s a decorados f\u00edsicos para dar un toque m\u00e1s realista en pantalla.<\/p>\n<p class=\"c-paragraph\">Por supuesto, no se va a dejar de lado el CGI y los efectos especiales (pues era una premisa que el estudio ten\u00eda ideada desde el principio), pero gran parte de la cinta estar\u00e1 ocupada por escenarios f\u00edsicos, modificando ligeramente los planes iniciales.<\/p>\n<p class=\"c-paragraph\">\u00abLa situaci\u00f3n predeterminada era\u2026 pantalla azul\u2026 [pero] <b>creo que [usamos] el 80% de los decorados interiores con fondos<\/b>\u00ab, comparte Bocquet.<\/p>\n<p class=\"c-paragraph\"><b>Avengers: Doomsday llegar\u00e1 a la salas de cine el 18 de diciembre de 2026<\/b>. \u00bfTienes ganas de ver a <a href=\"https:\/\/www.hobbyconsolas.com\/hobbycine\/actores-que-rechazaron-participar-star-wars-no-viajaron-una-galaxia-muy-muy-lejana_6881736_0.html\" title=\"Actores que rechazaron participar en Star Wars y no viajaron a una galaxia muy, muy lejana\" rel=\"nofollow noopener\" target=\"_blank\">Robert Downey Jr.<\/a> como el Doctor Doom en la nueva <a href=\"https:\/\/www.hobbyconsolas.com\/reportajes\/peliculas-historias-cruzadas-me-encantan-son-obras-maestras-narrativas-interpretativas-1472234\" title=\"Pel\u00edculas de historias cruzadas que me encantan y son obras maestras narrativas e interpretativas\" rel=\"nofollow noopener\" target=\"_blank\">pel\u00edcula<\/a> de <b>Marvel<\/b>?<\/p>\n","protected":false},"excerpt":{"rendered":"El pr\u00f3ximo a\u00f1o llega a los cines\u00a0Avengers: Doomsday,\u00a0una de las pel\u00edculas m\u00e1s esperadas en el Universo Cinematogr\u00e1fico\u00a0Marvel\u00a0al ser&hellip;\n","protected":false},"author":2,"featured_media":266834,"comment_status":"","ping_status":"","sticky":false,"template":"","format":"standard","meta":{"footnotes":""},"categories":[169],"tags":[48622,177,23553,146,147,25,24,176,175,689,23,3581,65968],"class_list":{"0":"post-266833","1":"post","2":"type-post","3":"status-publish","4":"format-standard","5":"has-post-thumbnail","7":"category-cine","8":"tag-avengers","9":"tag-cine","10":"tag-doomsday","11":"tag-entertainment","12":"tag-entretenimiento","13":"tag-es","14":"tag-espana","15":"tag-film","16":"tag-movies","17":"tag-no","18":"tag-spain","19":"tag-tanto","20":"tag-tirara"},"share_on_mastodon":{"url":"https:\/\/pubeurope.com\/@es\/115648832750317293","error":""},"_links":{"self":[{"href":"https:\/\/www.europesays.com\/es\/wp-json\/wp\/v2\/posts\/266833","targetHints":{"allow":["GET"]}}],"collection":[{"href":"https:\/\/www.europesays.com\/es\/wp-json\/wp\/v2\/posts"}],"about":[{"href":"https:\/\/www.europesays.com\/es\/wp-json\/wp\/v2\/types\/post"}],"author":[{"embeddable":true,"href":"https:\/\/www.europesays.com\/es\/wp-json\/wp\/v2\/users\/2"}],"replies":[{"embeddable":true,"href":"https:\/\/www.europesays.com\/es\/wp-json\/wp\/v2\/comments?post=266833"}],"version-history":[{"count":0,"href":"https:\/\/www.europesays.com\/es\/wp-json\/wp\/v2\/posts\/266833\/revisions"}],"wp:featuredmedia":[{"embeddable":true,"href":"https:\/\/www.europesays.com\/es\/wp-json\/wp\/v2\/media\/266834"}],"wp:attachment":[{"href":"https:\/\/www.europesays.com\/es\/wp-json\/wp\/v2\/media?parent=266833"}],"wp:term":[{"taxonomy":"category","embeddable":true,"href":"https:\/\/www.europesays.com\/es\/wp-json\/wp\/v2\/categories?post=266833"},{"taxonomy":"post_tag","embeddable":true,"href":"https:\/\/www.europesays.com\/es\/wp-json\/wp\/v2\/tags?post=266833"}],"curies":[{"name":"wp","href":"https:\/\/api.w.org\/{rel}","templated":true}]}}