{"id":266837,"date":"2025-12-02T07:39:10","date_gmt":"2025-12-02T07:39:10","guid":{"rendered":"https:\/\/www.europesays.com\/es\/266837\/"},"modified":"2025-12-02T07:39:10","modified_gmt":"2025-12-02T07:39:10","slug":"las-nuevas-victimas-del-vih-en-salamanca-extranjeros-que-no-tienen-tarjeta-sanitaria","status":"publish","type":"post","link":"https:\/\/www.europesays.com\/es\/266837\/","title":{"rendered":"Las nuevas &#8216;v\u00edctimas&#8217; del VIH en Salamanca: extranjeros que no tienen tarjeta sanitaria"},"content":{"rendered":"<p><a class=\"v-mdl-ath__fig-a\" href=\"https:\/\/www.lagacetadesalamanca.es\/autor\/javier-hernandez-5987.html\" title=\"Javier Hern\u00e1ndez\" rel=\"nofollow noopener\" target=\"_blank\"><br \/>\n<img decoding=\"async\" class=\"v-mdl-ath__img\" src=\"https:\/\/www.europesays.com\/es\/wp-content\/uploads\/2025\/08\/autor-5987-foto-1.png\" alt=\"Javier Hern\u00e1ndez\"\/><br \/>\n<\/a><\/p>\n<p class=\"v-mdl-ath__p v-mdl-ath__p--6\">\nLunes, 1 de diciembre 2025, 19:36<\/p>\n<p class=\"v-p\">El <strong>Comit\u00e9 Antisida de Salamanca<\/strong> asegura que la solicitud de ayuda que m\u00e1s est\u00e1 recibiendo en los \u00faltimos a\u00f1os procede de <strong>\u00abpersonas que se han infectado y no tienen tarjeta sanitaria\u00bb. <\/strong><\/p>\n<p class=\"v-p\">Fuensanta Barbero, presidenta del Comit\u00e9, habla de \u00abmigrantes que no tienen tarjeta sanitaria\u00bb, o de \u00ab<strong>estudiantes extranjeros, que cuentan con un seguro m\u00e9dico privado desde su pa\u00eds, pero eso no les va a cubrir el tratamiento de esta enfermedad<\/strong> ni tampoco se pueden enviar f\u00e1rmacos por correo\u00bb. <\/p>\n<p class=\"v-p\">Barbero asegura que el tratamiento del VIH \u2014cubierto por la Seguridad Social espa\u00f1ola\u2014 <strong>puede oscilar entre 500 y 600 euros al mes<\/strong>. \u00abLa marca m\u00e1s barata puede alcanzar los 600 euros al mes, para el que tenga la suerte de que solo sea una pastilla al d\u00eda, porque hay gente que necesita m\u00e1s de una\u00bb. <\/p>\n<p class=\"v-p\">El Comit\u00e9 Antisida de Salamanca instal\u00f3 una carpa informativa en la plaza del Liceo con motivo del &#8216;D\u00eda Mundial de respuesta al VIH-Sida&#8217; para repetir el mensaje de que \u00abindetectable es igual que intransmisible\u00bb y hacer campa\u00f1a en defensa de una enfermedad que \u00abtodav\u00eda hoy est\u00e1 muy estigmatizada\u00bb. <\/p>\n<p class=\"v-p\">El miembro de la junta directiva, Carlos Rodrigo, apunt\u00f3 que \u00abla actual situaci\u00f3n no tiene absolutamente nada que ver con la del siglo pasado\u00bb. \u00ab<strong>Hasta el a\u00f1o 1995, la historia del Comit\u00e9 Antisida de Salamanca es una historia de muertos<\/strong>. No hab\u00eda semana que no tuvi\u00e9ramos funerales. Hab\u00eda tantos funerales que hasta ten\u00edamos que hacer turnos para acudir\u00bb, recuerda. <\/p>\n<p class=\"v-p\">El panorama actual es el de una enfermedad que, gracias a los medicamentos, permite llevar una vida normal, lo que tambi\u00e9n ha desembocado en \u00abuna p\u00e9rdida de la sensaci\u00f3n de riesgo\u00bb. Carlos Rodrigo explica que \u00ab<strong>los \u00faltimos datos de casos nuevos confirman que en las personas heterosexuales hay un importante retraso en el diagn\u00f3stico porque tienen menos percepci\u00f3n de riesgo<\/strong>. Los hombres que tienen sexo con hombres son m\u00e1s conscientes del riesgo y suelen someterse a controles con cierta periodicidad, pero aquellos que tienen relaciones heterosexuales pueden estar infectados sin saberlo. Esta es una enfermedad que no da s\u00edntomas hasta que avanza a una fase SIDA\u00bb.<\/p>\n<p class=\"v-p\">El aumento de las infecciones de transmisi\u00f3n sexual y la persistencia del VIH mantienen la necesidad de reforzar la informaci\u00f3n y el diagn\u00f3stico precoz. En Salamanca, <strong>Cruz Roja<\/strong> desarrolla estos d\u00edas acciones de sensibilizaci\u00f3n bajo el lema \u00abPalabras que acompa\u00f1an\u00bb. <strong>La organizaci\u00f3n atiende cada a\u00f1o en la provincia a unas cuarenta personas con VIH, a trav\u00e9s del proyecto<\/strong> \u00abAtenci\u00f3n integral a personas en situaci\u00f3n de vulnerabilidad y sus familias\u00bb. El programa incluye acompa\u00f1amientos en tr\u00e1mites sanitarios, apoyo psicol\u00f3gico y social, visitas domiciliarias, prevenci\u00f3n de conductas de riesgo y refuerzo de la adherencia terap\u00e9utica. Est\u00e1 financiado por la Consejer\u00eda de Familia e Igualdad de Oportunidades y por los fondos del 0,7 por ciento del IRPF y del Impuesto de Sociedades.<\/p>\n<p class=\"v-p\">Los datos publicados por la Consejer\u00eda de Sanidad respecto al pasado a\u00f1o hablan de <strong>un total de nueve diagn\u00f3sticos de VIH en la provincia de Salamanca<\/strong>. Supone un incremento respecto a los a\u00f1os anteriores que se atribuye a esa p\u00e9rdida de la sensaci\u00f3n de riesgo que hay entre la poblaci\u00f3n, que ha dejado de tomar medidas de precauci\u00f3n como el preservativo.<strong> \u00abEs cierto que la edad media de los nuevos diagn\u00f3sticos est\u00e1 entre los 30 y 40 a\u00f1os, pero el pasado a\u00f1o tuvimos un caso de solo 21 a\u00f1os, y otro que ya ten\u00eda 62 a\u00f1os\u00bb. <\/strong><\/p>\n<p class=\"v-p\">Carlos Rodrigo, directivo del Comit\u00e9 Antisida, indica que \u00abla primera reacci\u00f3n cuando se informa a alguien de que ha contra\u00eddo el VIH es quedara en shock y luego nos preguntan que si se van a morir\u00bb. La respuesta suele ser tranquilizadora: \u00abHemos pasado de que un diagn\u00f3stico de VIH fuera una sentencia de muerte a que ahora tengas la misma cantidad y calidad de vida de una persona que no tenga el virus\u00bb, concluyen.<\/p>\n<p>Reporta un error<\/p>\n","protected":false},"excerpt":{"rendered":"Lunes, 1 de diciembre 2025, 19:36 El Comit\u00e9 Antisida de Salamanca asegura que la solicitud de ayuda que&hellip;\n","protected":false},"author":2,"featured_media":266838,"comment_status":"","ping_status":"","sticky":false,"template":"","format":"standard","meta":{"footnotes":""},"categories":[92],"tags":[25,24,3071,165,2860,3614,166,34423,23,4982,431,6877],"class_list":{"0":"post-266837","1":"post","2":"type-post","3":"status-publish","4":"format-standard","5":"has-post-thumbnail","7":"category-salud","8":"tag-es","9":"tag-espana","10":"tag-extranjeros","11":"tag-health","12":"tag-nuevas","13":"tag-salamanca","14":"tag-salud","15":"tag-sanitaria","16":"tag-spain","17":"tag-tarjeta","18":"tag-victimas","19":"tag-vih"},"share_on_mastodon":{"url":"https:\/\/pubeurope.com\/@es\/115648840865820763","error":""},"_links":{"self":[{"href":"https:\/\/www.europesays.com\/es\/wp-json\/wp\/v2\/posts\/266837","targetHints":{"allow":["GET"]}}],"collection":[{"href":"https:\/\/www.europesays.com\/es\/wp-json\/wp\/v2\/posts"}],"about":[{"href":"https:\/\/www.europesays.com\/es\/wp-json\/wp\/v2\/types\/post"}],"author":[{"embeddable":true,"href":"https:\/\/www.europesays.com\/es\/wp-json\/wp\/v2\/users\/2"}],"replies":[{"embeddable":true,"href":"https:\/\/www.europesays.com\/es\/wp-json\/wp\/v2\/comments?post=266837"}],"version-history":[{"count":0,"href":"https:\/\/www.europesays.com\/es\/wp-json\/wp\/v2\/posts\/266837\/revisions"}],"wp:featuredmedia":[{"embeddable":true,"href":"https:\/\/www.europesays.com\/es\/wp-json\/wp\/v2\/media\/266838"}],"wp:attachment":[{"href":"https:\/\/www.europesays.com\/es\/wp-json\/wp\/v2\/media?parent=266837"}],"wp:term":[{"taxonomy":"category","embeddable":true,"href":"https:\/\/www.europesays.com\/es\/wp-json\/wp\/v2\/categories?post=266837"},{"taxonomy":"post_tag","embeddable":true,"href":"https:\/\/www.europesays.com\/es\/wp-json\/wp\/v2\/tags?post=266837"}],"curies":[{"name":"wp","href":"https:\/\/api.w.org\/{rel}","templated":true}]}}