{"id":266842,"date":"2025-12-02T07:43:07","date_gmt":"2025-12-02T07:43:07","guid":{"rendered":"https:\/\/www.europesays.com\/es\/266842\/"},"modified":"2025-12-02T07:43:07","modified_gmt":"2025-12-02T07:43:07","slug":"maduro-pidio-la-amnistia-a-trump-a-cambio-de-su-salida-de-venezuela-durante-su-llamada","status":"publish","type":"post","link":"https:\/\/www.europesays.com\/es\/266842\/","title":{"rendered":"Maduro pidi\u00f3 la amnist\u00eda a Trump a cambio de su salida de Venezuela durante su llamada"},"content":{"rendered":"<p class=\"L6-news-detail__text\">Conocemos los primeros detalles acerca de la llamada que mantuvieron <b>Donald Trump y Nicol\u00e1s Maduro<\/b>, que <b><a title=\"fue confirmada\" href=\"https:\/\/www.lasexta.com\/noticias\/internacional\/trump-confirma-que-hablado-maduro-pero-rechaza-dar-detalles-llamada_20251201692d2fcb55584d48fb64b882.html\" target=\"_blank\" rel=\"nofollow noopener\">fue confirmada<\/a><\/b> este lunes por el propio presidente de Estados Unidos. Seg\u00fan informa la agencia Reuters, la conversaci\u00f3n tuvo lugar el <b>21 de noviembre<\/b> y en ella, Maduro se mostr\u00f3 dispuesto a abandonar Venezuela con <b>tres condiciones<\/b> que Trump no rechaz\u00f3.<\/p>\n<p class=\"L6-news-detail__text\">Lo primero que pidi\u00f3 Maduro fue que tanto \u00e9l como sus familiares recibieran <b>una amnist\u00eda legal completa<\/b>, incluyendo el levantamiento de todas las sanciones estadounidenses y el fin del caso al que se enfrenta ante la Corte Penal Internacional. Tambi\u00e9n solicit\u00f3 el <b>levantamiento de las sanciones para m\u00e1s de 100 funcionarios<\/b> del gobierno venezolano, muchos de ellos acusados \u200b\u200bpor Estados Unidos de abusos contra los derechos humanos, narcotr\u00e1fico o corrupci\u00f3n.<\/p>\n<p class=\"L6-news-detail__text\">Por \u00faltimo, Maduro solicit\u00f3 que su vicepresidenta <b>Delcy Rodr\u00edguez dirigiese un gobierno interino<\/b> antes de las nuevas elecciones. En los menos de 15 minutos que dur\u00f3 la llamada, Trump rechaz\u00f3 las peticiones de Maduro y le dijo que <b>ten\u00eda una semana para salir de Venezuela<\/b> hacia el destino que eligiera junto con su familia.<\/p>\n<p class=\"L6-news-detail__text\">Ese ultim\u00e1tum de Trump concluy\u00f3 el pasado viernes, d\u00eda en el que la Administraci\u00f3n estadounidense decidi\u00f3 cerrar el espacio a\u00e9reo venezolano. La llamada se produjo tras meses de crecientes presiones de Estados Unidos, con <b>ataques contra presuntos barcos de narcotr\u00e1fico en el Caribe<\/b>, reiteradas amenazas de Trump de extender las operaciones militares a tierra y la designaci\u00f3n del C\u00e1rtel de los Soles como organizaci\u00f3n terrorista extranjera, un grupo que, seg\u00fan la administraci\u00f3n Trump, lidera Maduro.<\/p>\n<p class=\"L6-news-detail__text\">El Gobierno de Trump <b>no reconoce a Maduro como presidente leg\u00edtimo de Venezuela<\/b>, quien fue reelegido el a\u00f1o pasado en unas elecciones nacionales que Estados Unidos y otros gobiernos occidentales rechazaron y que, seg\u00fan observadores independientes, la oposici\u00f3n gan\u00f3 por una abrumadora mayor\u00eda.<\/p>\n<p class=\"L6-news-detail__text\">Estados Unidos ha aumentado <b>a 50 millones de d\u00f3lares<\/b> la recompensa por informaci\u00f3n que conduzca al arresto de Maduro y ofrece 25 millones de d\u00f3lares para otros altos funcionarios del gobierno, incluido el ministro del Interior, Diosdado Cabello, quien ha sido acusado en Estados Unidos por presunto narcotr\u00e1fico, entre otros delitos.<\/p>\n<p class=\"L6-news-detail__text\"><b><a title=\"*Sigue a laSexta en Google. Toda la actualidad y el mejor contenido aqu\u00ed.\" href=\"https:\/\/profile.google.com\/cp\/CgkvbS8wZG5xejA\" target=\"_blank\" rel=\"nofollow noopener\">*Sigue a laSexta en Google. Toda la actualidad y el mejor contenido aqu\u00ed.<\/a><\/b><\/p>\n<p class=\"L6-support-news-video__title\">El futuro de Maz\u00f3n<\/p>\n<p>            <a href=\"https:\/\/www.lasexta.com\/noticias\/nacional\/perez-llorca-regala-cargo-carlos-mazon-sera-portavoz-comision-cobrara-extra-casi-9000-euros_20251201692d97679261f37ec737ea84.html\" class=\"L6-news__link\" rel=\"nofollow noopener\" target=\"_blank\"><br \/>\n                P\u00e9rez Llorca regala un cargo a Carlos Maz\u00f3n: ser\u00e1 portavoz de una comisi\u00f3n y cobrar\u00e1 un extra de casi 9.000 euros al a\u00f1o<\/p>\n<p class=\"recirculation-video-desc\">Los detalles Jos\u00e9 Mu\u00f1oz, portavoz del PSPV en Les Corts, denuncia que el PPCV ha designado al expresident como nuevo portavoz de la Comisi\u00f3n de Reglamento, un cargo que conlleva un plus salarial de 634 euros al mes.<\/p>\n<p>            <\/a><\/p>\n","protected":false},"excerpt":{"rendered":"Conocemos los primeros detalles acerca de la llamada que mantuvieron Donald Trump y Nicol\u00e1s Maduro, que fue confirmada&hellip;\n","protected":false},"author":2,"featured_media":83147,"comment_status":"","ping_status":"","sticky":false,"template":"","format":"standard","meta":{"footnotes":""},"categories":[42],"tags":[17,18,13,14,11,61,62,63,64,19,20,9,10,15,16,12,21,22,65,66,67],"class_list":{"0":"post-266842","1":"post","2":"type-post","3":"status-publish","4":"format-standard","5":"has-post-thumbnail","7":"category-internacional","8":"tag-breaking-news","9":"tag-breakingnews","10":"tag-featured-news","11":"tag-featurednews","12":"tag-headlines","13":"tag-internacional","14":"tag-international","15":"tag-international-news","16":"tag-internationalnews","17":"tag-latest-news","18":"tag-latestnews","19":"tag-news","20":"tag-noticias","21":"tag-noticias-destacadas","22":"tag-noticiasdestacadas","23":"tag-titulares","24":"tag-ultimas-noticias","25":"tag-ultimasnoticias","26":"tag-world","27":"tag-world-news","28":"tag-worldnews"},"share_on_mastodon":{"url":"https:\/\/pubeurope.com\/@es\/115648856433536036","error":""},"_links":{"self":[{"href":"https:\/\/www.europesays.com\/es\/wp-json\/wp\/v2\/posts\/266842","targetHints":{"allow":["GET"]}}],"collection":[{"href":"https:\/\/www.europesays.com\/es\/wp-json\/wp\/v2\/posts"}],"about":[{"href":"https:\/\/www.europesays.com\/es\/wp-json\/wp\/v2\/types\/post"}],"author":[{"embeddable":true,"href":"https:\/\/www.europesays.com\/es\/wp-json\/wp\/v2\/users\/2"}],"replies":[{"embeddable":true,"href":"https:\/\/www.europesays.com\/es\/wp-json\/wp\/v2\/comments?post=266842"}],"version-history":[{"count":0,"href":"https:\/\/www.europesays.com\/es\/wp-json\/wp\/v2\/posts\/266842\/revisions"}],"wp:featuredmedia":[{"embeddable":true,"href":"https:\/\/www.europesays.com\/es\/wp-json\/wp\/v2\/media\/83147"}],"wp:attachment":[{"href":"https:\/\/www.europesays.com\/es\/wp-json\/wp\/v2\/media?parent=266842"}],"wp:term":[{"taxonomy":"category","embeddable":true,"href":"https:\/\/www.europesays.com\/es\/wp-json\/wp\/v2\/categories?post=266842"},{"taxonomy":"post_tag","embeddable":true,"href":"https:\/\/www.europesays.com\/es\/wp-json\/wp\/v2\/tags?post=266842"}],"curies":[{"name":"wp","href":"https:\/\/api.w.org\/{rel}","templated":true}]}}