{"id":266844,"date":"2025-12-02T07:45:12","date_gmt":"2025-12-02T07:45:12","guid":{"rendered":"https:\/\/www.europesays.com\/es\/266844\/"},"modified":"2025-12-02T07:45:12","modified_gmt":"2025-12-02T07:45:12","slug":"montilla-presenta-la-v-exposicion-playmobil-de-cordoclicks-para-la-navidad-2025","status":"publish","type":"post","link":"https:\/\/www.europesays.com\/es\/266844\/","title":{"rendered":"Montilla presenta la V Exposici\u00f3n Playmobil de Cordoclicks para la Navidad 2025"},"content":{"rendered":"<p style=\"text-align: justify\"><strong>La muestra, organizada por la asociaci\u00f3n Cordoclicks con la colaboraci\u00f3n del Ayuntamiento de Montilla, podr\u00e1 visitarse del 5 al 27 de diciembre en el Sal\u00f3n de Exposiciones de San Juan de Dios<\/strong><\/p>\n<p style=\"text-align: justify\">La asociaci\u00f3n Cordoclicks ha presentado junto al Ayuntamiento de Montilla, la <strong>quinta edici\u00f3n de la Exposici\u00f3n Playmobil,<\/strong> una de las actividades familiares m\u00e1s esperadas de la Navidad montillana. La muestra podr\u00e1 visitarse del <strong>5 al 27 de diciembre en el Sal\u00f3n de Exposiciones de San Juan de Dios,<\/strong> y volver\u00e1 a extenderse por diversos enclaves culturales a trav\u00e9s de su ya consolidada <strong>Ruta Playmobil.<\/strong><\/p>\n<p style=\"text-align: justify\">La gran exposici\u00f3n central ha reunido ocho dioramas, cada uno con una tem\u00e1tica distinta, realizados por coleccionistas y familias de Cordoclicks, adem\u00e1s de colaboradores procedentes de distintos puntos de Andaluc\u00eda. A ello se sumar\u00e1n las recreaciones distribuidas en la <strong>Casa del Inca, Casa de las Aguas, Casa de los Reyes, Castillo de Montilla y Museo Hist\u00f3rico,<\/strong> conformando un itinerario tur\u00edstico-cultural que en ediciones anteriores ha registrado cifras r\u00e9cord de visitantes.<\/p>\n<p style=\"text-align: justify\">Este a\u00f1o, la actividad incorpora nuevas propuestas para el p\u00fablico visitante. Quienes completen el pasaporte sellado en cada punto de la ruta podr\u00e1n participar en el sorteo de un gran lote de productos Playmobil. Adem\u00e1s, se ofrecer\u00e1n visitas guiadas gratuitas con una duraci\u00f3n aproximada de tres horas y un m\u00ednimo de 10 personas, que podr\u00e1n reservarse a trav\u00e9s de la Oficina de Turismo (Tel. 672 78 05 21 \u2013 turismo@montilla.es). Los centros educativos y otras instituciones tambi\u00e9n podr\u00e1n realizar la ruta mediante visita guiada, con un donativo de 1 euro por persona destinado a la entidad colaboradora.<\/p>\n<p style=\"text-align: justify\">El <strong>concejal de Turismo, Adrian Lapsley,<\/strong> ha se\u00f1alado que \u201cel trabajo de Cordoclicks se ha consolidado como un motor de atracci\u00f3n tur\u00edstica durante la Navidad, contribuyendo de manera decisiva a dinamizar la ciudad y a poner en valor nuestro patrimonio\u201d. En palabras del edil, \u201cesta ruta invita a disfrutar Montilla al completo: cultura, historia, comercio, gastronom\u00eda y espacios emblem\u00e1ticos\u201d.<\/p>\n<p style=\"text-align: justify\">Durante la presentaci\u00f3n, los representantes de Cordoclicks han explicado los detalles de los nuevos dioramas, entre los que sobresalen escenas de fantas\u00eda, \u00e9poca victoriana, western, aventuras cl\u00e1sicas y un gran Bel\u00e9n Playmobil. Este a\u00f1o han incorporado adem\u00e1s la <strong>figura customizada de Leonor Rodr\u00edguez, \u2018La Camacha\u2019,<\/strong> personaje montillano del siglo XVI cuya historia ha sido transmitida a trav\u00e9s de la tradici\u00f3n popular y de referencias literarias como el Coloquio de los perros, de Cervantes. Su figura invita a reflexionar sobre la representaci\u00f3n hist\u00f3rica de las mujeres de la \u00e9poca, cuyas vidas fueron a menudo interpretadas desde visiones masculinas o estereotipadas.<\/p>\n<p style=\"text-align: justify\">Como en cada edici\u00f3n, la actividad mantiene su vertiente solidaria: la entrada al espacio principal tendr\u00e1 un donativo de 1,50 euros, destinado \u00edntegramente a la asociaci\u00f3n <strong>AMFIMO<\/strong>, que colabora activamente en el funcionamiento diario de la muestra.<\/p>\n<p>\u00a0<\/p>\n<p>\u00a0<\/p>\n","protected":false},"excerpt":{"rendered":"La muestra, organizada por la asociaci\u00f3n Cordoclicks con la colaboraci\u00f3n del Ayuntamiento de Montilla, podr\u00e1 visitarse del 5&hellip;\n","protected":false},"author":2,"featured_media":266845,"comment_status":"","ping_status":"","sticky":false,"template":"","format":"standard","meta":{"footnotes":""},"categories":[5],"tags":[17,18,25,24,13,14,11,19,20,9,10,15,16,23,12,21,22],"class_list":{"0":"post-266844","1":"post","2":"type-post","3":"status-publish","4":"format-standard","5":"has-post-thumbnail","7":"category-titulares","8":"tag-breaking-news","9":"tag-breakingnews","10":"tag-es","11":"tag-espana","12":"tag-featured-news","13":"tag-featurednews","14":"tag-headlines","15":"tag-latest-news","16":"tag-latestnews","17":"tag-news","18":"tag-noticias","19":"tag-noticias-destacadas","20":"tag-noticiasdestacadas","21":"tag-spain","22":"tag-titulares","23":"tag-ultimas-noticias","24":"tag-ultimasnoticias"},"share_on_mastodon":{"url":"https:\/\/pubeurope.com\/@es\/115648864113120811","error":""},"_links":{"self":[{"href":"https:\/\/www.europesays.com\/es\/wp-json\/wp\/v2\/posts\/266844","targetHints":{"allow":["GET"]}}],"collection":[{"href":"https:\/\/www.europesays.com\/es\/wp-json\/wp\/v2\/posts"}],"about":[{"href":"https:\/\/www.europesays.com\/es\/wp-json\/wp\/v2\/types\/post"}],"author":[{"embeddable":true,"href":"https:\/\/www.europesays.com\/es\/wp-json\/wp\/v2\/users\/2"}],"replies":[{"embeddable":true,"href":"https:\/\/www.europesays.com\/es\/wp-json\/wp\/v2\/comments?post=266844"}],"version-history":[{"count":0,"href":"https:\/\/www.europesays.com\/es\/wp-json\/wp\/v2\/posts\/266844\/revisions"}],"wp:featuredmedia":[{"embeddable":true,"href":"https:\/\/www.europesays.com\/es\/wp-json\/wp\/v2\/media\/266845"}],"wp:attachment":[{"href":"https:\/\/www.europesays.com\/es\/wp-json\/wp\/v2\/media?parent=266844"}],"wp:term":[{"taxonomy":"category","embeddable":true,"href":"https:\/\/www.europesays.com\/es\/wp-json\/wp\/v2\/categories?post=266844"},{"taxonomy":"post_tag","embeddable":true,"href":"https:\/\/www.europesays.com\/es\/wp-json\/wp\/v2\/tags?post=266844"}],"curies":[{"name":"wp","href":"https:\/\/api.w.org\/{rel}","templated":true}]}}