{"id":266849,"date":"2025-12-02T07:53:27","date_gmt":"2025-12-02T07:53:27","guid":{"rendered":"https:\/\/www.europesays.com\/es\/266849\/"},"modified":"2025-12-02T07:53:27","modified_gmt":"2025-12-02T07:53:27","slug":"el-jugador-del-super-agropal-palencia-tobias-borg-brilla-con-suecia-en-las-ventanas-fiba","status":"publish","type":"post","link":"https:\/\/www.europesays.com\/es\/266849\/","title":{"rendered":"El jugador del S\u00faper Agropal Palencia Tobias Borg brilla con Suecia en las ventanas FIBA"},"content":{"rendered":"<p>El par\u00f3n por las ventanas FIBA ha dejado al S\u00faper Agropal Palencia sin uno de sus jugadores m\u00e1s determinantes. Tobias Borg \u2013\u00fanico internacional del conjunto  &#8230; morado durante este par\u00f3n\u2013 ha sido citado una vez m\u00e1s por la selecci\u00f3n sueca para disputar dos encuentros oficiales clasificatorios para el Mundial 2027, que se disputar\u00e1 en Qatar, justo en pleno par\u00e9ntesis liguero. Mientras el equipo de Natxo Lezkano trabaja en Palencia con solo seis jugadores y con varios miembros de la plantilla recuper\u00e1ndose de molestias o lesiones, Tobias Borg ha asumido galones con su selecci\u00f3n y ha firmado una actuaci\u00f3n destacada en el primer compromiso del fin de semana.<\/p>\n<p class=\"v-p\">Suecia cay\u00f3 el pasado viernes ante la Rep\u00fablica Checa (97-80), pero Tobias Borg firm\u00f3 la gran actuaci\u00f3n estelar del encuentro. El jugador del S\u00faper Agropal <a href=\"https:\/\/www.elnortedecastilla.es\/palencia\/\" data-voc-vtm-id=\"in-text-traffic\" title=\"Palencia\" data-mrf-link=\"www.elnortedecastilla.es\" rel=\"nofollow noopener\" target=\"_blank\">Palencia<\/a> se convirti\u00f3 en el m\u00e1ximo anotador del partido con 18 puntos, mostrando una enorme efectividad exterior con un notable 4\/6 en triples. A su hoja estad\u00edstica a\u00f1adi\u00f3 2 rebotes y 2 robos en los 26:48 minutos que permaneci\u00f3 en pista, una carga considerable teniendo en cuenta el calendario que le espera a su regreso a Palencia.<\/p>\n<p><a class=\"v-a-link\" href=\"https:\/\/www.elnortedecastilla.es\/palencia\/victoria-super-agropal-palencia-ante-estudiantes-20251122222248-ga.html\" data-voc-vtm-id=\"in-text-traffic\" title=\"\" aria-label=\"Imagen\" rel=\"nofollow noopener\" target=\"_blank\"><br \/>\n<img decoding=\"async\" loading=\"lazy\" src=\"https:\/\/www.europesays.com\/es\/wp-content\/uploads\/2025\/12\/palencia-estudiantespartido-9.jpg\" class=\"v-a-img\" width=\"258\" height=\"180\" alt=\"\" data-voc-vtm-id=\"in-text-traffic\"\/><\/p>\n<p><\/a><\/p>\n<p class=\"v-p\">El segundo compromiso de Suecia ser\u00e1 este lunes 1 de diciembre en G\u00f6teborg, a partir de las 19:00 horas, frente a Eslovenia. Solo despu\u00e9s de este encuentro podr\u00e1 el escolta regresar a Palencia, donde se incorporar\u00e1 a los entrenamientos a lo largo del jueves, seg\u00fan est\u00e1 previsto dentro de los planes de Natxo Lezkano. \u00abEsperamos que vuelva en buenas condiciones de cara al pr\u00f3ximo partido\u00bb, se\u00f1al\u00f3 el t\u00e9cnico del S\u00faper Agropal Palencia, consciente de que el equipo necesita a Tobias Borg fresco y sin sobrecargas para afrontar el exigente mes de diciembre.<\/p>\n<p class=\"v-p\">La ausencia del escolta sueco durante esta semana ha obligado al cuerpo t\u00e9cnico a reorganizar el trabajo diario. Natxo Lezkano explic\u00f3 que el equipo no ha podido preparar a\u00fan el encuentro del pr\u00f3ximo domingo frente al Leyma Coru\u00f1a, en gran parte porque no ha contado con efectivos suficientes. \u00abDurante esta primera semana no hemos estado trabajando nada de cara a ese partido\u00bb, reconoci\u00f3 el t\u00e9cnico. \u00abHemos intentado con los que pueden trabajar, hacerlo en aspectos m\u00e1s individuales, y los que no, pues en su recuperaci\u00f3n. Esperemos que para el lunes est\u00e9 pr\u00e1cticamente todo el mundo, aunque faltar\u00e1 Tob\u00edas Borg, que no entrenar\u00e1 hasta el jueves. Adem\u00e1s, Manu y \u00c1lvaro tampoco estar\u00e1n. Seremos nueve jugadores, pero espero que los que arrastraban molestias est\u00e9n mucho mejor y ya podamos tener la cabeza centrada en el pr\u00f3ximo partido\u00bb.<\/p>\n<p class=\"v-p\">La realidad es que <a href=\"https:\/\/www.elnortedecastilla.es\/palencia\/cita-gigante-paron-20251122125951-nt.html#vtm_modulosEngag=mod-rel:palencia:noticia:1:cmp:1-not\" data-voc-vtm-id=\"in-text-traffic\" title=\"el par\u00f3n\" data-mrf-link=\"www.elnortedecastilla.es\" rel=\"nofollow noopener\" target=\"_blank\">el par\u00f3n<\/a> ha llegado en un momento de contrastes para el conjunto palentino. Por un lado, la interrupci\u00f3n de la competici\u00f3n ha permitido que buena parte de la plantilla pueda tratar molestias persistentes y avanzar en recuperaciones importantes como las de \u00c1lvaro Mu\u00f1oz y Manu Rodr\u00edguez. Por otro, el equipo ven\u00eda de su mejor actuaci\u00f3n de la temporada, con una contundente victoria por 83-52 frente al Movistar Estudiantes, y detener esa din\u00e1mica positiva no deja de ser un inconveniente competitivo.<\/p>\n<p>Papel fundamental<\/p>\n<p class=\"v-p\">En este escenario, <a href=\"https:\/\/www.elnortedecastilla.es\/palencia\/tobias-borg-seguira-super-agropal-palencia-20250708123007-nt.html\" data-voc-vtm-id=\"in-text-traffic\" title=\"la figura de Borg\" data-mrf-link=\"www.elnortedecastilla.es\" rel=\"nofollow noopener\" target=\"_blank\">la figura de Borg<\/a> adquiere un papel a\u00fan m\u00e1s relevante. Su regreso tras dos encuentros internacionales de alto nivel ser\u00e1 clave para un equipo que necesita recuperar automatismos y mantener el pulso competitivo ante un mes de diciembre que se presenta decisivo. Los morados abrir\u00e1n el \u00faltimo tramo del a\u00f1o visitando al l\u00edder, el Leyma Coru\u00f1a, el domingo 7 de diciembre a las 12:30 horas, y cerrar\u00e1n el mes con cinco partidos en apenas 21 d\u00edas, concluyendo el mes con derbi regional en el Pabell\u00f3n Municipal frente a Tizona Burgos el pr\u00f3ximo 28 de diciembre.<\/p>\n<p class=\"v-p\">El escolta sueco llegar\u00e1 previsiblemente con minutos de calidad a sus espaldas, pero tambi\u00e9n con el desgaste a\u00f1adido de dos encuentros en apenas cuatro d\u00edas. Su capacidad para adaptarse r\u00e1pidamente al ritmo del equipo y la gesti\u00f3n que haga Natxo Lezkano de su carga f\u00edsica ser\u00e1n factores determinantes para que el S\u00faper Agropal Palencia pueda competir en las mejores condiciones. <\/p>\n","protected":false},"excerpt":{"rendered":"El par\u00f3n por las ventanas FIBA ha dejado al S\u00faper Agropal Palencia sin uno de sus jugadores m\u00e1s&hellip;\n","protected":false},"author":2,"featured_media":266850,"comment_status":"","ping_status":"","sticky":false,"template":"","format":"standard","meta":{"footnotes":""},"categories":[269],"tags":[20536,299,298,17313,8236,168,25,24,13863,378,6442,23,167,7218,3400,65969,64504],"class_list":{"0":"post-266849","1":"post","2":"type-post","3":"status-publish","4":"format-standard","5":"has-post-thumbnail","7":"category-baloncesto","8":"tag-agropal","9":"tag-baloncesto","10":"tag-basketball","11":"tag-borg","12":"tag-brilla","13":"tag-deportes","14":"tag-es","15":"tag-espana","16":"tag-fiba","17":"tag-jugador","18":"tag-palencia","19":"tag-spain","20":"tag-sports","21":"tag-suecia","22":"tag-super","23":"tag-tobias","24":"tag-ventanas"},"share_on_mastodon":{"url":"https:\/\/pubeurope.com\/@es\/115648896077832823","error":""},"_links":{"self":[{"href":"https:\/\/www.europesays.com\/es\/wp-json\/wp\/v2\/posts\/266849","targetHints":{"allow":["GET"]}}],"collection":[{"href":"https:\/\/www.europesays.com\/es\/wp-json\/wp\/v2\/posts"}],"about":[{"href":"https:\/\/www.europesays.com\/es\/wp-json\/wp\/v2\/types\/post"}],"author":[{"embeddable":true,"href":"https:\/\/www.europesays.com\/es\/wp-json\/wp\/v2\/users\/2"}],"replies":[{"embeddable":true,"href":"https:\/\/www.europesays.com\/es\/wp-json\/wp\/v2\/comments?post=266849"}],"version-history":[{"count":0,"href":"https:\/\/www.europesays.com\/es\/wp-json\/wp\/v2\/posts\/266849\/revisions"}],"wp:featuredmedia":[{"embeddable":true,"href":"https:\/\/www.europesays.com\/es\/wp-json\/wp\/v2\/media\/266850"}],"wp:attachment":[{"href":"https:\/\/www.europesays.com\/es\/wp-json\/wp\/v2\/media?parent=266849"}],"wp:term":[{"taxonomy":"category","embeddable":true,"href":"https:\/\/www.europesays.com\/es\/wp-json\/wp\/v2\/categories?post=266849"},{"taxonomy":"post_tag","embeddable":true,"href":"https:\/\/www.europesays.com\/es\/wp-json\/wp\/v2\/tags?post=266849"}],"curies":[{"name":"wp","href":"https:\/\/api.w.org\/{rel}","templated":true}]}}