{"id":266851,"date":"2025-12-02T07:54:14","date_gmt":"2025-12-02T07:54:14","guid":{"rendered":"https:\/\/www.europesays.com\/es\/266851\/"},"modified":"2025-12-02T07:54:14","modified_gmt":"2025-12-02T07:54:14","slug":"raul-el-eterno-capitan-blanco-trabajo-para-volver-a-mi-casa","status":"publish","type":"post","link":"https:\/\/www.europesays.com\/es\/266851\/","title":{"rendered":"Ra\u00fal, el eterno capit\u00e1n blanco: \u201cTrabajo para volver a mi casa\u201d"},"content":{"rendered":"<p class=\"\"><b>Ra\u00fal. Gonz\u00e1lez. Blanco. El apellido de su madre delata lo que iba a marcar la vida futbol\u00edstica y personal de un jugador de bandera<\/b>, una leyenda con botas que represent\u00f3 a varias generaciones de seguidores que jam\u00e1s olvidar\u00e1n esas noches maravillosas que nos mostraron a un chaval competitivo e insaciable. Ra\u00fal no es solo el canterano que jug\u00f3 741 partidos con el Real Madrid (m\u00e1s que nadie en el Bernab\u00e9u), <b>que meti\u00f3 323 goles de blanco (solo superado por los 450 de Cristiano y los 354 de Benzema) y que alcanz\u00f3 las 44 dianas con la Selecci\u00f3n<\/b> espa\u00f1ola (al Ferrari de la Colonia Marconi s\u00f3lo le dej\u00f3 atr\u00e1s David Villa). N\u00fameros estratosf\u00e9ricos&#8230; <\/p>\n<p>FOTOGALER\u00cdA<\/p>\n<p class=\"\"><b>Pero Ra\u00fal es leyenda y se ha hecho acreedor con creces al premio que le otorg\u00f3 AS<\/b> por mucho m\u00e1s que unas estad\u00edsticas inmaculadas. Durante a\u00f1os dignific\u00f3 el escudo del Real Madrid con esa capacidad para escalar monta\u00f1as sin poner jam\u00e1s mala cara. Ya de canterano demostr\u00f3 una personalidad asombrosa, como antes de aquel estreno con Jorge Valdano en La Romareda de Zaragoza, cuando su descubridor se le acerc\u00f3 en el autob\u00fas a preguntarle si, con 17 a\u00f1itos, estaba preparado para dejar en el banquillo a Butrague\u00f1o y afrontar el reto de ser titular. Su respuesta lo dej\u00f3 helado:<b> \u201cT\u00fa sabr\u00e1s. Si quieres ganar el partido ya sabes lo que tienes que hacer&#8230;\u201d. No era una fantasmada, era simplemente un ganador vocacional<\/b> que contagi\u00f3 con ese esp\u00edritu de su natal Colonia de San Crist\u00f3bal de los \u00c1ngeles a un Madrid que junto a \u00e9l, Hierro y Redondo dibujaron un equipo imperial que levant\u00f3 tres Champions en cinco a\u00f1os (de 1998 a 2002). La S\u00e9ptima, la Octava y la Novena llegaron con el sello del eterno 7.<\/p>\n<p class=\"\">Ning\u00fan madridista olvida su carrera en Saint-Denis a campo abierto en la final ante el Valencia, regateando a su amigo Ca\u00f1izares y partiendo la cintura a Djukic. Ni su celebraci\u00f3n con la camiseta negra tap\u00e1ndole la cabeza mientras bailaba festejando una Orejona m\u00e1s.<\/p>\n<p>Noticias relacionadas<a href=\"https:\/\/as.com\/futbol\/videos\/raul-elije-el-mejor-gol-de-su-carrera-los-muy-madridistas-saben-perfectamente-cual-es-f202512-v\/\" class=\"s_m_w\" title=\"La leyenda madridista fue uno de premiados en la gala de los Premios As 2025. No tuvo dudas en responder cu\u00e1l fue su mejor gol. \" data-tb-link=\"\" rel=\"nofollow noopener\" target=\"_blank\"><img decoding=\"async\" src=\"https:\/\/www.europesays.com\/es\/wp-content\/uploads\/2025\/12\/https:\/\/vdmedia.as.com\/mcv\/diarioas\/multimedia\/20251201\/1114657_181103_still.0000001.jpg\" alt=\"Ra\u00fal elije el mejor gol de su carrera: los muy madridistas saben perfectamente cu\u00e1l es\" class=\"\" height=\"9\" width=\"16\"   loading=\"lazy\" data-tb-thumbnail=\"\"\/><\/a><a href=\"https:\/\/as.com\/masdeporte\/premios-as-del-deporte-2025-en-directo-todos-los-premiados-de-la-gala-rafa-nadal-raul-marc-marquez-carolina-marin-jesus-navas-f202512-d\/\" class=\"s_m_w\" title=\"\u00daltima hora de los premiados, el discurso de los ganadores y todos los detalles de la gala de los Premios As del Deporte 2025 que se celebra en el Hotel Palace.\" data-tb-link=\"\" rel=\"nofollow noopener\" target=\"_blank\"><img decoding=\"async\" src=\"https:\/\/www.europesays.com\/es\/wp-content\/uploads\/2025\/12\/1764662054_704_TGJ5NYQOG5OWRHQA6GURCJJGS4.jpg\" alt=\"As\u00ed vivimos los Premios AS del Deporte 2025: todos los premiados de la gala | Rafa Nadal, Ra\u00fal, Marc M\u00e1rquez, Carolina Mar\u00edn, Jes\u00fas Navas, Iris Ti\u00f3...\" class=\"\" height=\"9\" width=\"16\"   loading=\"lazy\" data-tb-thumbnail=\"\"\/><\/a><\/p>\n<p class=\"\">Supo reinventarse y tras dejar el Madrid se fue a Alemania a dibujar las p\u00e1ginas m\u00e1s bellas del Schalke, donde se le sigue llamando \u2018Se\u00f1or Ra\u00fal\u2019. <b>Colg\u00f3 las botas y ahora lleva una carrera de entrenador en la que lo mejor est\u00e1 por llegar&#8230;<\/b> \u201cMe quedo con la suerte de haber estado en el mejor club del mundo y de haber cumplido mi sue\u00f1o de jugar al f\u00fatbol. Han sido m\u00e1s momentos buenos que malos\u201d, dijo en nuestra alfombra roja. Luego, recibiendo el premio, traz\u00f3 su futuro: \u201cAhora quiero disfrutar de este momento, esperando alg\u00fan proyecto bueno que pueda surgir y a medio-largo plazo, volver a mi casa que es donde quiero estar y todo el mundo lo sabe\u201d. Ra\u00fal fue, es y siempre ser\u00e1 el eterno capit\u00e1n, el h\u00e9roe de los ni\u00f1os de mi generaci\u00f3n.<b> Rulo, felicidades m\u00e1quina.<\/b><\/p>\n<p class=\"\"><b>\u00a1Tus opiniones importan!<\/b> Comenta en los art\u00edculos y suscr\u00edbete gratis a nuestra <a href=\"https:\/\/asfan.as.com\/newsletters\/\" target=\"_blank\" rel=\"nofollow noopener\" title=\"https:\/\/asfan.as.com\/newsletters\/\">newsletter<\/a> y a las alertas informativas en la <a href=\"https:\/\/as.com\/aplicacion-de-as-n\/\" target=\"_blank\" rel=\"nofollow noopener\" title=\"https:\/\/as.com\/aplicacion-de-as-n\/\">App<\/a> o el canal de <a href=\"https:\/\/www.whatsapp.com\/channel\/0029VaAasdA7j6g745nz9M10\" target=\"_blank\" rel=\"nofollow noopener\" title=\"https:\/\/www.whatsapp.com\/channel\/0029VaAasdA7j6g745nz9M10\">WhatsApp<\/a>. \u00bfBuscas licenciar contenido? Haz clic <a href=\"https:\/\/profesional.elpais.com\/soluciones-sindicacion?utm_medium=interno&amp;utm_source=crosslinking&amp;utm_campaign=sindicacion_as_pie_articulos\" target=\"_blank\" rel=\"nofollow noopener\" title=\"https:\/\/profesional.elpais.com\/soluciones-sindicacion?utm_medium=interno&amp;utm_source=crosslinking&amp;utm_campaign=sindicacion_as_pie_articulos\">aqu\u00ed<\/a><\/p>\n","protected":false},"excerpt":{"rendered":"Ra\u00fal. Gonz\u00e1lez. Blanco. El apellido de su madre delata lo que iba a marcar la vida futbol\u00edstica y&hellip;\n","protected":false},"author":2,"featured_media":266852,"comment_status":"","ping_status":"","sticky":false,"template":"","format":"standard","meta":{"footnotes":""},"categories":[268],"tags":[168,25,24,280,282,281,23,167],"class_list":{"0":"post-266851","1":"post","2":"type-post","3":"status-publish","4":"format-standard","5":"has-post-thumbnail","7":"category-futbol","8":"tag-deportes","9":"tag-es","10":"tag-espana","11":"tag-football","12":"tag-futbol","13":"tag-soccer","14":"tag-spain","15":"tag-sports"},"share_on_mastodon":{"url":"https:\/\/pubeurope.com\/@es\/115648900068588079","error":""},"_links":{"self":[{"href":"https:\/\/www.europesays.com\/es\/wp-json\/wp\/v2\/posts\/266851","targetHints":{"allow":["GET"]}}],"collection":[{"href":"https:\/\/www.europesays.com\/es\/wp-json\/wp\/v2\/posts"}],"about":[{"href":"https:\/\/www.europesays.com\/es\/wp-json\/wp\/v2\/types\/post"}],"author":[{"embeddable":true,"href":"https:\/\/www.europesays.com\/es\/wp-json\/wp\/v2\/users\/2"}],"replies":[{"embeddable":true,"href":"https:\/\/www.europesays.com\/es\/wp-json\/wp\/v2\/comments?post=266851"}],"version-history":[{"count":0,"href":"https:\/\/www.europesays.com\/es\/wp-json\/wp\/v2\/posts\/266851\/revisions"}],"wp:featuredmedia":[{"embeddable":true,"href":"https:\/\/www.europesays.com\/es\/wp-json\/wp\/v2\/media\/266852"}],"wp:attachment":[{"href":"https:\/\/www.europesays.com\/es\/wp-json\/wp\/v2\/media?parent=266851"}],"wp:term":[{"taxonomy":"category","embeddable":true,"href":"https:\/\/www.europesays.com\/es\/wp-json\/wp\/v2\/categories?post=266851"},{"taxonomy":"post_tag","embeddable":true,"href":"https:\/\/www.europesays.com\/es\/wp-json\/wp\/v2\/tags?post=266851"}],"curies":[{"name":"wp","href":"https:\/\/api.w.org\/{rel}","templated":true}]}}