{"id":266853,"date":"2025-12-02T07:55:17","date_gmt":"2025-12-02T07:55:17","guid":{"rendered":"https:\/\/www.europesays.com\/es\/266853\/"},"modified":"2025-12-02T07:55:17","modified_gmt":"2025-12-02T07:55:17","slug":"asi-es-la-casa-en-la-que-vivio-bertin-osborne-que-se-ha-puesto-a-la-venta-por-45-millones-de-euros","status":"publish","type":"post","link":"https:\/\/www.europesays.com\/es\/266853\/","title":{"rendered":"As\u00ed es la casa en la que vivi\u00f3 Bert\u00edn Osborne que se ha puesto a la venta por 4,5 millones de euros"},"content":{"rendered":"<p data-pm-slice=\"1 1 []\"><strong>Bert\u00edn Osborne<\/strong> no se encuentra en su mejor momento y as\u00ed lo ha desvelado su amigo Pipi Estrada. <a href=\"https:\/\/okdiario.com\/look\/actualidad\/gabriela-guillen-harta-bertin-osborne-no-da-dinero-2424318\" rel=\"nofollow noopener\" target=\"_blank\">La situaci\u00f3n econ\u00f3mica que atraviesa parece estar d\u00e1ndole verdaderos quebraderos de cabeza<\/a>. No obstante, Estrada ha anunciado que, en los pr\u00f3ximos tiempos, saldr\u00e1 a la luz un <strong>nuevo proyecto<\/strong> que le mantiene muy ilusionado y que le reportar\u00e1 una elevada compensaci\u00f3n monetaria.<\/p>\n<p>Ahora y coincidiendo con estas complicaciones, ha salido a la luz que <strong>la casa en la que vivi\u00f3 durante varios a\u00f1os de alquiler ha sido puesta a la venta<\/strong>. Se trata de una vivienda unifamiliar de lujo que cuenta con todas las comodidades y se encuentra en La Florida, una colonia perteneciente al madrile\u00f1o distrito de Moncloa-Aravaca. Si bien es cierto que tiene mucho encanto por su interiorismo y sus imponentes zonas verdes, est\u00e1 reservada para bolsillos acaudalados que puedan permitirse desembolsar <strong>4,48 millones de euros<\/strong>.<\/p>\n<p>\n<img decoding=\"async\" loading=\"lazy\" class=\"size-medium wp-image-2439843\" alt=\"Exterior de la casa en la que vivi\u00f3 Bert\u00edn Osborne en Madrid. (Foto: Idealista)\" width=\"620\" height=\"349\"  src=\"https:\/\/www.europesays.com\/es\/wp-content\/uploads\/2025\/10\/placeholder.jpg\"  bad-src=\"https:\/\/www.europesays.com\/es\/wp-content\/uploads\/2025\/10\/placeholder.jpg\"\/><\/p>\n<p><img decoding=\"async\" loading=\"lazy\" class=\"size-medium wp-image-2439843\" src=\"https:\/\/www.europesays.com\/es\/wp-content\/uploads\/2025\/12\/image-2025-12-01t192444.506-620x349.jpg\" alt=\"Exterior de la casa en la que vivi\u00f3 Bert\u00edn Osborne en Madrid. (Foto: Idealista)\" width=\"620\" height=\"349\"  \/><\/p>\n<p> Exterior de la casa en la que vivi\u00f3 Bert\u00edn Osborne en Madrid. (Foto: Idealista)\n<\/p>\n<p>Las diferentes estancias de la casa<\/p>\n<p>La casa en la que vivi\u00f3 Bert\u00edn Osborne y que fue el plat\u00f3 del programa Mi casa es la tuya ha vuelto al mercado. All\u00ed <a href=\"https:\/\/okdiario.com\/look\/actualidad\/bertin-osborne-busca-refugio-fabiola-antes-gran-noche-hormiguero-2369485\" rel=\"nofollow noopener\" target=\"_blank\">vivi\u00f3 algunos de sus mejores a\u00f1os con <strong>Fabiola Mart\u00ednez<\/strong><\/a>, su ex pareja, y sus muros vieron crecer a sus hijos en com\u00fan, Carlos y Kike.<\/p>\n<p>Sobre un terreno de 2.500 metros cuadrados se levanta una construcci\u00f3n que ronda los 1.000 metros cuadrados de superficie. El <strong>amplio jard\u00edn con piscina y <\/strong>la <strong>enorme cocina<\/strong> son dos de los principales atractivos de la vivienda. Esta \u00faltima habitaci\u00f3n, abierta y completamente equipada, cuenta con <strong>varios ambientes<\/strong> que van desde una isla con butacas altas hasta una mesa de comedor que tiene espacio para hasta 12 comensales, pasando por otra de menos dimensiones que, a todas luces, se utilizar\u00eda en el d\u00eda a d\u00eda y que est\u00e1 rodeada de cuatro sillas.<\/p>\n<p>\n<img decoding=\"async\" loading=\"lazy\" class=\"size-medium wp-image-2439851\" alt=\"Cocina de la casa donde vivi\u00f3 Bert\u00edn Osborne en Madrid. (Foto: Idealista)\" width=\"620\" height=\"349\"  src=\"https:\/\/www.europesays.com\/es\/wp-content\/uploads\/2025\/10\/placeholder.jpg\"  bad-src=\"https:\/\/www.europesays.com\/es\/wp-content\/uploads\/2025\/10\/placeholder.jpg\"\/><\/p>\n<p><img decoding=\"async\" loading=\"lazy\" class=\"size-medium wp-image-2439851\" src=\"https:\/\/www.europesays.com\/es\/wp-content\/uploads\/2025\/12\/image-2025-12-01t192603.886-620x349.jpg\" alt=\"Cocina de la casa donde vivi\u00f3 Bert\u00edn Osborne en Madrid. (Foto: Idealista)\" width=\"620\" height=\"349\"  \/><\/p>\n<p> Cocina de la casa donde vivi\u00f3 Bert\u00edn Osborne en Madrid. (Foto: Idealista)\n<\/p>\n<p>A esto se le suma la <strong>gran terraza<\/strong> que fue escenario de los cap\u00edtulos del programa mencionado que devolvi\u00f3 a Bert\u00edn la fama televisiva y relanz\u00f3 su carrera. La vivienda se divide en <strong>dos plantas y el s\u00f3tano<\/strong>, y de todo destaca una extensa sala de estar en la que Bert\u00edn, su familia y los invitados han pasado muy buenos momentos. Los <strong>grandes ventanales<\/strong> que se distribuyen por todo el recorrido aportan amplitud, dotan las estancias de mucha <strong>luz natural<\/strong> y permiten disfrutar de la naturaleza desde el interior. De <strong>techos altos<\/strong>, tambi\u00e9n cuenta con un acogedor hall de entrada que es el lugar perfecto para recibir a los invitados.<\/p>\n<p>\n<img decoding=\"async\" loading=\"lazy\" class=\"size-medium wp-image-2439836\" alt=\"El sal\u00f3n de la casa en la que vivi\u00f3 Bert\u00edn en Madrid. (Foto: Idealista)\" width=\"620\" height=\"349\"  src=\"https:\/\/www.europesays.com\/es\/wp-content\/uploads\/2025\/10\/placeholder.jpg\"  bad-src=\"https:\/\/www.europesays.com\/es\/wp-content\/uploads\/2025\/10\/placeholder.jpg\"\/><\/p>\n<p><img decoding=\"async\" loading=\"lazy\" class=\"size-medium wp-image-2439836\" src=\"https:\/\/www.europesays.com\/es\/wp-content\/uploads\/2025\/12\/image-2025-12-01t192337.824-620x349.jpg\" alt=\"El sal\u00f3n de la casa en la que vivi\u00f3 Bert\u00edn en Madrid. (Foto: Idealista)\" width=\"620\" height=\"349\"  \/><\/p>\n<p> El sal\u00f3n de la casa en la que vivi\u00f3 Bert\u00edn en Madrid. (Foto: Idealista)\n<\/p>\n<p>Todas las salas descritas anteriormente se encuentran en la planta baja. En la superior podemos encontrar los seis dormitorios, entre los que destaca la <strong>master suite de 44 metros cuadrados<\/strong>. Una espectacular estancia que tiene su propio ba\u00f1o completo, un aseo con ducha y ba\u00f1era, y dos vestidores independientes.<\/p>\n<p>\n<img decoding=\"async\" loading=\"lazy\" class=\"size-medium wp-image-2439853\" alt=\"La habitaci\u00f3n de dos camas de la casa donde vivi\u00f3 Bert\u00edn de alquiler. (Foto: Idealista)\" width=\"620\" height=\"349\"  src=\"https:\/\/www.europesays.com\/es\/wp-content\/uploads\/2025\/10\/placeholder.jpg\"  bad-src=\"https:\/\/www.europesays.com\/es\/wp-content\/uploads\/2025\/10\/placeholder.jpg\"\/><\/p>\n<p><img decoding=\"async\" loading=\"lazy\" class=\"size-medium wp-image-2439853\" src=\"https:\/\/www.europesays.com\/es\/wp-content\/uploads\/2025\/12\/image-2025-12-01t192721.157-620x349.jpg\" alt=\"La habitaci\u00f3n de dos camas de la casa donde vivi\u00f3 Bert\u00edn de alquiler. (Foto: Idealista)\" width=\"620\" height=\"349\"  \/><\/p>\n<p> La habitaci\u00f3n de dos camas de la casa donde vivi\u00f3 Bert\u00edn de alquiler. (Foto: Idealista)\n<\/p>\n<p>Tal y como muestra Idealista en su web, una de las habitaciones es de dos camas y est\u00e1 decorada de forma muy cuidada y minuciosa, atendiendo especialmente al detalle. Los <strong>tonos neutros<\/strong> inundan una sala \u2014y toda la vivienda\u2014 que est\u00e1 perfectamente combinada en blanco y granate. Entre los muebles se puede ver una c\u00f3moda doble de madera natural con gran capacidad de almacenaje y la pared est\u00e1 adornada con divertidas ilustraciones.<\/p>\n","protected":false},"excerpt":{"rendered":"Bert\u00edn Osborne no se encuentra en su mejor momento y as\u00ed lo ha desvelado su amigo Pipi Estrada.&hellip;\n","protected":false},"author":2,"featured_media":266854,"comment_status":"","ping_status":"","sticky":false,"template":"","format":"standard","meta":{"footnotes":""},"categories":[174],"tags":[11194,255,146,147,25,24,256,23],"class_list":{"0":"post-266853","1":"post","2":"type-post","3":"status-publish","4":"format-standard","5":"has-post-thumbnail","7":"category-famosos","8":"tag-bertin-osborne","9":"tag-celebrities","10":"tag-entertainment","11":"tag-entretenimiento","12":"tag-es","13":"tag-espana","14":"tag-famosos","15":"tag-spain"},"share_on_mastodon":{"url":"https:\/\/pubeurope.com\/@es\/115648903745538866","error":""},"_links":{"self":[{"href":"https:\/\/www.europesays.com\/es\/wp-json\/wp\/v2\/posts\/266853","targetHints":{"allow":["GET"]}}],"collection":[{"href":"https:\/\/www.europesays.com\/es\/wp-json\/wp\/v2\/posts"}],"about":[{"href":"https:\/\/www.europesays.com\/es\/wp-json\/wp\/v2\/types\/post"}],"author":[{"embeddable":true,"href":"https:\/\/www.europesays.com\/es\/wp-json\/wp\/v2\/users\/2"}],"replies":[{"embeddable":true,"href":"https:\/\/www.europesays.com\/es\/wp-json\/wp\/v2\/comments?post=266853"}],"version-history":[{"count":0,"href":"https:\/\/www.europesays.com\/es\/wp-json\/wp\/v2\/posts\/266853\/revisions"}],"wp:featuredmedia":[{"embeddable":true,"href":"https:\/\/www.europesays.com\/es\/wp-json\/wp\/v2\/media\/266854"}],"wp:attachment":[{"href":"https:\/\/www.europesays.com\/es\/wp-json\/wp\/v2\/media?parent=266853"}],"wp:term":[{"taxonomy":"category","embeddable":true,"href":"https:\/\/www.europesays.com\/es\/wp-json\/wp\/v2\/categories?post=266853"},{"taxonomy":"post_tag","embeddable":true,"href":"https:\/\/www.europesays.com\/es\/wp-json\/wp\/v2\/tags?post=266853"}],"curies":[{"name":"wp","href":"https:\/\/api.w.org\/{rel}","templated":true}]}}