{"id":266859,"date":"2025-12-02T07:59:09","date_gmt":"2025-12-02T07:59:09","guid":{"rendered":"https:\/\/www.europesays.com\/es\/266859\/"},"modified":"2025-12-02T07:59:09","modified_gmt":"2025-12-02T07:59:09","slug":"los-xxi-lauaxeta-sariak-se-abrochan-con-el-premio-honorifico-a-la-cancion-bizkaia-maite","status":"publish","type":"post","link":"https:\/\/www.europesays.com\/es\/266859\/","title":{"rendered":"Los XXI Lauaxeta Sariak se abrochan con el premio honor\u00edfico a la canci\u00f3n \u2018Bizkaia Maite\u2019"},"content":{"rendered":"<p>\n        Amar\u00e1s al euskera y a la cultura vasca por encima de todas las cosas. He ah\u00ed el mandamiento crucial los Lauaxeta Sariak. En la sala, antes de que nadie hable, ya se escucha un murmullo antiguo. No es voz humana: es ese temblor que solo aparece cuando un pueblo reconoce su reflejo en el espejo de sus creadores. A eso vamos a los Lauaxeta Sariak 2025, a mirar c\u00f3mo la palabra \u2013esa criatura que a veces se esconde&#8230;\u2013 volv\u00eda a levantar la cabeza entre manos que la cuidan. Ayer, con la presencia de la diputada general, <strong>Elixabete Etxanobe<\/strong> ya la diputada foral, <strong>Leixuri Arrizabalaga<\/strong> como anfitrionas, <strong>Amaia Uribe<\/strong> como presentadora y la m\u00fasica de <strong>Onintze Garc\u00eda y Jokin Lacalle<\/strong>, reforzada por los apoyos de<strong> Eider Etxeandia e Izaro<\/strong>, de Se\u00f1eak Bizkaia Rock Kanpusa el Palacio foral de la Diputaci\u00f3n vivi\u00f3 un tarde de alta intensidad\n<\/p>\n<p class=\"article-body__text \">\n        Las sillas cruj\u00edan, los cuerpos se acomodaban, y cada quien llev\u00f3 consigo una historia peque\u00f1a: la del abuelo bertsolari, la de la abuela que recitaba de memoria versos de Lauaxeta mientras cortaba pan, la del profesor que dec\u00eda que el euskera es un pa\u00eds entero metido en una sola boca. Y uno llega ah\u00ed sabiendo algo que no dice en voz alta: que estos premios no son premios, sino excusas para que el coraz\u00f3n recuerde de d\u00f3nde viene.\n<\/p>\n<p class=\"article-body__text \">\n        En esta edici\u00f3n el premio honor\u00edfico lo recibieron <strong>Benito Lertxundi y Jose Anjel Irigarai<\/strong> por la canci\u00f3n Bizkaia Maite y su aportaci\u00f3n a la cultura vasca. Porque hay canciones que no se cantan: se respiran. Y Bizkaia Maite es una de ellas. Cada nota lleva la sal de un muelle, el verde de un monte, el rumor de las conversaciones que el viento recoge entre baserris. <strong>Olatz Zugasti<\/strong>, compa\u00f1era de vida de Benito, recogi\u00f3 la distinci\u00f3n de ambos.\n<\/p>\n<p class=\"article-body__text \">\n        En el apartado de poes\u00eda los premios fueron para <strong>Ane Labak<\/strong>a , en la categor\u00eda de menor de 35 a\u00f1os por su trabajo Hezur berriak (los huesos nuevos recuerdan a un reci\u00e9n nacido&#8230;) y <strong>Elena Sanchez <\/strong>en la secci\u00f3n de mayor de 35 a\u00f1os por la serie de poemas Epilogorik gabe. Por \u00faltimo, el Premio Lauaxeta de Audiovisuales 2025 es exequo y recay\u00f3 en <strong>Inge Mendioroz e Idoia Garc\u00e9s<\/strong>, por su documental <strong>Lurdes Iriondo<\/strong>, ez gara alferrik pasako que repasa la importancia de las mujeres en la cultura vasca y<strong> Oier Plaza<\/strong> por el documental Popel.\n<\/p>\n<p class=\"article-body__text \">\n        Lo vivieron de cerca el presidente de Euskaltzaindia, <strong>Andres Urrutia, <\/strong><a href=\"https:\/\/www.deia.eus\/autores\/erramun-osa.html\" title=\"Erramun Osa\" class=\"link copy\" rel=\"nofollow noopener\" target=\"_blank\"><strong>Erramun Osa<\/strong><\/a><strong>, Jon Ruig\u00f3mez, Sorkunde Aiarza, Koldo Bilbao, Juan Jos\u00e9 Ba\u00f1os<\/strong>, director general de Grupo Noticias, tan involucrado con el euskera, tan cercano;<strong> Naiara Basurko, Ager Izagirre, Isaac Amezaga, Itxaso Bedrrojalbiz, Bego\u00f1a de Ibarra y Carlos Alzaga, Iratxe de Madariaga, Idoia Postigo, Lorea Bilbao, Vanesa Fern\u00e1ndez, Alaitz Aranzana, Jon Kortazar. Eider Inunziaga, Josune Aristondo<\/strong>; la presidenta de JJGG,<strong> Ana Otadui; Carlos Sergio, Sabin Arana, Jorge Aio, Eduardo Velasco<\/strong> y una legi\u00f3n euskaldun que la goz\u00f3.<\/p>\n","protected":false},"excerpt":{"rendered":"Amar\u00e1s al euskera y a la cultura vasca por encima de todas las cosas. He ah\u00ed el mandamiento&hellip;\n","protected":false},"author":2,"featured_media":266860,"comment_status":"","ping_status":"","sticky":false,"template":"","format":"standard","meta":{"footnotes":""},"categories":[170],"tags":[146,36,147,25,24,60342,184,185,65970,23],"class_list":{"0":"post-266859","1":"post","2":"type-post","3":"status-publish","4":"format-standard","5":"has-post-thumbnail","7":"category-musica","8":"tag-entertainment","9":"tag-entrega","10":"tag-entretenimiento","11":"tag-es","12":"tag-espana","13":"tag-lauaxeta","14":"tag-music","15":"tag-musica","16":"tag-sariak","17":"tag-spain"},"share_on_mastodon":{"url":"https:\/\/pubeurope.com\/@es\/115648919442967864","error":""},"_links":{"self":[{"href":"https:\/\/www.europesays.com\/es\/wp-json\/wp\/v2\/posts\/266859","targetHints":{"allow":["GET"]}}],"collection":[{"href":"https:\/\/www.europesays.com\/es\/wp-json\/wp\/v2\/posts"}],"about":[{"href":"https:\/\/www.europesays.com\/es\/wp-json\/wp\/v2\/types\/post"}],"author":[{"embeddable":true,"href":"https:\/\/www.europesays.com\/es\/wp-json\/wp\/v2\/users\/2"}],"replies":[{"embeddable":true,"href":"https:\/\/www.europesays.com\/es\/wp-json\/wp\/v2\/comments?post=266859"}],"version-history":[{"count":0,"href":"https:\/\/www.europesays.com\/es\/wp-json\/wp\/v2\/posts\/266859\/revisions"}],"wp:featuredmedia":[{"embeddable":true,"href":"https:\/\/www.europesays.com\/es\/wp-json\/wp\/v2\/media\/266860"}],"wp:attachment":[{"href":"https:\/\/www.europesays.com\/es\/wp-json\/wp\/v2\/media?parent=266859"}],"wp:term":[{"taxonomy":"category","embeddable":true,"href":"https:\/\/www.europesays.com\/es\/wp-json\/wp\/v2\/categories?post=266859"},{"taxonomy":"post_tag","embeddable":true,"href":"https:\/\/www.europesays.com\/es\/wp-json\/wp\/v2\/tags?post=266859"}],"curies":[{"name":"wp","href":"https:\/\/api.w.org\/{rel}","templated":true}]}}