{"id":266861,"date":"2025-12-02T08:00:54","date_gmt":"2025-12-02T08:00:54","guid":{"rendered":"https:\/\/www.europesays.com\/es\/266861\/"},"modified":"2025-12-02T08:00:54","modified_gmt":"2025-12-02T08:00:54","slug":"five-nights-at-freddys-2-pelicula-2025","status":"publish","type":"post","link":"https:\/\/www.europesays.com\/es\/266861\/","title":{"rendered":"Five Nights At Freddy&#8217;s 2 &#8211; Pel\u00edcula 2025"},"content":{"rendered":"<p>Five Nights At Freddy&#8217;s 2<\/p>\n<p>                                    <img loading=\"lazy\" decoding=\"async\" class=\"thumbnail-img\" src=\"https:\/\/www.europesays.com\/es\/wp-content\/uploads\/2025\/12\/e0667a49e49f69b8fdb50075739592ff.jpg\" alt=\"Cartel de  Five Nights At Freddy's 2\" width=\"310\" height=\"420\"\/><\/p>\n<p>            Cartelera y sesiones (823)<\/p>\n<p>Sinopsis<\/p>\n<p>        Pel\u00edcula no recomendada a menores de 15 a\u00f1os<\/p>\n<p class=\"bo-p\">Despu\u00e9s del rotundo \u00e9xito taquillero de la primera pel\u00edcula, Universal Pictures y Blumhouse Productions se encuentran preparando un \u00e9pico regreso en el aterrador restaurante Freddy Fazbear&#8217;s Pizza. La cineasta Emma Tammi ser\u00e1 la encargada de volver a la silla de director para <b>Five Nights at Freddy\u00b4s 2,<\/b> basada en la popular franquicia de videojuegos de terror. La trama se sit\u00faa despu\u00e9s de un a\u00f1o desde la pesadilla sobrenatural en Freddy Fazbear\u2019s Pizza. Las historias sobre lo que ocurri\u00f3 all\u00ed se han vuelto una leyenda local, que han inspirado al primer Fazfest del pueblo. Ahora el ex guardia de seguridad Mike  y la oficial de polic\u00eda Vanessa han mantenido en secreto la verdad sobre el destino de sus amigos animatr\u00f3nicos a Abby, la hermana de 11 a\u00f1os de Mike. Pero cuando Abby se escapa para reencontrarse con Freddy, Bonnie, Chica y Foxy, desatar\u00e1 una aterradora cadena de eventos que revelar\u00e1 oscuros secretos sobre el verdadero origen de Freddy\u2019s.<\/p>\n<p>Cartelera<\/p>\n<p>            Ver todas las sesiones (823)<\/p>\n<p>Tr\u00e1iler<\/p>\n<p>                                    <img loading=\"lazy\" decoding=\"async\" class=\"thumbnail-img\" src=\"https:\/\/www.europesays.com\/es\/wp-content\/uploads\/2025\/12\/e8306f76dd831b5229946b4687c6d26e.jpg\" alt=\"imagen de 'Five Nights At Freddy's 2' - Tr\u00e1iler oficial subtitulado\" width=\"208\" height=\"117\"\/><\/p>\n<p>                    2:20<\/p>\n<p>                                    <img loading=\"lazy\" decoding=\"async\" class=\"thumbnail-img\" src=\"https:\/\/www.europesays.com\/es\/wp-content\/uploads\/2025\/12\/fddb72399537cfdb3b3b114fb33fb1b8.jpg\" alt=\"imagen de Tr\u00e1iler oficial al espa\u00f1ol de 'Five Nights at Freddy's 2'\" width=\"208\" height=\"117\"\/><\/p>\n<p>                    1:44<\/p>\n<p>Noticias m\u00e1s recientes<\/p>\n<p><img loading=\"lazy\" decoding=\"async\" class=\"thumbnail-img\" src=\"https:\/\/www.europesays.com\/es\/wp-content\/uploads\/2025\/12\/d90d23b049a4cfef15dba3715815f0d6.jpg\" alt=\"&quot;P*** Cupcake&quot;: Josh Hutcherson revela cu\u00e1l es el animatr\u00f3nico m\u00e1s aterrador de 'Five Night At Freddy's 2' noticias imagen\" width=\"640\" height=\"360\"\/>        <\/p>\n<p><img loading=\"lazy\" decoding=\"async\" class=\"thumbnail-img\" src=\"https:\/\/www.europesays.com\/es\/wp-content\/uploads\/2025\/12\/fb1c0e4e518c73b492f652d0bcf95028.jpg\" alt=\"Josh Hutcherson no lo vio venir: el actor admite su error al subestimar a los fans de 'Five Nights At Freddy's 2' noticias imagen\" width=\"400\" height=\"225\"\/>    <\/p>\n<p><img loading=\"lazy\" decoding=\"async\" class=\"thumbnail-img\" src=\"https:\/\/www.europesays.com\/es\/wp-content\/uploads\/2025\/12\/5e3024bdbe32f4ae2c0446090081d2c3.jpg\" alt=\"M\u00e1s del doble de animatr\u00f3nicos: la promesa de Josh Hutcherson para \u2018Five Nights at Freddy's 2\u2019 que los fans exig\u00edan noticias imagen\" width=\"400\" height=\"225\"\/>    <\/p>\n<p><img loading=\"lazy\" decoding=\"async\" class=\"thumbnail-img\" src=\"https:\/\/www.europesays.com\/es\/wp-content\/uploads\/2025\/12\/dde64e6028aa4dcf0ea3f84ae46fca05.jpg\" alt=\"El terror sale de la pizzer\u00eda: la revelaci\u00f3n de Josh Hutcherson que cambia las reglas del juego en \u2018Five Nights at Freddy's 2\u2019 noticias imagen\" width=\"400\" height=\"225\"\/>    <\/p>\n<p><img loading=\"lazy\" decoding=\"async\" class=\"thumbnail-img\" src=\"https:\/\/www.europesays.com\/es\/wp-content\/uploads\/2025\/12\/76b1842f93547445fcb38022515d6235.jpg\" alt=\"Antes de \u2018Five Night At Freddys\u2019: el siniestro western de terror en Prime Video que revel\u00f3 el oscuro talento de su directora noticias imagen\" width=\"400\" height=\"225\"\/>    <\/p>\n<p>Actores y actrices<\/p>\n<p>Fotos<\/p>\n<p>Especificaciones t\u00e9cnicas<\/p>\n<p>\n        Pa\u00eds<\/p>\n<p>                     EE.UU.<\/p>\n<p>\n        Distribuidora<br \/>\n                                     Universal Pictures M\u00e9xico\n                        <\/p>\n<p>\n        A\u00f1o de producci\u00f3n<br \/>\n        2025\n    <\/p>\n<p>\n            Tipo de pel\u00edcula<br \/>\n            Largometraje\n        <\/p>\n<p>\n        An\u00e9cdotas<br \/>\n                    &#8211;\n            <\/p>\n<p>\n        Presupuesto<br \/>\n        &#8211;\n    <\/p>\n<p>\n        Idiomas<\/p>\n<p>            Ingl\u00e9s\n    <\/p>\n<p>\n        Formato de producci\u00f3n<\/p>\n<p>            &#8211;<\/p>\n<p>\n        Color<br \/>\n        Color\n    <\/p>\n<p>\n        Formato audio<br \/>\n        &#8211;\n    <\/p>\n<p>\n        Formato de proyecci\u00f3n<br \/>\n        &#8211;\n    <\/p>\n<p>\n        N\u00b0 de Visado<br \/>\n        &#8211;\n    <\/p>\n<p>Top noticias de cine de la semana<\/p>\n<p>Trailers destacados<\/p>\n<p>&#8216;Zootopia 2&#8217; &#8211; Tr\u00e1iler oficial<\/p>\n<p>                                    <img loading=\"lazy\" decoding=\"async\" class=\"thumbnail-img\" src=\"https:\/\/www.europesays.com\/es\/wp-content\/uploads\/2025\/12\/7802a6983605c0028b4ba9d79f071a0f.jpg\" alt=\"imagen de 'Zootopia 2' - Tr\u00e1iler oficial\" width=\"215\" height=\"286\"\/><\/p>\n<p>&#8216;Depredador: Tierras Salvajes&#8217; &#8211; Tr\u00e1iler oficial subtitulado<\/p>\n<p>                                    <img loading=\"lazy\" decoding=\"async\" class=\"thumbnail-img\" src=\"https:\/\/www.europesays.com\/es\/wp-content\/uploads\/2025\/12\/67f15b1fd7b49e0e2901669d617f7369.png\" alt=\"imagen de 'Depredador: Tierras Salvajes' - Tr\u00e1iler oficial subtitulado\" width=\"215\" height=\"286\"\/><\/p>\n<p>&#8216;The Voyeurs&#8217; &#8211; Tr\u00e1iler oficial subtitulado<\/p>\n<p>                                    <img loading=\"lazy\" decoding=\"async\" class=\"thumbnail-img\" src=\"https:\/\/www.europesays.com\/es\/wp-content\/uploads\/2025\/12\/5648054.jpg\" alt=\"imagen de 'The Voyeurs' - Tr\u00e1iler oficial subtitulado\" width=\"215\" height=\"286\"\/><\/p>\n<p>Primer tr\u00e1iler de &#8216;Toy Story 5&#8217;<\/p>\n<p>                                    <img loading=\"lazy\" decoding=\"async\" class=\"thumbnail-img\" src=\"https:\/\/www.europesays.com\/es\/wp-content\/uploads\/2025\/12\/e2e7c204fbd55602db33b1a5ab064145.jpg\" alt=\"imagen de Primer tr\u00e1iler de 'Toy Story 5'\" width=\"215\" height=\"286\"\/><\/p>\n<p>Primer Tr\u00e1iler Oficial de &#8216;Borr\u00f3n y vida nueva&#8217;<\/p>\n<p>                                    <img loading=\"lazy\" decoding=\"async\" class=\"thumbnail-img\" src=\"https:\/\/www.europesays.com\/es\/wp-content\/uploads\/2025\/12\/d723d741bbcb704314320331414a391c.jpg\" alt=\"imagen de Primer Tr\u00e1iler Oficial de 'Borr\u00f3n y vida nueva'\" width=\"215\" height=\"286\"\/><\/p>\n<p>&#8216; Wicked: Por Siempre&#8217; &#8211; Tr\u00e1iler oficial subtitulado<\/p>\n<p>                                    <img loading=\"lazy\" decoding=\"async\" class=\"thumbnail-img\" src=\"https:\/\/www.europesays.com\/es\/wp-content\/uploads\/2025\/12\/42f0b7b6f5d687742177d3aa5cfb0164.jpg\" alt=\"imagen de ' Wicked: Por Siempre' - Tr\u00e1iler oficial subtitulado\" width=\"215\" height=\"286\"\/><\/p>\n<p>            Trailers m\u00e1s recientes<\/p>\n<p>Las mejores pel\u00edculas en cines<\/p>\n<p>            Mejores pel\u00edculas en cines<\/p>\n","protected":false},"excerpt":{"rendered":"Five Nights At Freddy&#8217;s 2 Cartelera y sesiones (823) Sinopsis Pel\u00edcula no recomendada a menores de 15 a\u00f1os&hellip;\n","protected":false},"author":2,"featured_media":266862,"comment_status":"","ping_status":"","sticky":false,"template":"","format":"standard","meta":{"footnotes":""},"categories":[169],"tags":[177,146,147,25,24,176,175,23],"class_list":{"0":"post-266861","1":"post","2":"type-post","3":"status-publish","4":"format-standard","5":"has-post-thumbnail","7":"category-cine","8":"tag-cine","9":"tag-entertainment","10":"tag-entretenimiento","11":"tag-es","12":"tag-espana","13":"tag-film","14":"tag-movies","15":"tag-spain"},"share_on_mastodon":{"url":"https:\/\/pubeurope.com\/@es\/115648927701471609","error":""},"_links":{"self":[{"href":"https:\/\/www.europesays.com\/es\/wp-json\/wp\/v2\/posts\/266861","targetHints":{"allow":["GET"]}}],"collection":[{"href":"https:\/\/www.europesays.com\/es\/wp-json\/wp\/v2\/posts"}],"about":[{"href":"https:\/\/www.europesays.com\/es\/wp-json\/wp\/v2\/types\/post"}],"author":[{"embeddable":true,"href":"https:\/\/www.europesays.com\/es\/wp-json\/wp\/v2\/users\/2"}],"replies":[{"embeddable":true,"href":"https:\/\/www.europesays.com\/es\/wp-json\/wp\/v2\/comments?post=266861"}],"version-history":[{"count":0,"href":"https:\/\/www.europesays.com\/es\/wp-json\/wp\/v2\/posts\/266861\/revisions"}],"wp:featuredmedia":[{"embeddable":true,"href":"https:\/\/www.europesays.com\/es\/wp-json\/wp\/v2\/media\/266862"}],"wp:attachment":[{"href":"https:\/\/www.europesays.com\/es\/wp-json\/wp\/v2\/media?parent=266861"}],"wp:term":[{"taxonomy":"category","embeddable":true,"href":"https:\/\/www.europesays.com\/es\/wp-json\/wp\/v2\/categories?post=266861"},{"taxonomy":"post_tag","embeddable":true,"href":"https:\/\/www.europesays.com\/es\/wp-json\/wp\/v2\/tags?post=266861"}],"curies":[{"name":"wp","href":"https:\/\/api.w.org\/{rel}","templated":true}]}}