{"id":266867,"date":"2025-12-02T08:04:09","date_gmt":"2025-12-02T08:04:09","guid":{"rendered":"https:\/\/www.europesays.com\/es\/266867\/"},"modified":"2025-12-02T08:04:09","modified_gmt":"2025-12-02T08:04:09","slug":"el-hogar-del-jubilado-la-mujer-de-joaquin-sabina-desvela-la-primera-imagen-tras-el-adios-a-las-giras-y-los-grandes-escenarios-ocio-y-cultura","status":"publish","type":"post","link":"https:\/\/www.europesays.com\/es\/266867\/","title":{"rendered":"\u00abEl hogar del jubilado\u00bb: la mujer de Joaqu\u00edn Sabina desvela la primera imagen tras el adi\u00f3s a las giras y los grandes escenarios | Ocio y cultura"},"content":{"rendered":"<p>Sonrisas y copas en alto para brindar. As\u00ed es la imagen del d\u00eda despu\u00e9s del \u00abjubilado\u00bb Joaqu\u00edn Sabina que ha desvelado en sus redes sociales Jimena Coronado, la mujer del m\u00fasico que <a href=\"https:\/\/cadenaser.com\/nacional\/2025\/11\/30\/joaquin-sabina-se-baja-en-atocha-se-queda-en-madrid-este-es-el-ultimo-concierto-de-mi-vida-gracias-eternas-cadena-ser\/\" target=\"_blank\" rel=\"nofollow noopener\" title=\"https:\/\/cadenaser.com\/nacional\/2025\/11\/30\/joaquin-sabina-se-baja-en-atocha-se-queda-en-madrid-este-es-el-ultimo-concierto-de-mi-vida-gracias-eternas-cadena-ser\/\">el domingo colg\u00f3 el bomb\u00edn en un concierto hist\u00f3rico<\/a> en el Movistar Arena de Madrid con el que cierra una etapa de casi medio siglo en los escenarios. \u00abEl hogar del jubilado\u00bb, escribe Jimena en Instagram como pie de una foto que destila alegr\u00eda. <\/p>\n<p>Tras el \u00ab\u00faltimo concierto de su vida\u00bb, y \u00abel m\u00e1s importante\u00bb como \u00e9l mismo dijo ante los seguidores que abarrotaron la plaza madrile\u00f1a, Sabina posa sonriente y rodeado de mujeres en lo que ya es el primer d\u00eda del resto de su vida. <\/p>\n<p>M\u00e1s informaci\u00f3n<\/p>\n<p>El domingo puso el punto final a sus giras y grandes conciertos, y desde entonces, muchos son los que han homenajeado su carrera y su legado. <\/p>\n<p>Benjam\u00edn Prado, poeta y amigo del m\u00fasico destacaba en La Ventana de la SER que Sabina \u00abes un poeta con banda. <a href=\"https:\/\/cadenaser.com\/nacional\/2025\/12\/01\/el-homenaje-de-benjamin-prado-a-sabina-tras-su-despedida-es-un-poeta-con-banda-si-le-llamas-solo-cantante-te-estas-quedando-muy-corto-cadena-ser\/\" target=\"_blank\" rel=\"nofollow noopener\" title=\"https:\/\/cadenaser.com\/nacional\/2025\/12\/01\/el-homenaje-de-benjamin-prado-a-sabina-tras-su-despedida-es-un-poeta-con-banda-si-le-llamas-solo-cantante-te-estas-quedando-muy-corto-cadena-ser\/\">Si le llamas solo cantante te est\u00e1s quedando muy corto<\/a>\u00ab. <\/p>\n<p>Jon Sistiaga propuso adem\u00e1s la <a href=\"https:\/\/cadenaser.com\/nacional\/2025\/12\/01\/jon-sistiaga-propone-la-candidatura-de-joaquin-sabina-al-premio-cervantes-es-un-poeta-un-evocador-de-emociones-cadena-ser\/\" target=\"_blank\" rel=\"nofollow noopener\" title=\"https:\/\/cadenaser.com\/nacional\/2025\/12\/01\/jon-sistiaga-propone-la-candidatura-de-joaquin-sabina-al-premio-cervantes-es-un-poeta-un-evocador-de-emociones-cadena-ser\/\">candidatura de Sabina al Premio Cervantes<\/a>: \u00abEs un poeta, un evocador de emociones\u00bb.<\/p>\n<p><img decoding=\"async\" src=\"https:\/\/www.europesays.com\/es\/wp-content\/uploads\/2025\/12\/https:\/\/sdmedia.playser.cadenaser.com\/playser\/image\/202512\/01\/1764606386381_1764606422_asset_still.p.jpeg\" alt=\"Jon Sistiaga propone la candidatura de Joaqu\u00edn Sabina al Premio Cervantes: &quot;Es un poeta, un evocador de emociones&quot;\" width=\"655\"   loading=\"lazy\"\/><\/p>\n<p class=\"tit\">Jon Sistiaga propone la candidatura de Joaqu\u00edn Sabina al Premio Cervantes: \u00abEs un poeta, un evocador de emociones\u00bb<\/p>\n<p>00:00:0001:08<\/p>\n<p>El c\u00f3digo iframe se ha copiado en el portapapeles<\/p>\n<p>FacebookTwitterLinkedinWhatsAppCerrar<\/p>\n<p>A partir de ahora, el poeta que ha puesto banda sonora a la vida de muchos seguir\u00e1 escribiendo canciones para un nuevo disco en el que ya trabaja, tambi\u00e9n poes\u00eda y pintar\u00e1, otras de sus grandes aficiones.<\/p>\n","protected":false},"excerpt":{"rendered":"Sonrisas y copas en alto para brindar. As\u00ed es la imagen del d\u00eda despu\u00e9s del \u00abjubilado\u00bb Joaqu\u00edn Sabina&hellip;\n","protected":false},"author":2,"featured_media":266868,"comment_status":"","ping_status":"","sticky":false,"template":"","format":"standard","meta":{"footnotes":""},"categories":[91],"tags":[146,147,25,24,23],"class_list":{"0":"post-266867","1":"post","2":"type-post","3":"status-publish","4":"format-standard","5":"has-post-thumbnail","7":"category-entretenimiento","8":"tag-entertainment","9":"tag-entretenimiento","10":"tag-es","11":"tag-espana","12":"tag-spain"},"share_on_mastodon":{"url":"https:\/\/pubeurope.com\/@es\/115648938922187534","error":""},"_links":{"self":[{"href":"https:\/\/www.europesays.com\/es\/wp-json\/wp\/v2\/posts\/266867","targetHints":{"allow":["GET"]}}],"collection":[{"href":"https:\/\/www.europesays.com\/es\/wp-json\/wp\/v2\/posts"}],"about":[{"href":"https:\/\/www.europesays.com\/es\/wp-json\/wp\/v2\/types\/post"}],"author":[{"embeddable":true,"href":"https:\/\/www.europesays.com\/es\/wp-json\/wp\/v2\/users\/2"}],"replies":[{"embeddable":true,"href":"https:\/\/www.europesays.com\/es\/wp-json\/wp\/v2\/comments?post=266867"}],"version-history":[{"count":0,"href":"https:\/\/www.europesays.com\/es\/wp-json\/wp\/v2\/posts\/266867\/revisions"}],"wp:featuredmedia":[{"embeddable":true,"href":"https:\/\/www.europesays.com\/es\/wp-json\/wp\/v2\/media\/266868"}],"wp:attachment":[{"href":"https:\/\/www.europesays.com\/es\/wp-json\/wp\/v2\/media?parent=266867"}],"wp:term":[{"taxonomy":"category","embeddable":true,"href":"https:\/\/www.europesays.com\/es\/wp-json\/wp\/v2\/categories?post=266867"},{"taxonomy":"post_tag","embeddable":true,"href":"https:\/\/www.europesays.com\/es\/wp-json\/wp\/v2\/tags?post=266867"}],"curies":[{"name":"wp","href":"https:\/\/api.w.org\/{rel}","templated":true}]}}