{"id":266870,"date":"2025-12-02T08:07:13","date_gmt":"2025-12-02T08:07:13","guid":{"rendered":"https:\/\/www.europesays.com\/es\/266870\/"},"modified":"2025-12-02T08:07:13","modified_gmt":"2025-12-02T08:07:13","slug":"amplia-iberia-suspension-de-vuelos-a-venezuela","status":"publish","type":"post","link":"https:\/\/www.europesays.com\/es\/266870\/","title":{"rendered":"Ampl\u00eda Iberia suspensi\u00f3n de vuelos a Venezuela"},"content":{"rendered":"<p class=\"gr_datos_tiempo\">01 MIN 00 SEG<\/p>\n<p class=\"gr_datos_autor\">Reuters<\/p>\n<p class=\"gr_datos_lugar_fecha\">Madrid, Espa\u00f1a (01 diciembre 2025) .-10:34 hrs<\/p>\n<p><img decoding=\"async\" id=\"imgCerrarSticky\" style=\"display:none;\" class=\"stickyImg\" onclick=\"cerrarSticky()\" src=\"https:\/\/www.europesays.com\/es\/wp-content\/uploads\/2025\/07\/btn_cerrar.png\"\/><img decoding=\"async\" src=\"https:\/\/www.europesays.com\/es\/wp-content\/uploads\/2025\/12\/expande.png\" alt=\"\"\/><img decoding=\"async\" src=\"https:\/\/www.europesays.com\/es\/wp-content\/uploads\/2025\/12\/6082789.jpg&#038;imagencompleta=1.jpeg\" alt=\"La aerol\u00ednea espa\u00f1ola Iberia prorrog\u00f3 la suspensi\u00f3n de sus vuelos a Venezuela hasta el 31 de diciembre.\" class=\"imgArt zoomable-image\"\/><\/p>\n<p class=\"gr_pie_de_foto\">La aerol\u00ednea espa\u00f1ola Iberia prorrog\u00f3 la suspensi\u00f3n de sus vuelos a Venezuela hasta el 31 de diciembre. Cr\u00e9dito: AFP<\/p>\n<p>La <strong>aerol\u00ednea espa\u00f1ola Iberia<\/strong> prorrog\u00f3 el lunes la suspensi\u00f3n de sus vuelos a Venezuela hasta el<strong> 31 de diciembre, <\/strong>bas\u00e1ndose en una recomendaci\u00f3n de la Agencia Estatal de Seguridad A\u00e9rea espa\u00f1ola (AESA), mientras las tensiones entre Caracas y Washington siguen agitando la aviaci\u00f3n comercial.<\/p>\n<p><img decoding=\"async\" width=\"35px\" height=\"35px\" style=\"display:none;\" src=\"https:\/\/www.europesays.com\/es\/wp-content\/uploads\/2025\/12\/contrae2.png\" alt=\"\" id=\"closeM\"\/><img class=\"modal-content\"\/><\/p>\n","protected":false},"excerpt":{"rendered":"01 MIN 00 SEG Reuters Madrid, Espa\u00f1a (01 diciembre 2025) .-10:34 hrs La aerol\u00ednea espa\u00f1ola Iberia prorrog\u00f3 la&hellip;\n","protected":false},"author":2,"featured_media":266871,"comment_status":"","ping_status":"","sticky":false,"template":"","format":"standard","meta":{"footnotes":""},"categories":[42],"tags":[26560,17,18,24,13,14,11,13675,61,62,63,64,19,20,9,10,15,16,952,7680,12,21,22,1192,9648,65,66,67],"class_list":{"0":"post-266870","1":"post","2":"type-post","3":"status-publish","4":"format-standard","5":"has-post-thumbnail","7":"category-internacional","8":"tag-aerolinea","9":"tag-breaking-news","10":"tag-breakingnews","11":"tag-espana","12":"tag-featured-news","13":"tag-featurednews","14":"tag-headlines","15":"tag-iberia","16":"tag-internacional","17":"tag-international","18":"tag-international-news","19":"tag-internationalnews","20":"tag-latest-news","21":"tag-latestnews","22":"tag-news","23":"tag-noticias","24":"tag-noticias-destacadas","25":"tag-noticiasdestacadas","26":"tag-politica","27":"tag-suspension","28":"tag-titulares","29":"tag-ultimas-noticias","30":"tag-ultimasnoticias","31":"tag-venezuela","32":"tag-vuelos","33":"tag-world","34":"tag-world-news","35":"tag-worldnews"},"share_on_mastodon":{"url":"https:\/\/pubeurope.com\/@es\/115648951518539688","error":""},"_links":{"self":[{"href":"https:\/\/www.europesays.com\/es\/wp-json\/wp\/v2\/posts\/266870","targetHints":{"allow":["GET"]}}],"collection":[{"href":"https:\/\/www.europesays.com\/es\/wp-json\/wp\/v2\/posts"}],"about":[{"href":"https:\/\/www.europesays.com\/es\/wp-json\/wp\/v2\/types\/post"}],"author":[{"embeddable":true,"href":"https:\/\/www.europesays.com\/es\/wp-json\/wp\/v2\/users\/2"}],"replies":[{"embeddable":true,"href":"https:\/\/www.europesays.com\/es\/wp-json\/wp\/v2\/comments?post=266870"}],"version-history":[{"count":0,"href":"https:\/\/www.europesays.com\/es\/wp-json\/wp\/v2\/posts\/266870\/revisions"}],"wp:featuredmedia":[{"embeddable":true,"href":"https:\/\/www.europesays.com\/es\/wp-json\/wp\/v2\/media\/266871"}],"wp:attachment":[{"href":"https:\/\/www.europesays.com\/es\/wp-json\/wp\/v2\/media?parent=266870"}],"wp:term":[{"taxonomy":"category","embeddable":true,"href":"https:\/\/www.europesays.com\/es\/wp-json\/wp\/v2\/categories?post=266870"},{"taxonomy":"post_tag","embeddable":true,"href":"https:\/\/www.europesays.com\/es\/wp-json\/wp\/v2\/tags?post=266870"}],"curies":[{"name":"wp","href":"https:\/\/api.w.org\/{rel}","templated":true}]}}