{"id":266872,"date":"2025-12-02T08:09:00","date_gmt":"2025-12-02T08:09:00","guid":{"rendered":"https:\/\/www.europesays.com\/es\/266872\/"},"modified":"2025-12-02T08:09:00","modified_gmt":"2025-12-02T08:09:00","slug":"las-mejores-imagenes-de-las-luces-de-navidad-de-ponferrada","status":"publish","type":"post","link":"https:\/\/www.europesays.com\/es\/266872\/","title":{"rendered":"Las mejores im\u00e1genes de las luces de Navidad de Ponferrada"},"content":{"rendered":"<p><a class=\"v-mdl-ath__fig-a\" href=\"https:\/\/www.elbierzonoticias.com\/autor\/elbierzonoticias-6553.html\" title=\"Mario de la Torre\" rel=\"nofollow noopener\" target=\"_blank\"><br \/>\n<img decoding=\"async\" class=\"v-mdl-ath__img\" src=\"https:\/\/www.europesays.com\/es\/wp-content\/uploads\/2025\/10\/autor-6553-foto-1.jpeg\" alt=\"Mario de la Torre\"\/><br \/>\n<\/a><\/p>\n<p class=\"v-mdl-ath__p v-mdl-ath__p--2\">\n<a href=\"https:\/\/www.elbierzonoticias.com\/autor\/elbierzonoticias-6553.html\" rel=\"nofollow noopener\" target=\"_blank\">Mario de la Torre<\/a>\n<\/p>\n<p class=\"v-mdl-ath__p v-mdl-ath__p--3\">\nPonferrada\n<\/p>\n<p class=\"v-mdl-ath__p v-mdl-ath__p--6\">\nLunes, 1 de diciembre 2025, 17:57<\/p>\n<p>| Actualizado 18:16h.<\/p>\n<p>Modo oscuro<\/p>\n<p>Compartir<\/p>\n<p class=\"v-p\">El encendido navide\u00f1o en Ponferrada abre un mes de ilusi\u00f3n. Las luces que llenan las calles, plazas y el entorno de los monumentos de la capital berciana ofrecen un colorido sin igual a vecinos y visitantes que estos d\u00edas aprovechan para disfrutar de un paseo iluminado. <\/p>\n<p class=\"v-p\">Desde Elbierzonoticias os traemos una selecci\u00f3n de impresionantes im\u00e1genes para que os anim\u00e9is a visitar Ponferrada durante todas las Navidades. <\/p>\n<p class=\"v-p\">Si quer\u00e9is conocer el resto de actividades previstas os dejamos<a href=\"https:\/\/www.elbierzonoticias.com\/ponferrada\/ponferrada-despliega-magia-navidad-20251201180334-nt.html\" title=\"www.elbierzonoticias.com\" data-voc-vtm-id=\"in-text-traffic\" data-mrf-link=\"www.elbierzonoticias.com\" rel=\"nofollow noopener\" target=\"_blank\"> toda la informaci\u00f3n por aqu\u00ed<\/a>. <\/p>\n<p><img decoding=\"async\" loading=\"lazy\" src=\"https:\/\/www.europesays.com\/es\/wp-content\/uploads\/2025\/12\/YDRAY-Luces-Navidad-Ponferrada-30-Nov-2025---mariodelatorre.es_5.jpg\" class=\"v-a-img\" width=\"624\" height=\"900\" alt=\"Las mejores im\u00e1genes de las luces de Navidad de Ponferrada\"\/><\/p>\n<p class=\"v-pill-m__c\">\n<p>Ampliar\n<\/p>\n<p><img decoding=\"async\" loading=\"lazy\" src=\"https:\/\/www.europesays.com\/es\/wp-content\/uploads\/2025\/12\/YDRAY-Luces-Navidad-Ponferrada-30-Nov-2025---mariodelatorre.es_5.jpg\" class=\"v-mdl__img-z\" width=\"624\" height=\"900\" alt=\"Las mejores im\u00e1genes de las luces de Navidad de Ponferrada\"\/><\/p>\n<p><img loading=\"lazy\" decoding=\"async\" src=\"https:\/\/www.europesays.com\/es\/wp-content\/uploads\/2025\/12\/YDRAY-Luces-Navidad-Ponferrada-30-Nov-2025---mariodelatorre.es_5.jpg\" class=\"v-mdl__img-z\" width=\"624\" height=\"900\" alt=\"Las mejores im\u00e1genes de las luces de Navidad de Ponferrada\"\/><\/p>\n<p><img decoding=\"async\" loading=\"lazy\" src=\"https:\/\/www.europesays.com\/es\/wp-content\/uploads\/2025\/12\/YDRAY-Luces-Navidad-Ponferrada-30-Nov-2025---mariodelatorre.es_6.jpg\" class=\"v-a-img\" width=\"624\" height=\"900\" alt=\"Las mejores im\u00e1genes de las luces de Navidad de Ponferrada\"\/><\/p>\n<p class=\"v-pill-m__c\">\n<p>Ampliar\n<\/p>\n<p><img decoding=\"async\" loading=\"lazy\" src=\"https:\/\/www.europesays.com\/es\/wp-content\/uploads\/2025\/12\/YDRAY-Luces-Navidad-Ponferrada-30-Nov-2025---mariodelatorre.es_6.jpg\" class=\"v-mdl__img-z\" width=\"624\" height=\"900\" alt=\"Las mejores im\u00e1genes de las luces de Navidad de Ponferrada\"\/><\/p>\n<p><img loading=\"lazy\" decoding=\"async\" src=\"https:\/\/www.europesays.com\/es\/wp-content\/uploads\/2025\/12\/YDRAY-Luces-Navidad-Ponferrada-30-Nov-2025---mariodelatorre.es_6.jpg\" class=\"v-mdl__img-z\" width=\"624\" height=\"900\" alt=\"Las mejores im\u00e1genes de las luces de Navidad de Ponferrada\"\/><\/p>\n<p><img decoding=\"async\" loading=\"lazy\" src=\"https:\/\/www.europesays.com\/es\/wp-content\/uploads\/2025\/12\/YDRAY-Luces-Navidad-Ponferrada-30-Nov-2025---mariodelatorre.es_7.jpg\" class=\"v-a-img\" width=\"624\" height=\"900\" alt=\"Las mejores im\u00e1genes de las luces de Navidad de Ponferrada\"\/><\/p>\n<p class=\"v-pill-m__c\">\n<p>Ampliar\n<\/p>\n<p><img decoding=\"async\" loading=\"lazy\" src=\"https:\/\/www.europesays.com\/es\/wp-content\/uploads\/2025\/12\/YDRAY-Luces-Navidad-Ponferrada-30-Nov-2025---mariodelatorre.es_7.jpg\" class=\"v-mdl__img-z\" width=\"624\" height=\"900\" alt=\"Las mejores im\u00e1genes de las luces de Navidad de Ponferrada\"\/><\/p>\n<p><img loading=\"lazy\" decoding=\"async\" src=\"https:\/\/www.europesays.com\/es\/wp-content\/uploads\/2025\/12\/YDRAY-Luces-Navidad-Ponferrada-30-Nov-2025---mariodelatorre.es_7.jpg\" class=\"v-mdl__img-z\" width=\"624\" height=\"900\" alt=\"Las mejores im\u00e1genes de las luces de Navidad de Ponferrada\"\/><\/p>\n<p><img decoding=\"async\" loading=\"lazy\" src=\"https:\/\/www.europesays.com\/es\/wp-content\/uploads\/2025\/12\/YDRAY-Luces-Navidad-Ponferrada-30-Nov-2025---mariodelatorre.es_8.jpg\" class=\"v-a-img\" width=\"624\" height=\"900\" alt=\"Las mejores im\u00e1genes de las luces de Navidad de Ponferrada\"\/><\/p>\n<p class=\"v-pill-m__c\">\n<p>Ampliar\n<\/p>\n<p><img decoding=\"async\" loading=\"lazy\" src=\"https:\/\/www.europesays.com\/es\/wp-content\/uploads\/2025\/12\/YDRAY-Luces-Navidad-Ponferrada-30-Nov-2025---mariodelatorre.es_8.jpg\" class=\"v-mdl__img-z\" width=\"624\" height=\"900\" alt=\"Las mejores im\u00e1genes de las luces de Navidad de Ponferrada\"\/><\/p>\n<p><img loading=\"lazy\" decoding=\"async\" src=\"https:\/\/www.europesays.com\/es\/wp-content\/uploads\/2025\/12\/YDRAY-Luces-Navidad-Ponferrada-30-Nov-2025---mariodelatorre.es_8.jpg\" class=\"v-mdl__img-z\" width=\"624\" height=\"900\" alt=\"Las mejores im\u00e1genes de las luces de Navidad de Ponferrada\"\/><\/p>\n<p><img decoding=\"async\" loading=\"lazy\" src=\"https:\/\/www.europesays.com\/es\/wp-content\/uploads\/2025\/12\/YDRAY-Luces-Navidad-Ponferrada-30-Nov-2025---mariodelatorre.es_9.jpg\" class=\"v-a-img\" width=\"624\" height=\"900\" alt=\"Las mejores im\u00e1genes de las luces de Navidad de Ponferrada\"\/><\/p>\n<p class=\"v-pill-m__c\">\n<p>Ampliar\n<\/p>\n<p><img decoding=\"async\" loading=\"lazy\" src=\"https:\/\/www.europesays.com\/es\/wp-content\/uploads\/2025\/12\/YDRAY-Luces-Navidad-Ponferrada-30-Nov-2025---mariodelatorre.es_9.jpg\" class=\"v-mdl__img-z\" width=\"624\" height=\"900\" alt=\"Las mejores im\u00e1genes de las luces de Navidad de Ponferrada\"\/><\/p>\n<p><img loading=\"lazy\" decoding=\"async\" src=\"https:\/\/www.europesays.com\/es\/wp-content\/uploads\/2025\/12\/YDRAY-Luces-Navidad-Ponferrada-30-Nov-2025---mariodelatorre.es_9.jpg\" class=\"v-mdl__img-z\" width=\"624\" height=\"900\" alt=\"Las mejores im\u00e1genes de las luces de Navidad de Ponferrada\"\/><\/p>\n<p><img decoding=\"async\" loading=\"lazy\" src=\"https:\/\/www.europesays.com\/es\/wp-content\/uploads\/2025\/12\/YDRAY-Luces-Navidad-Ponferrada-30-Nov-2025---mariodelatorre.es_0.jpg\" class=\"v-a-img\" width=\"624\" height=\"900\" alt=\"Las mejores im\u00e1genes de las luces de Navidad de Ponferrada\"\/><\/p>\n<p class=\"v-pill-m__c\">\n<p>Ampliar\n<\/p>\n<p><img decoding=\"async\" loading=\"lazy\" src=\"https:\/\/www.europesays.com\/es\/wp-content\/uploads\/2025\/12\/YDRAY-Luces-Navidad-Ponferrada-30-Nov-2025---mariodelatorre.es_0.jpg\" class=\"v-mdl__img-z\" width=\"624\" height=\"900\" alt=\"Las mejores im\u00e1genes de las luces de Navidad de Ponferrada\"\/><\/p>\n<p><img loading=\"lazy\" decoding=\"async\" src=\"https:\/\/www.europesays.com\/es\/wp-content\/uploads\/2025\/12\/YDRAY-Luces-Navidad-Ponferrada-30-Nov-2025---mariodelatorre.es_0.jpg\" class=\"v-mdl__img-z\" width=\"624\" height=\"900\" alt=\"Las mejores im\u00e1genes de las luces de Navidad de Ponferrada\"\/><\/p>\n<p><img decoding=\"async\" loading=\"lazy\" src=\"https:\/\/www.europesays.com\/es\/wp-content\/uploads\/2025\/12\/YDRAY-Luces-Navidad-Ponferrada-30-Nov-2025---mariodelatorre.es_1.jpg\" class=\"v-a-img\" width=\"624\" height=\"900\" alt=\"Las mejores im\u00e1genes de las luces de Navidad de Ponferrada\"\/><\/p>\n<p class=\"v-pill-m__c\">\n<p>Ampliar\n<\/p>\n<p><img decoding=\"async\" loading=\"lazy\" src=\"https:\/\/www.europesays.com\/es\/wp-content\/uploads\/2025\/12\/YDRAY-Luces-Navidad-Ponferrada-30-Nov-2025---mariodelatorre.es_1.jpg\" class=\"v-mdl__img-z\" width=\"624\" height=\"900\" alt=\"Las mejores im\u00e1genes de las luces de Navidad de Ponferrada\"\/><\/p>\n<p><img loading=\"lazy\" decoding=\"async\" src=\"https:\/\/www.europesays.com\/es\/wp-content\/uploads\/2025\/12\/YDRAY-Luces-Navidad-Ponferrada-30-Nov-2025---mariodelatorre.es_1.jpg\" class=\"v-mdl__img-z\" width=\"624\" height=\"900\" alt=\"Las mejores im\u00e1genes de las luces de Navidad de Ponferrada\"\/><\/p>\n<p><img decoding=\"async\" loading=\"lazy\" src=\"https:\/\/www.europesays.com\/es\/wp-content\/uploads\/2025\/12\/YDRAY-Luces-Navidad-Ponferrada-30-Nov-2025---mariodelatorre.es_10.jpg\" class=\"v-a-img\" width=\"624\" height=\"900\" alt=\"Las mejores im\u00e1genes de las luces de Navidad de Ponferrada\"\/><\/p>\n<p class=\"v-pill-m__c\">\n<p>Ampliar\n<\/p>\n<p><img decoding=\"async\" loading=\"lazy\" src=\"https:\/\/www.europesays.com\/es\/wp-content\/uploads\/2025\/12\/YDRAY-Luces-Navidad-Ponferrada-30-Nov-2025---mariodelatorre.es_10.jpg\" class=\"v-mdl__img-z\" width=\"624\" height=\"900\" alt=\"Las mejores im\u00e1genes de las luces de Navidad de Ponferrada\"\/><\/p>\n<p><img loading=\"lazy\" decoding=\"async\" src=\"https:\/\/www.europesays.com\/es\/wp-content\/uploads\/2025\/12\/YDRAY-Luces-Navidad-Ponferrada-30-Nov-2025---mariodelatorre.es_10.jpg\" class=\"v-mdl__img-z\" width=\"624\" height=\"900\" alt=\"Las mejores im\u00e1genes de las luces de Navidad de Ponferrada\"\/><\/p>\n<p><img decoding=\"async\" loading=\"lazy\" src=\"https:\/\/www.europesays.com\/es\/wp-content\/uploads\/2025\/12\/YDRAY-Luces-Navidad-Ponferrada-30-Nov-2025---mariodelatorre.es_11.jpg\" class=\"v-a-img\" width=\"624\" height=\"900\" alt=\"Las mejores im\u00e1genes de las luces de Navidad de Ponferrada\"\/><\/p>\n<p class=\"v-pill-m__c\">\n<p>Ampliar\n<\/p>\n<p><img decoding=\"async\" loading=\"lazy\" src=\"https:\/\/www.europesays.com\/es\/wp-content\/uploads\/2025\/12\/YDRAY-Luces-Navidad-Ponferrada-30-Nov-2025---mariodelatorre.es_11.jpg\" class=\"v-mdl__img-z\" width=\"624\" height=\"900\" alt=\"Las mejores im\u00e1genes de las luces de Navidad de Ponferrada\"\/><\/p>\n<p><img loading=\"lazy\" decoding=\"async\" src=\"https:\/\/www.europesays.com\/es\/wp-content\/uploads\/2025\/12\/YDRAY-Luces-Navidad-Ponferrada-30-Nov-2025---mariodelatorre.es_11.jpg\" class=\"v-mdl__img-z\" width=\"624\" height=\"900\" alt=\"Las mejores im\u00e1genes de las luces de Navidad de Ponferrada\"\/><\/p>\n<p><img decoding=\"async\" loading=\"lazy\" src=\"https:\/\/www.europesays.com\/es\/wp-content\/uploads\/2025\/12\/YDRAY-Luces-Navidad-Ponferrada-30-Nov-2025---mariodelatorre.es_12.jpg\" class=\"v-a-img\" width=\"624\" height=\"900\" alt=\"Las mejores im\u00e1genes de las luces de Navidad de Ponferrada\"\/><\/p>\n<p class=\"v-pill-m__c\">\n<p>Ampliar\n<\/p>\n<p><img decoding=\"async\" loading=\"lazy\" src=\"https:\/\/www.europesays.com\/es\/wp-content\/uploads\/2025\/12\/YDRAY-Luces-Navidad-Ponferrada-30-Nov-2025---mariodelatorre.es_12.jpg\" class=\"v-mdl__img-z\" width=\"624\" height=\"900\" alt=\"Las mejores im\u00e1genes de las luces de Navidad de Ponferrada\"\/><\/p>\n<p><img loading=\"lazy\" decoding=\"async\" src=\"https:\/\/www.europesays.com\/es\/wp-content\/uploads\/2025\/12\/YDRAY-Luces-Navidad-Ponferrada-30-Nov-2025---mariodelatorre.es_12.jpg\" class=\"v-mdl__img-z\" width=\"624\" height=\"900\" alt=\"Las mejores im\u00e1genes de las luces de Navidad de Ponferrada\"\/><\/p>\n<p><img decoding=\"async\" loading=\"lazy\" src=\"https:\/\/www.europesays.com\/es\/wp-content\/uploads\/2025\/12\/YDRAY-Luces-Navidad-Ponferrada-30-Nov-2025---mariodelatorre.es_13.jpg\" class=\"v-a-img\" width=\"624\" height=\"900\" alt=\"Las mejores im\u00e1genes de las luces de Navidad de Ponferrada\"\/><\/p>\n<p class=\"v-pill-m__c\">\n<p>Ampliar\n<\/p>\n<p><img decoding=\"async\" loading=\"lazy\" src=\"https:\/\/www.europesays.com\/es\/wp-content\/uploads\/2025\/12\/YDRAY-Luces-Navidad-Ponferrada-30-Nov-2025---mariodelatorre.es_13.jpg\" class=\"v-mdl__img-z\" width=\"624\" height=\"900\" alt=\"Las mejores im\u00e1genes de las luces de Navidad de Ponferrada\"\/><\/p>\n<p><img loading=\"lazy\" decoding=\"async\" src=\"https:\/\/www.europesays.com\/es\/wp-content\/uploads\/2025\/12\/YDRAY-Luces-Navidad-Ponferrada-30-Nov-2025---mariodelatorre.es_13.jpg\" class=\"v-mdl__img-z\" width=\"624\" height=\"900\" alt=\"Las mejores im\u00e1genes de las luces de Navidad de Ponferrada\"\/><\/p>\n<p><img decoding=\"async\" loading=\"lazy\" src=\"https:\/\/www.europesays.com\/es\/wp-content\/uploads\/2025\/12\/YDRAY-Luces-Navidad-Ponferrada-30-Nov-2025---mariodelatorre.es_14.jpg\" class=\"v-a-img\" width=\"624\" height=\"900\" alt=\"Las mejores im\u00e1genes de las luces de Navidad de Ponferrada\"\/><\/p>\n<p class=\"v-pill-m__c\">\n<p>Ampliar\n<\/p>\n<p><img decoding=\"async\" loading=\"lazy\" src=\"https:\/\/www.europesays.com\/es\/wp-content\/uploads\/2025\/12\/YDRAY-Luces-Navidad-Ponferrada-30-Nov-2025---mariodelatorre.es_14.jpg\" class=\"v-mdl__img-z\" width=\"624\" height=\"900\" alt=\"Las mejores im\u00e1genes de las luces de Navidad de Ponferrada\"\/><\/p>\n<p><img loading=\"lazy\" decoding=\"async\" src=\"https:\/\/www.europesays.com\/es\/wp-content\/uploads\/2025\/12\/YDRAY-Luces-Navidad-Ponferrada-30-Nov-2025---mariodelatorre.es_14.jpg\" class=\"v-mdl__img-z\" width=\"624\" height=\"900\" alt=\"Las mejores im\u00e1genes de las luces de Navidad de Ponferrada\"\/><\/p>\n<p><img decoding=\"async\" loading=\"lazy\" src=\"https:\/\/www.europesays.com\/es\/wp-content\/uploads\/2025\/12\/YDRAY-Luces-Navidad-Ponferrada-30-Nov-2025---mariodelatorre.es_15.jpg\" class=\"v-a-img\" width=\"624\" height=\"900\" alt=\"Las mejores im\u00e1genes de las luces de Navidad de Ponferrada\"\/><\/p>\n<p class=\"v-pill-m__c\">\n<p>Ampliar\n<\/p>\n<p><img decoding=\"async\" loading=\"lazy\" src=\"https:\/\/www.europesays.com\/es\/wp-content\/uploads\/2025\/12\/YDRAY-Luces-Navidad-Ponferrada-30-Nov-2025---mariodelatorre.es_15.jpg\" class=\"v-mdl__img-z\" width=\"624\" height=\"900\" alt=\"Las mejores im\u00e1genes de las luces de Navidad de Ponferrada\"\/><\/p>\n<p><img loading=\"lazy\" decoding=\"async\" src=\"https:\/\/www.europesays.com\/es\/wp-content\/uploads\/2025\/12\/YDRAY-Luces-Navidad-Ponferrada-30-Nov-2025---mariodelatorre.es_15.jpg\" class=\"v-mdl__img-z\" width=\"624\" height=\"900\" alt=\"Las mejores im\u00e1genes de las luces de Navidad de Ponferrada\"\/><\/p>\n<p><img decoding=\"async\" loading=\"lazy\" src=\"https:\/\/www.europesays.com\/es\/wp-content\/uploads\/2025\/12\/YDRAY-Luces-Navidad-Ponferrada-30-Nov-2025---mariodelatorre.es_16.jpg\" class=\"v-a-img\" width=\"624\" height=\"900\" alt=\"Las mejores im\u00e1genes de las luces de Navidad de Ponferrada\"\/><\/p>\n<p class=\"v-pill-m__c\">\n<p>Ampliar\n<\/p>\n<p><img decoding=\"async\" loading=\"lazy\" src=\"https:\/\/www.europesays.com\/es\/wp-content\/uploads\/2025\/12\/YDRAY-Luces-Navidad-Ponferrada-30-Nov-2025---mariodelatorre.es_16.jpg\" class=\"v-mdl__img-z\" width=\"624\" height=\"900\" alt=\"Las mejores im\u00e1genes de las luces de Navidad de Ponferrada\"\/><\/p>\n<p><img loading=\"lazy\" decoding=\"async\" src=\"https:\/\/www.europesays.com\/es\/wp-content\/uploads\/2025\/12\/YDRAY-Luces-Navidad-Ponferrada-30-Nov-2025---mariodelatorre.es_16.jpg\" class=\"v-mdl__img-z\" width=\"624\" height=\"900\" alt=\"Las mejores im\u00e1genes de las luces de Navidad de Ponferrada\"\/><\/p>\n<p><img decoding=\"async\" loading=\"lazy\" src=\"https:\/\/www.europesays.com\/es\/wp-content\/uploads\/2025\/12\/YDRAY-Luces-Navidad-Ponferrada-30-Nov-2025---mariodelatorre.es_17.jpg\" class=\"v-a-img\" width=\"624\" height=\"900\" alt=\"Las mejores im\u00e1genes de las luces de Navidad de Ponferrada\"\/><\/p>\n<p class=\"v-pill-m__c\">\n<p>Ampliar\n<\/p>\n<p><img decoding=\"async\" loading=\"lazy\" src=\"https:\/\/www.europesays.com\/es\/wp-content\/uploads\/2025\/12\/YDRAY-Luces-Navidad-Ponferrada-30-Nov-2025---mariodelatorre.es_17.jpg\" class=\"v-mdl__img-z\" width=\"624\" height=\"900\" alt=\"Las mejores im\u00e1genes de las luces de Navidad de Ponferrada\"\/><\/p>\n<p><img loading=\"lazy\" decoding=\"async\" src=\"https:\/\/www.europesays.com\/es\/wp-content\/uploads\/2025\/12\/YDRAY-Luces-Navidad-Ponferrada-30-Nov-2025---mariodelatorre.es_17.jpg\" class=\"v-mdl__img-z\" width=\"624\" height=\"900\" alt=\"Las mejores im\u00e1genes de las luces de Navidad de Ponferrada\"\/><\/p>\n<p><img decoding=\"async\" loading=\"lazy\" src=\"https:\/\/www.europesays.com\/es\/wp-content\/uploads\/2025\/12\/YDRAY-Luces-Navidad-Ponferrada-30-Nov-2025---mariodelatorre.es_18.jpg\" class=\"v-a-img\" width=\"624\" height=\"900\" alt=\"Las mejores im\u00e1genes de las luces de Navidad de Ponferrada\"\/><\/p>\n<p class=\"v-pill-m__c\">\n<p>Ampliar\n<\/p>\n<p><img decoding=\"async\" loading=\"lazy\" src=\"https:\/\/www.europesays.com\/es\/wp-content\/uploads\/2025\/12\/YDRAY-Luces-Navidad-Ponferrada-30-Nov-2025---mariodelatorre.es_18.jpg\" class=\"v-mdl__img-z\" width=\"624\" height=\"900\" alt=\"Las mejores im\u00e1genes de las luces de Navidad de Ponferrada\"\/><\/p>\n<p><img loading=\"lazy\" decoding=\"async\" src=\"https:\/\/www.europesays.com\/es\/wp-content\/uploads\/2025\/12\/YDRAY-Luces-Navidad-Ponferrada-30-Nov-2025---mariodelatorre.es_18.jpg\" class=\"v-mdl__img-z\" width=\"624\" height=\"900\" alt=\"Las mejores im\u00e1genes de las luces de Navidad de Ponferrada\"\/><\/p>\n<p><img decoding=\"async\" loading=\"lazy\" src=\"https:\/\/www.europesays.com\/es\/wp-content\/uploads\/2025\/12\/YDRAY-Luces-Navidad-Ponferrada-30-Nov-2025---mariodelatorre.es_19.jpg\" class=\"v-a-img\" width=\"624\" height=\"900\" alt=\"Las mejores im\u00e1genes de las luces de Navidad de Ponferrada\"\/><\/p>\n<p class=\"v-pill-m__c\">\n<p>Ampliar\n<\/p>\n<p><img decoding=\"async\" loading=\"lazy\" src=\"https:\/\/www.europesays.com\/es\/wp-content\/uploads\/2025\/12\/YDRAY-Luces-Navidad-Ponferrada-30-Nov-2025---mariodelatorre.es_19.jpg\" class=\"v-mdl__img-z\" width=\"624\" height=\"900\" alt=\"Las mejores im\u00e1genes de las luces de Navidad de Ponferrada\"\/><\/p>\n<p><img loading=\"lazy\" decoding=\"async\" src=\"https:\/\/www.europesays.com\/es\/wp-content\/uploads\/2025\/12\/YDRAY-Luces-Navidad-Ponferrada-30-Nov-2025---mariodelatorre.es_19.jpg\" class=\"v-mdl__img-z\" width=\"624\" height=\"900\" alt=\"Las mejores im\u00e1genes de las luces de Navidad de Ponferrada\"\/><\/p>\n<p><img decoding=\"async\" loading=\"lazy\" src=\"https:\/\/www.europesays.com\/es\/wp-content\/uploads\/2025\/12\/YDRAY-Luces-Navidad-Ponferrada-30-Nov-2025---mariodelatorre.es_2.jpg\" class=\"v-a-img\" width=\"624\" height=\"900\" alt=\"Las mejores im\u00e1genes de las luces de Navidad de Ponferrada\"\/><\/p>\n<p class=\"v-pill-m__c\">\n<p>Ampliar\n<\/p>\n<p><img decoding=\"async\" loading=\"lazy\" src=\"https:\/\/www.europesays.com\/es\/wp-content\/uploads\/2025\/12\/YDRAY-Luces-Navidad-Ponferrada-30-Nov-2025---mariodelatorre.es_2.jpg\" class=\"v-mdl__img-z\" width=\"624\" height=\"900\" alt=\"Las mejores im\u00e1genes de las luces de Navidad de Ponferrada\"\/><\/p>\n<p><img loading=\"lazy\" decoding=\"async\" src=\"https:\/\/www.europesays.com\/es\/wp-content\/uploads\/2025\/12\/YDRAY-Luces-Navidad-Ponferrada-30-Nov-2025---mariodelatorre.es_2.jpg\" class=\"v-mdl__img-z\" width=\"624\" height=\"900\" alt=\"Las mejores im\u00e1genes de las luces de Navidad de Ponferrada\"\/><\/p>\n<p><img decoding=\"async\" loading=\"lazy\" src=\"https:\/\/www.europesays.com\/es\/wp-content\/uploads\/2025\/12\/YDRAY-Luces-Navidad-Ponferrada-30-Nov-2025---mariodelatorre.es_20.jpg\" class=\"v-a-img\" width=\"624\" height=\"900\" alt=\"Las mejores im\u00e1genes de las luces de Navidad de Ponferrada\"\/><\/p>\n<p class=\"v-pill-m__c\">\n<p>Ampliar\n<\/p>\n<p><img decoding=\"async\" loading=\"lazy\" src=\"https:\/\/www.europesays.com\/es\/wp-content\/uploads\/2025\/12\/YDRAY-Luces-Navidad-Ponferrada-30-Nov-2025---mariodelatorre.es_20.jpg\" class=\"v-mdl__img-z\" width=\"624\" height=\"900\" alt=\"Las mejores im\u00e1genes de las luces de Navidad de Ponferrada\"\/><\/p>\n<p><img loading=\"lazy\" decoding=\"async\" src=\"https:\/\/www.europesays.com\/es\/wp-content\/uploads\/2025\/12\/YDRAY-Luces-Navidad-Ponferrada-30-Nov-2025---mariodelatorre.es_20.jpg\" class=\"v-mdl__img-z\" width=\"624\" height=\"900\" alt=\"Las mejores im\u00e1genes de las luces de Navidad de Ponferrada\"\/><\/p>\n<p><img decoding=\"async\" loading=\"lazy\" src=\"https:\/\/www.europesays.com\/es\/wp-content\/uploads\/2025\/12\/YDRAY-Luces-Navidad-Ponferrada-30-Nov-2025---mariodelatorre.es_21.jpg\" class=\"v-a-img\" width=\"624\" height=\"900\" alt=\"Las mejores im\u00e1genes de las luces de Navidad de Ponferrada\"\/><\/p>\n<p class=\"v-pill-m__c\">\n<p>Ampliar\n<\/p>\n<p><img decoding=\"async\" loading=\"lazy\" src=\"https:\/\/www.europesays.com\/es\/wp-content\/uploads\/2025\/12\/YDRAY-Luces-Navidad-Ponferrada-30-Nov-2025---mariodelatorre.es_21.jpg\" class=\"v-mdl__img-z\" width=\"624\" height=\"900\" alt=\"Las mejores im\u00e1genes de las luces de Navidad de Ponferrada\"\/><\/p>\n<p><img loading=\"lazy\" decoding=\"async\" src=\"https:\/\/www.europesays.com\/es\/wp-content\/uploads\/2025\/12\/YDRAY-Luces-Navidad-Ponferrada-30-Nov-2025---mariodelatorre.es_21.jpg\" class=\"v-mdl__img-z\" width=\"624\" height=\"900\" alt=\"Las mejores im\u00e1genes de las luces de Navidad de Ponferrada\"\/><\/p>\n<p><img decoding=\"async\" loading=\"lazy\" src=\"https:\/\/www.europesays.com\/es\/wp-content\/uploads\/2025\/12\/YDRAY-Luces-Navidad-Ponferrada-30-Nov-2025---mariodelatorre.es_22.jpg\" class=\"v-a-img\" width=\"624\" height=\"900\" alt=\"Las mejores im\u00e1genes de las luces de Navidad de Ponferrada\"\/><\/p>\n<p class=\"v-pill-m__c\">\n<p>Ampliar\n<\/p>\n<p><img decoding=\"async\" loading=\"lazy\" src=\"https:\/\/www.europesays.com\/es\/wp-content\/uploads\/2025\/12\/YDRAY-Luces-Navidad-Ponferrada-30-Nov-2025---mariodelatorre.es_22.jpg\" class=\"v-mdl__img-z\" width=\"624\" height=\"900\" alt=\"Las mejores im\u00e1genes de las luces de Navidad de Ponferrada\"\/><\/p>\n<p><img loading=\"lazy\" decoding=\"async\" src=\"https:\/\/www.europesays.com\/es\/wp-content\/uploads\/2025\/12\/YDRAY-Luces-Navidad-Ponferrada-30-Nov-2025---mariodelatorre.es_22.jpg\" class=\"v-mdl__img-z\" width=\"624\" height=\"900\" alt=\"Las mejores im\u00e1genes de las luces de Navidad de Ponferrada\"\/><\/p>\n<p><img decoding=\"async\" loading=\"lazy\" src=\"https:\/\/www.europesays.com\/es\/wp-content\/uploads\/2025\/12\/YDRAY-Luces-Navidad-Ponferrada-30-Nov-2025---mariodelatorre.es_23.jpg\" class=\"v-a-img\" width=\"624\" height=\"900\" alt=\"Las mejores im\u00e1genes de las luces de Navidad de Ponferrada\"\/><\/p>\n<p class=\"v-pill-m__c\">\n<p>Ampliar\n<\/p>\n<p><img decoding=\"async\" loading=\"lazy\" src=\"https:\/\/www.europesays.com\/es\/wp-content\/uploads\/2025\/12\/YDRAY-Luces-Navidad-Ponferrada-30-Nov-2025---mariodelatorre.es_23.jpg\" class=\"v-mdl__img-z\" width=\"624\" height=\"900\" alt=\"Las mejores im\u00e1genes de las luces de Navidad de Ponferrada\"\/><\/p>\n<p><img loading=\"lazy\" decoding=\"async\" src=\"https:\/\/www.europesays.com\/es\/wp-content\/uploads\/2025\/12\/YDRAY-Luces-Navidad-Ponferrada-30-Nov-2025---mariodelatorre.es_23.jpg\" class=\"v-mdl__img-z\" width=\"624\" height=\"900\" alt=\"Las mejores im\u00e1genes de las luces de Navidad de Ponferrada\"\/><\/p>\n<p><img decoding=\"async\" loading=\"lazy\" src=\"https:\/\/www.europesays.com\/es\/wp-content\/uploads\/2025\/12\/YDRAY-Luces-Navidad-Ponferrada-30-Nov-2025---mariodelatorre.es_24.jpg\" class=\"v-a-img\" width=\"624\" height=\"900\" alt=\"Las mejores im\u00e1genes de las luces de Navidad de Ponferrada\"\/><\/p>\n<p class=\"v-pill-m__c\">\n<p>Ampliar\n<\/p>\n<p><img decoding=\"async\" loading=\"lazy\" src=\"https:\/\/www.europesays.com\/es\/wp-content\/uploads\/2025\/12\/YDRAY-Luces-Navidad-Ponferrada-30-Nov-2025---mariodelatorre.es_24.jpg\" class=\"v-mdl__img-z\" width=\"624\" height=\"900\" alt=\"Las mejores im\u00e1genes de las luces de Navidad de Ponferrada\"\/><\/p>\n<p><img loading=\"lazy\" decoding=\"async\" src=\"https:\/\/www.europesays.com\/es\/wp-content\/uploads\/2025\/12\/YDRAY-Luces-Navidad-Ponferrada-30-Nov-2025---mariodelatorre.es_24.jpg\" class=\"v-mdl__img-z\" width=\"624\" height=\"900\" alt=\"Las mejores im\u00e1genes de las luces de Navidad de Ponferrada\"\/><\/p>\n<p><img decoding=\"async\" loading=\"lazy\" src=\"https:\/\/www.europesays.com\/es\/wp-content\/uploads\/2025\/12\/YDRAY-Luces-Navidad-Ponferrada-30-Nov-2025---mariodelatorre.es_25.jpg\" class=\"v-a-img\" width=\"624\" height=\"900\" alt=\"Las mejores im\u00e1genes de las luces de Navidad de Ponferrada\"\/><\/p>\n<p class=\"v-pill-m__c\">\n<p>Ampliar\n<\/p>\n<p><img decoding=\"async\" loading=\"lazy\" src=\"https:\/\/www.europesays.com\/es\/wp-content\/uploads\/2025\/12\/YDRAY-Luces-Navidad-Ponferrada-30-Nov-2025---mariodelatorre.es_25.jpg\" class=\"v-mdl__img-z\" width=\"624\" height=\"900\" alt=\"Las mejores im\u00e1genes de las luces de Navidad de Ponferrada\"\/><\/p>\n<p><img loading=\"lazy\" decoding=\"async\" src=\"https:\/\/www.europesays.com\/es\/wp-content\/uploads\/2025\/12\/YDRAY-Luces-Navidad-Ponferrada-30-Nov-2025---mariodelatorre.es_25.jpg\" class=\"v-mdl__img-z\" width=\"624\" height=\"900\" alt=\"Las mejores im\u00e1genes de las luces de Navidad de Ponferrada\"\/><\/p>\n<p><img decoding=\"async\" loading=\"lazy\" src=\"https:\/\/www.europesays.com\/es\/wp-content\/uploads\/2025\/12\/YDRAY-Luces-Navidad-Ponferrada-30-Nov-2025---mariodelatorre.es_26.jpg\" class=\"v-a-img\" width=\"624\" height=\"900\" alt=\"Las mejores im\u00e1genes de las luces de Navidad de Ponferrada\"\/><\/p>\n<p class=\"v-pill-m__c\">\n<p>Ampliar\n<\/p>\n<p><img decoding=\"async\" loading=\"lazy\" src=\"https:\/\/www.europesays.com\/es\/wp-content\/uploads\/2025\/12\/YDRAY-Luces-Navidad-Ponferrada-30-Nov-2025---mariodelatorre.es_26.jpg\" class=\"v-mdl__img-z\" width=\"624\" height=\"900\" alt=\"Las mejores im\u00e1genes de las luces de Navidad de Ponferrada\"\/><\/p>\n<p><img loading=\"lazy\" decoding=\"async\" src=\"https:\/\/www.europesays.com\/es\/wp-content\/uploads\/2025\/12\/YDRAY-Luces-Navidad-Ponferrada-30-Nov-2025---mariodelatorre.es_26.jpg\" class=\"v-mdl__img-z\" width=\"624\" height=\"900\" alt=\"Las mejores im\u00e1genes de las luces de Navidad de Ponferrada\"\/><\/p>\n<p><img decoding=\"async\" loading=\"lazy\" src=\"https:\/\/www.europesays.com\/es\/wp-content\/uploads\/2025\/12\/YDRAY-Luces-Navidad-Ponferrada-30-Nov-2025---mariodelatorre.es_27.jpg\" class=\"v-a-img\" width=\"624\" height=\"900\" alt=\"Las mejores im\u00e1genes de las luces de Navidad de Ponferrada\"\/><\/p>\n<p class=\"v-pill-m__c\">\n<p>Ampliar\n<\/p>\n<p><img decoding=\"async\" loading=\"lazy\" src=\"https:\/\/www.europesays.com\/es\/wp-content\/uploads\/2025\/12\/YDRAY-Luces-Navidad-Ponferrada-30-Nov-2025---mariodelatorre.es_27.jpg\" class=\"v-mdl__img-z\" width=\"624\" height=\"900\" alt=\"Las mejores im\u00e1genes de las luces de Navidad de Ponferrada\"\/><\/p>\n<p><img loading=\"lazy\" decoding=\"async\" src=\"https:\/\/www.europesays.com\/es\/wp-content\/uploads\/2025\/12\/YDRAY-Luces-Navidad-Ponferrada-30-Nov-2025---mariodelatorre.es_27.jpg\" class=\"v-mdl__img-z\" width=\"624\" height=\"900\" alt=\"Las mejores im\u00e1genes de las luces de Navidad de Ponferrada\"\/><\/p>\n<p><img decoding=\"async\" loading=\"lazy\" src=\"https:\/\/www.europesays.com\/es\/wp-content\/uploads\/2025\/12\/YDRAY-Luces-Navidad-Ponferrada-30-Nov-2025---mariodelatorre.es_28.jpg\" class=\"v-a-img\" width=\"624\" height=\"900\" alt=\"Las mejores im\u00e1genes de las luces de Navidad de Ponferrada\"\/><\/p>\n<p class=\"v-pill-m__c\">\n<p>Ampliar\n<\/p>\n<p><img decoding=\"async\" loading=\"lazy\" src=\"https:\/\/www.europesays.com\/es\/wp-content\/uploads\/2025\/12\/YDRAY-Luces-Navidad-Ponferrada-30-Nov-2025---mariodelatorre.es_28.jpg\" class=\"v-mdl__img-z\" width=\"624\" height=\"900\" alt=\"Las mejores im\u00e1genes de las luces de Navidad de Ponferrada\"\/><\/p>\n<p><img loading=\"lazy\" decoding=\"async\" src=\"https:\/\/www.europesays.com\/es\/wp-content\/uploads\/2025\/12\/YDRAY-Luces-Navidad-Ponferrada-30-Nov-2025---mariodelatorre.es_28.jpg\" class=\"v-mdl__img-z\" width=\"624\" height=\"900\" alt=\"Las mejores im\u00e1genes de las luces de Navidad de Ponferrada\"\/><\/p>\n<p><img decoding=\"async\" loading=\"lazy\" src=\"https:\/\/www.europesays.com\/es\/wp-content\/uploads\/2025\/12\/YDRAY-Luces-Navidad-Ponferrada-30-Nov-2025---mariodelatorre.es_29.jpg\" class=\"v-a-img\" width=\"624\" height=\"900\" alt=\"Las mejores im\u00e1genes de las luces de Navidad de Ponferrada\"\/><\/p>\n<p class=\"v-pill-m__c\">\n<p>Ampliar\n<\/p>\n<p><img decoding=\"async\" loading=\"lazy\" src=\"https:\/\/www.europesays.com\/es\/wp-content\/uploads\/2025\/12\/YDRAY-Luces-Navidad-Ponferrada-30-Nov-2025---mariodelatorre.es_29.jpg\" class=\"v-mdl__img-z\" width=\"624\" height=\"900\" alt=\"Las mejores im\u00e1genes de las luces de Navidad de Ponferrada\"\/><\/p>\n<p><img loading=\"lazy\" decoding=\"async\" src=\"https:\/\/www.europesays.com\/es\/wp-content\/uploads\/2025\/12\/YDRAY-Luces-Navidad-Ponferrada-30-Nov-2025---mariodelatorre.es_29.jpg\" class=\"v-mdl__img-z\" width=\"624\" height=\"900\" alt=\"Las mejores im\u00e1genes de las luces de Navidad de Ponferrada\"\/><\/p>\n<p><img decoding=\"async\" loading=\"lazy\" src=\"https:\/\/www.europesays.com\/es\/wp-content\/uploads\/2025\/12\/YDRAY-Luces-Navidad-Ponferrada-30-Nov-2025---mariodelatorre.es_3.jpg\" class=\"v-a-img\" width=\"624\" height=\"900\" alt=\"Las mejores im\u00e1genes de las luces de Navidad de Ponferrada\"\/><\/p>\n<p class=\"v-pill-m__c\">\n<p>Ampliar\n<\/p>\n<p><img decoding=\"async\" loading=\"lazy\" src=\"https:\/\/www.europesays.com\/es\/wp-content\/uploads\/2025\/12\/YDRAY-Luces-Navidad-Ponferrada-30-Nov-2025---mariodelatorre.es_3.jpg\" class=\"v-mdl__img-z\" width=\"624\" height=\"900\" alt=\"Las mejores im\u00e1genes de las luces de Navidad de Ponferrada\"\/><\/p>\n<p><img loading=\"lazy\" decoding=\"async\" src=\"https:\/\/www.europesays.com\/es\/wp-content\/uploads\/2025\/12\/YDRAY-Luces-Navidad-Ponferrada-30-Nov-2025---mariodelatorre.es_3.jpg\" class=\"v-mdl__img-z\" width=\"624\" height=\"900\" alt=\"Las mejores im\u00e1genes de las luces de Navidad de Ponferrada\"\/><\/p>\n<p><img decoding=\"async\" loading=\"lazy\" src=\"https:\/\/www.europesays.com\/es\/wp-content\/uploads\/2025\/12\/YDRAY-Luces-Navidad-Ponferrada-30-Nov-2025---mariodelatorre.es_30.jpg\" class=\"v-a-img\" width=\"624\" height=\"900\" alt=\"Las mejores im\u00e1genes de las luces de Navidad de Ponferrada\"\/><\/p>\n<p class=\"v-pill-m__c\">\n<p>Ampliar\n<\/p>\n<p><img decoding=\"async\" loading=\"lazy\" src=\"https:\/\/www.europesays.com\/es\/wp-content\/uploads\/2025\/12\/YDRAY-Luces-Navidad-Ponferrada-30-Nov-2025---mariodelatorre.es_30.jpg\" class=\"v-mdl__img-z\" width=\"624\" height=\"900\" alt=\"Las mejores im\u00e1genes de las luces de Navidad de Ponferrada\"\/><\/p>\n<p><img loading=\"lazy\" decoding=\"async\" src=\"https:\/\/www.europesays.com\/es\/wp-content\/uploads\/2025\/12\/YDRAY-Luces-Navidad-Ponferrada-30-Nov-2025---mariodelatorre.es_30.jpg\" class=\"v-mdl__img-z\" width=\"624\" height=\"900\" alt=\"Las mejores im\u00e1genes de las luces de Navidad de Ponferrada\"\/><\/p>\n<p><img decoding=\"async\" loading=\"lazy\" src=\"https:\/\/www.europesays.com\/es\/wp-content\/uploads\/2025\/12\/YDRAY-Luces-Navidad-Ponferrada-30-Nov-2025---mariodelatorre.es_31.jpg\" class=\"v-a-img\" width=\"624\" height=\"900\" alt=\"Las mejores im\u00e1genes de las luces de Navidad de Ponferrada\"\/><\/p>\n<p class=\"v-pill-m__c\">\n<p>Ampliar\n<\/p>\n<p><img decoding=\"async\" loading=\"lazy\" src=\"https:\/\/www.europesays.com\/es\/wp-content\/uploads\/2025\/12\/YDRAY-Luces-Navidad-Ponferrada-30-Nov-2025---mariodelatorre.es_31.jpg\" class=\"v-mdl__img-z\" width=\"624\" height=\"900\" alt=\"Las mejores im\u00e1genes de las luces de Navidad de Ponferrada\"\/><\/p>\n<p><img loading=\"lazy\" decoding=\"async\" src=\"https:\/\/www.europesays.com\/es\/wp-content\/uploads\/2025\/12\/YDRAY-Luces-Navidad-Ponferrada-30-Nov-2025---mariodelatorre.es_31.jpg\" class=\"v-mdl__img-z\" width=\"624\" height=\"900\" alt=\"Las mejores im\u00e1genes de las luces de Navidad de Ponferrada\"\/><\/p>\n<p><img decoding=\"async\" loading=\"lazy\" src=\"https:\/\/www.europesays.com\/es\/wp-content\/uploads\/2025\/12\/YDRAY-Luces-Navidad-Ponferrada-30-Nov-2025---mariodelatorre.es_32.jpg\" class=\"v-a-img\" width=\"624\" height=\"900\" alt=\"Las mejores im\u00e1genes de las luces de Navidad de Ponferrada\"\/><\/p>\n<p class=\"v-pill-m__c\">\n<p>Ampliar\n<\/p>\n<p><img decoding=\"async\" loading=\"lazy\" src=\"https:\/\/www.europesays.com\/es\/wp-content\/uploads\/2025\/12\/YDRAY-Luces-Navidad-Ponferrada-30-Nov-2025---mariodelatorre.es_32.jpg\" class=\"v-mdl__img-z\" width=\"624\" height=\"900\" alt=\"Las mejores im\u00e1genes de las luces de Navidad de Ponferrada\"\/><\/p>\n<p><img loading=\"lazy\" decoding=\"async\" src=\"https:\/\/www.europesays.com\/es\/wp-content\/uploads\/2025\/12\/YDRAY-Luces-Navidad-Ponferrada-30-Nov-2025---mariodelatorre.es_32.jpg\" class=\"v-mdl__img-z\" width=\"624\" height=\"900\" alt=\"Las mejores im\u00e1genes de las luces de Navidad de Ponferrada\"\/><\/p>\n<p><img decoding=\"async\" loading=\"lazy\" src=\"https:\/\/www.europesays.com\/es\/wp-content\/uploads\/2025\/12\/YDRAY-Luces-Navidad-Ponferrada-30-Nov-2025---mariodelatorre.es_33.jpg\" class=\"v-a-img\" width=\"624\" height=\"900\" alt=\"Las mejores im\u00e1genes de las luces de Navidad de Ponferrada\"\/><\/p>\n<p class=\"v-pill-m__c\">\n<p>Ampliar\n<\/p>\n<p><img decoding=\"async\" loading=\"lazy\" src=\"https:\/\/www.europesays.com\/es\/wp-content\/uploads\/2025\/12\/YDRAY-Luces-Navidad-Ponferrada-30-Nov-2025---mariodelatorre.es_33.jpg\" class=\"v-mdl__img-z\" width=\"624\" height=\"900\" alt=\"Las mejores im\u00e1genes de las luces de Navidad de Ponferrada\"\/><\/p>\n<p><img loading=\"lazy\" decoding=\"async\" src=\"https:\/\/www.europesays.com\/es\/wp-content\/uploads\/2025\/12\/YDRAY-Luces-Navidad-Ponferrada-30-Nov-2025---mariodelatorre.es_33.jpg\" class=\"v-mdl__img-z\" width=\"624\" height=\"900\" alt=\"Las mejores im\u00e1genes de las luces de Navidad de Ponferrada\"\/><\/p>\n<p><img decoding=\"async\" loading=\"lazy\" src=\"https:\/\/www.europesays.com\/es\/wp-content\/uploads\/2025\/12\/YDRAY-Luces-Navidad-Ponferrada-30-Nov-2025---mariodelatorre.es_34.jpg\" class=\"v-a-img\" width=\"624\" height=\"900\" alt=\"Las mejores im\u00e1genes de las luces de Navidad de Ponferrada\"\/><\/p>\n<p class=\"v-pill-m__c\">\n<p>Ampliar\n<\/p>\n<p><img decoding=\"async\" loading=\"lazy\" src=\"https:\/\/www.europesays.com\/es\/wp-content\/uploads\/2025\/12\/YDRAY-Luces-Navidad-Ponferrada-30-Nov-2025---mariodelatorre.es_34.jpg\" class=\"v-mdl__img-z\" width=\"624\" height=\"900\" alt=\"Las mejores im\u00e1genes de las luces de Navidad de Ponferrada\"\/><\/p>\n<p><img loading=\"lazy\" decoding=\"async\" src=\"https:\/\/www.europesays.com\/es\/wp-content\/uploads\/2025\/12\/YDRAY-Luces-Navidad-Ponferrada-30-Nov-2025---mariodelatorre.es_34.jpg\" class=\"v-mdl__img-z\" width=\"624\" height=\"900\" alt=\"Las mejores im\u00e1genes de las luces de Navidad de Ponferrada\"\/><\/p>\n<p><img decoding=\"async\" loading=\"lazy\" src=\"https:\/\/www.europesays.com\/es\/wp-content\/uploads\/2025\/12\/YDRAY-Luces-Navidad-Ponferrada-30-Nov-2025---mariodelatorre.es_35.jpg\" class=\"v-a-img\" width=\"624\" height=\"900\" alt=\"Las mejores im\u00e1genes de las luces de Navidad de Ponferrada\"\/><\/p>\n<p class=\"v-pill-m__c\">\n<p>Ampliar\n<\/p>\n<p><img decoding=\"async\" loading=\"lazy\" src=\"https:\/\/www.europesays.com\/es\/wp-content\/uploads\/2025\/12\/YDRAY-Luces-Navidad-Ponferrada-30-Nov-2025---mariodelatorre.es_35.jpg\" class=\"v-mdl__img-z\" width=\"624\" height=\"900\" alt=\"Las mejores im\u00e1genes de las luces de Navidad de Ponferrada\"\/><\/p>\n<p><img loading=\"lazy\" decoding=\"async\" src=\"https:\/\/www.europesays.com\/es\/wp-content\/uploads\/2025\/12\/YDRAY-Luces-Navidad-Ponferrada-30-Nov-2025---mariodelatorre.es_35.jpg\" class=\"v-mdl__img-z\" width=\"624\" height=\"900\" alt=\"Las mejores im\u00e1genes de las luces de Navidad de Ponferrada\"\/><\/p>\n<p><img decoding=\"async\" loading=\"lazy\" src=\"https:\/\/www.europesays.com\/es\/wp-content\/uploads\/2025\/12\/YDRAY-Luces-Navidad-Ponferrada-30-Nov-2025---mariodelatorre.es_36.jpg\" class=\"v-a-img\" width=\"624\" height=\"900\" alt=\"Las mejores im\u00e1genes de las luces de Navidad de Ponferrada\"\/><\/p>\n<p class=\"v-pill-m__c\">\n<p>Ampliar\n<\/p>\n<p><img decoding=\"async\" loading=\"lazy\" src=\"https:\/\/www.europesays.com\/es\/wp-content\/uploads\/2025\/12\/YDRAY-Luces-Navidad-Ponferrada-30-Nov-2025---mariodelatorre.es_36.jpg\" class=\"v-mdl__img-z\" width=\"624\" height=\"900\" alt=\"Las mejores im\u00e1genes de las luces de Navidad de Ponferrada\"\/><\/p>\n<p><img loading=\"lazy\" decoding=\"async\" src=\"https:\/\/www.europesays.com\/es\/wp-content\/uploads\/2025\/12\/YDRAY-Luces-Navidad-Ponferrada-30-Nov-2025---mariodelatorre.es_36.jpg\" class=\"v-mdl__img-z\" width=\"624\" height=\"900\" alt=\"Las mejores im\u00e1genes de las luces de Navidad de Ponferrada\"\/><\/p>\n<p><img decoding=\"async\" loading=\"lazy\" src=\"https:\/\/www.europesays.com\/es\/wp-content\/uploads\/2025\/12\/YDRAY-Luces-Navidad-Ponferrada-30-Nov-2025---mariodelatorre.es_37.jpg\" class=\"v-a-img\" width=\"624\" height=\"900\" alt=\"Las mejores im\u00e1genes de las luces de Navidad de Ponferrada\"\/><\/p>\n<p class=\"v-pill-m__c\">\n<p>Ampliar\n<\/p>\n<p><img decoding=\"async\" loading=\"lazy\" src=\"https:\/\/www.europesays.com\/es\/wp-content\/uploads\/2025\/12\/YDRAY-Luces-Navidad-Ponferrada-30-Nov-2025---mariodelatorre.es_37.jpg\" class=\"v-mdl__img-z\" width=\"624\" height=\"900\" alt=\"Las mejores im\u00e1genes de las luces de Navidad de Ponferrada\"\/><\/p>\n<p><img loading=\"lazy\" decoding=\"async\" src=\"https:\/\/www.europesays.com\/es\/wp-content\/uploads\/2025\/12\/YDRAY-Luces-Navidad-Ponferrada-30-Nov-2025---mariodelatorre.es_37.jpg\" class=\"v-mdl__img-z\" width=\"624\" height=\"900\" alt=\"Las mejores im\u00e1genes de las luces de Navidad de Ponferrada\"\/><\/p>\n<p><img decoding=\"async\" loading=\"lazy\" src=\"https:\/\/www.europesays.com\/es\/wp-content\/uploads\/2025\/12\/YDRAY-Luces-Navidad-Ponferrada-30-Nov-2025---mariodelatorre.es_38.jpg\" class=\"v-a-img\" width=\"624\" height=\"900\" alt=\"Las mejores im\u00e1genes de las luces de Navidad de Ponferrada\"\/><\/p>\n<p class=\"v-pill-m__c\">\n<p>Ampliar\n<\/p>\n<p><img decoding=\"async\" loading=\"lazy\" src=\"https:\/\/www.europesays.com\/es\/wp-content\/uploads\/2025\/12\/YDRAY-Luces-Navidad-Ponferrada-30-Nov-2025---mariodelatorre.es_38.jpg\" class=\"v-mdl__img-z\" width=\"624\" height=\"900\" alt=\"Las mejores im\u00e1genes de las luces de Navidad de Ponferrada\"\/><\/p>\n<p><img loading=\"lazy\" decoding=\"async\" src=\"https:\/\/www.europesays.com\/es\/wp-content\/uploads\/2025\/12\/YDRAY-Luces-Navidad-Ponferrada-30-Nov-2025---mariodelatorre.es_38.jpg\" class=\"v-mdl__img-z\" width=\"624\" height=\"900\" alt=\"Las mejores im\u00e1genes de las luces de Navidad de Ponferrada\"\/><\/p>\n<p><img decoding=\"async\" loading=\"lazy\" src=\"https:\/\/www.europesays.com\/es\/wp-content\/uploads\/2025\/12\/YDRAY-Luces-Navidad-Ponferrada-30-Nov-2025---mariodelatorre.es_39.jpg\" class=\"v-a-img\" width=\"624\" height=\"900\" alt=\"Las mejores im\u00e1genes de las luces de Navidad de Ponferrada\"\/><\/p>\n<p class=\"v-pill-m__c\">\n<p>Ampliar\n<\/p>\n<p><img decoding=\"async\" loading=\"lazy\" src=\"https:\/\/www.europesays.com\/es\/wp-content\/uploads\/2025\/12\/YDRAY-Luces-Navidad-Ponferrada-30-Nov-2025---mariodelatorre.es_39.jpg\" class=\"v-mdl__img-z\" width=\"624\" height=\"900\" alt=\"Las mejores im\u00e1genes de las luces de Navidad de Ponferrada\"\/><\/p>\n<p><img loading=\"lazy\" decoding=\"async\" src=\"https:\/\/www.europesays.com\/es\/wp-content\/uploads\/2025\/12\/YDRAY-Luces-Navidad-Ponferrada-30-Nov-2025---mariodelatorre.es_39.jpg\" class=\"v-mdl__img-z\" width=\"624\" height=\"900\" alt=\"Las mejores im\u00e1genes de las luces de Navidad de Ponferrada\"\/><\/p>\n<p><img decoding=\"async\" loading=\"lazy\" src=\"https:\/\/www.europesays.com\/es\/wp-content\/uploads\/2025\/12\/YDRAY-Luces-Navidad-Ponferrada-30-Nov-2025---mariodelatorre.es_4.jpg\" class=\"v-a-img\" width=\"624\" height=\"900\" alt=\"Las mejores im\u00e1genes de las luces de Navidad de Ponferrada\"\/><\/p>\n<p class=\"v-pill-m__c\">\n<p>Ampliar\n<\/p>\n<p><img decoding=\"async\" loading=\"lazy\" src=\"https:\/\/www.europesays.com\/es\/wp-content\/uploads\/2025\/12\/YDRAY-Luces-Navidad-Ponferrada-30-Nov-2025---mariodelatorre.es_4.jpg\" class=\"v-mdl__img-z\" width=\"624\" height=\"900\" alt=\"Las mejores im\u00e1genes de las luces de Navidad de Ponferrada\"\/><\/p>\n<p><img loading=\"lazy\" decoding=\"async\" src=\"https:\/\/www.europesays.com\/es\/wp-content\/uploads\/2025\/12\/YDRAY-Luces-Navidad-Ponferrada-30-Nov-2025---mariodelatorre.es_4.jpg\" class=\"v-mdl__img-z\" width=\"624\" height=\"900\" alt=\"Las mejores im\u00e1genes de las luces de Navidad de Ponferrada\"\/><\/p>\n<ul class=\"v-mdl-tpc__u\">\n<li class=\"v-mdl-tpc__l\">\n<p>Temas<\/p>\n<\/li>\n<li class=\"v-mdl-tpc__l\">\n<a class=\"v-mdl-tpc__a v-btn v-btn-s\" href=\"http:\/\/www.elbierzonoticias.com\/temas\/personajes\/reyes-magos.html\" title=\"Reyes Magos\" data-mrf-link=\"http:\/\/www.elbierzonoticias.com\/temas\/personajes\/reyes-magos.html\" rel=\"nofollow noopener\" target=\"_blank\"><br \/>\nReyes Magos<br \/>\n<\/a>\n<\/li>\n<li class=\"v-mdl-tpc__l\">\n<a class=\"v-mdl-tpc__a v-btn v-btn-s\" href=\"http:\/\/www.elbierzonoticias.com\/temas\/lugares\/ponferrada.html\" title=\"Ponferrada\" data-mrf-link=\"http:\/\/www.elbierzonoticias.com\/temas\/lugares\/ponferrada.html\" rel=\"nofollow noopener\" target=\"_blank\"><br \/>\nPonferrada<br \/>\n<\/a>\n<\/li>\n<\/ul>\n","protected":false},"excerpt":{"rendered":"Mario de la Torre Ponferrada Lunes, 1 de diciembre 2025, 17:57 | Actualizado 18:16h. Modo oscuro Compartir El&hellip;\n","protected":false},"author":2,"featured_media":266873,"comment_status":"","ping_status":"","sticky":false,"template":"","format":"standard","meta":{"footnotes":""},"categories":[8],"tags":[17,18,25,24,13,14,11,1641,19,20,10539,804,2951,9,10,15,16,16148,23,12,21,22],"class_list":{"0":"post-266872","1":"post","2":"type-post","3":"status-publish","4":"format-standard","5":"has-post-thumbnail","7":"category-espana","8":"tag-breaking-news","9":"tag-breakingnews","10":"tag-es","11":"tag-espana","12":"tag-featured-news","13":"tag-featurednews","14":"tag-headlines","15":"tag-imagenes","16":"tag-latest-news","17":"tag-latestnews","18":"tag-luces","19":"tag-mejores","20":"tag-navidad","21":"tag-news","22":"tag-noticias","23":"tag-noticias-destacadas","24":"tag-noticiasdestacadas","25":"tag-ponferrada","26":"tag-spain","27":"tag-titulares","28":"tag-ultimas-noticias","29":"tag-ultimasnoticias"},"share_on_mastodon":{"url":"https:\/\/pubeurope.com\/@es\/115648961594863863","error":""},"_links":{"self":[{"href":"https:\/\/www.europesays.com\/es\/wp-json\/wp\/v2\/posts\/266872","targetHints":{"allow":["GET"]}}],"collection":[{"href":"https:\/\/www.europesays.com\/es\/wp-json\/wp\/v2\/posts"}],"about":[{"href":"https:\/\/www.europesays.com\/es\/wp-json\/wp\/v2\/types\/post"}],"author":[{"embeddable":true,"href":"https:\/\/www.europesays.com\/es\/wp-json\/wp\/v2\/users\/2"}],"replies":[{"embeddable":true,"href":"https:\/\/www.europesays.com\/es\/wp-json\/wp\/v2\/comments?post=266872"}],"version-history":[{"count":0,"href":"https:\/\/www.europesays.com\/es\/wp-json\/wp\/v2\/posts\/266872\/revisions"}],"wp:featuredmedia":[{"embeddable":true,"href":"https:\/\/www.europesays.com\/es\/wp-json\/wp\/v2\/media\/266873"}],"wp:attachment":[{"href":"https:\/\/www.europesays.com\/es\/wp-json\/wp\/v2\/media?parent=266872"}],"wp:term":[{"taxonomy":"category","embeddable":true,"href":"https:\/\/www.europesays.com\/es\/wp-json\/wp\/v2\/categories?post=266872"},{"taxonomy":"post_tag","embeddable":true,"href":"https:\/\/www.europesays.com\/es\/wp-json\/wp\/v2\/tags?post=266872"}],"curies":[{"name":"wp","href":"https:\/\/api.w.org\/{rel}","templated":true}]}}