{"id":266874,"date":"2025-12-02T08:10:11","date_gmt":"2025-12-02T08:10:11","guid":{"rendered":"https:\/\/www.europesays.com\/es\/266874\/"},"modified":"2025-12-02T08:10:11","modified_gmt":"2025-12-02T08:10:11","slug":"sargentes-de-la-lora-avanza-en-la-revitalizacion-de-su-tejido-social-con-rural-star","status":"publish","type":"post","link":"https:\/\/www.europesays.com\/es\/266874\/","title":{"rendered":"Sargentes de la Lora avanza en la revitalizaci\u00f3n de su tejido social con Rural Star"},"content":{"rendered":"\n<p class=\"highlighttext\">\n                El encuentro muestra los avances del piloto TEJA STAR y abre nuevas v\u00edas de colaboraci\u00f3n entre todos los vecinos.\n            <\/p>\n<p>El pasado domingo, los vecinos de <strong>Sargentes la Lora <\/strong>y las localidades pertenecientes al municipio, encabezados por su alcalde, Carlos Gallo, acudieron a la presentaci\u00f3n de resultados del proyecto <a href=\"https:\/\/www.ubu.es\/proyecto-rural-star-respuesta-unificada-para-la-repoblacion-activa-y-lucha-contra-la-despoblacion\" rel=\"nofollow noopener\" target=\"_blank\">Rural Star \u2013 Respuesta Unificada para la Repoblaci\u00f3n Activa y la Lucha contra la Despoblaci\u00f3n<\/a>, una iniciativa coordinada por la Universidad de Burgos y financiada por el Ministerio para la Transici\u00f3n Ecol\u00f3gica y el Reto Demogr\u00e1fico (MITECO).<\/p>\n<p>La sesi\u00f3n puso el foco en los resultados del piloto <a href=\"https:\/\/www.ubu.es\/proyecto-rural-star-respuesta-unificada-para-la-repoblacion-activa-y-lucha-contra-la-despoblacion\/descripcion-del-proyecto\/teja-star-dinamizacion-del-tejido-asociativo-rural\" rel=\"nofollow noopener\" target=\"_blank\">TEJA STAR<\/a>, centrado en la <strong>dinamizaci\u00f3n del tejido social y asociativo<\/strong> de Sargentes y sus pedan\u00edas y en la importancia de reforzar la Red Rural Star. El encuentro tuvo lugar en el <strong>Museo del Petr\u00f3leo<\/strong>, enclave que representa una apuesta de futuro y promoci\u00f3n de la comarca.<\/p>\n<p>Un diagn\u00f3stico compartido y un territorio movilizado<a href=\"https:\/\/www.europesays.com\/es\/wp-content\/uploads\/2025\/12\/2025-11-30 rural star - Sargentes 001.jpg\" class=\"colorbox\" data-colorbox-gallery=\"ckeditor-colorbox-inline\"><img decoding=\"async\" class=\"image-insert__auto align-left\" src=\"https:\/\/www.europesays.com\/es\/wp-content\/uploads\/2025\/12\/2025-11-30 rural star - Sargentes 001.jpg\" data-entity-uuid=\"insert-auto-ac876692-7751-4a8c-9936-41258ec6c47e\" data-entity-type=\"file\" alt=\"\" width=\"300\" height=\"225\" loading=\"lazy\"\/><\/a><\/p>\n<p>El trabajo desplegado durante los \u00faltimos meses el piloto TEJA STAR, combinando sesiones presenciales, formaci\u00f3n y acompa\u00f1amiento comunitario, ha permitido identificar <strong>fortalezas clave del territorio<\/strong>, como su patrimonio natural y cultural, la implicaci\u00f3n de parte del vecindario y la existencia de asociaciones activas en la comarca. Tambi\u00e9n ha permitido definr los <strong>retos m\u00e1s relevantes<\/strong> que debe afrontar el municipio: ampliar la participaci\u00f3n, mejorar la comunicaci\u00f3n entre colectivos, atraer a j\u00f3venes, fomentar actividades durante el invierno y reforzar la coordinaci\u00f3n entre pedan\u00edas.<\/p>\n<p>Cada idea suma<\/p>\n<p>Durante la sesi\u00f3n, Imanol Olarte present\u00f3 <strong>La Caba\u00f1a<\/strong>, una asociaci\u00f3n que nace de la necesidad de \u201chacer cosas\u201d y que apuesta por un proceso participativo, \u201cdonde cada voz cuenta y cada idea suma\u201d, como asegur\u00f3 el vicepresidente de la asociaci\u00f3n \u201cun pueblo que tiene pocos residentes a lo largo de todo el a\u00f1o, pero que tambi\u00e9n cuenta con personas y familias <strong>profundamente conectadas<\/strong> a Sargentes y que forman parte de las actividades que se desarrollan a lo largo de todo el a\u00f1o, rescatando, por ejemplo, la cultura popular y algunas tradiciones al borde de la desaparici\u00f3n\u201d.<\/p>\n<p>Deseos para imaginar el futuro<a href=\"https:\/\/www.europesays.com\/es\/wp-content\/uploads\/2025\/12\/2025-11-30 rural star - Sargentes 004.jpg\" class=\"colorbox\" data-colorbox-gallery=\"ckeditor-colorbox-inline\"><img decoding=\"async\" class=\"image-insert__auto align-right\" src=\"https:\/\/www.europesays.com\/es\/wp-content\/uploads\/2025\/12\/2025-11-30 rural star - Sargentes 004.jpg\" data-entity-uuid=\"insert-auto-0261c428-257a-40b7-9e99-a045692163d2\" data-entity-type=\"file\" alt=\"\" width=\"300\" height=\"225\" loading=\"lazy\"\/><\/a><\/p>\n<p>Como parte del encuentro, los vecinos y vecinas expresaron sus ideas y deseos para el Sargentes de dentro de 10 a\u00f1os. Estas aportaciones formar\u00e1n parte de una <strong>c\u00e1psula del tiempo<\/strong> que servir\u00e1 como recordatorio del compromiso comunitario y se volver\u00e1 a abrir en futuras ediciones del proyecto.<\/p>\n<p>Red Rural Star<\/p>\n<p>La jornada tambi\u00e9n sirvi\u00f3 para reforzar la <strong>implicaci\u00f3n <\/strong>del municipio en la <strong>Red Rural Star<\/strong>, una comunidad colaborativa que agrupa a pueblos, entidades y personas comprometidas con la innovaci\u00f3n rural, la sostenibilidad y las nuevas oportunidades en el territorio. Esta red busca facilitar el intercambio de <strong>experiencias y modelos <\/strong>de trabajo entre municipios, impulsando enfoques pr\u00e1cticos frente al reto demogr\u00e1fico.<\/p>\n<p><a href=\"https:\/\/www.europesays.com\/es\/wp-content\/uploads\/2025\/12\/logos rural star.png\" class=\"colorbox\" data-colorbox-gallery=\"ckeditor-colorbox-inline\"><img decoding=\"async\" class=\"image-insert__auto\" src=\"https:\/\/www.europesays.com\/es\/wp-content\/uploads\/2025\/12\/logos rural star.png\" data-entity-uuid=\"insert-auto-2f5ae22b-4cf3-484f-becf-94c6ed4f6b1a\" data-entity-type=\"file\" alt=\"\" width=\"536\" height=\"87\" loading=\"lazy\"\/><\/a><\/p>\n","protected":false},"excerpt":{"rendered":"El encuentro muestra los avances del piloto TEJA STAR y abre nuevas v\u00edas de colaboraci\u00f3n entre todos los&hellip;\n","protected":false},"author":2,"featured_media":266875,"comment_status":"","ping_status":"","sticky":false,"template":"","format":"standard","meta":{"footnotes":""},"categories":[5],"tags":[17,18,25,24,13,14,11,19,20,9,10,15,16,23,12,21,22],"class_list":{"0":"post-266874","1":"post","2":"type-post","3":"status-publish","4":"format-standard","5":"has-post-thumbnail","7":"category-titulares","8":"tag-breaking-news","9":"tag-breakingnews","10":"tag-es","11":"tag-espana","12":"tag-featured-news","13":"tag-featurednews","14":"tag-headlines","15":"tag-latest-news","16":"tag-latestnews","17":"tag-news","18":"tag-noticias","19":"tag-noticias-destacadas","20":"tag-noticiasdestacadas","21":"tag-spain","22":"tag-titulares","23":"tag-ultimas-noticias","24":"tag-ultimasnoticias"},"share_on_mastodon":{"url":"https:\/\/pubeurope.com\/@es\/115648962591777704","error":""},"_links":{"self":[{"href":"https:\/\/www.europesays.com\/es\/wp-json\/wp\/v2\/posts\/266874","targetHints":{"allow":["GET"]}}],"collection":[{"href":"https:\/\/www.europesays.com\/es\/wp-json\/wp\/v2\/posts"}],"about":[{"href":"https:\/\/www.europesays.com\/es\/wp-json\/wp\/v2\/types\/post"}],"author":[{"embeddable":true,"href":"https:\/\/www.europesays.com\/es\/wp-json\/wp\/v2\/users\/2"}],"replies":[{"embeddable":true,"href":"https:\/\/www.europesays.com\/es\/wp-json\/wp\/v2\/comments?post=266874"}],"version-history":[{"count":0,"href":"https:\/\/www.europesays.com\/es\/wp-json\/wp\/v2\/posts\/266874\/revisions"}],"wp:featuredmedia":[{"embeddable":true,"href":"https:\/\/www.europesays.com\/es\/wp-json\/wp\/v2\/media\/266875"}],"wp:attachment":[{"href":"https:\/\/www.europesays.com\/es\/wp-json\/wp\/v2\/media?parent=266874"}],"wp:term":[{"taxonomy":"category","embeddable":true,"href":"https:\/\/www.europesays.com\/es\/wp-json\/wp\/v2\/categories?post=266874"},{"taxonomy":"post_tag","embeddable":true,"href":"https:\/\/www.europesays.com\/es\/wp-json\/wp\/v2\/tags?post=266874"}],"curies":[{"name":"wp","href":"https:\/\/api.w.org\/{rel}","templated":true}]}}