{"id":266876,"date":"2025-12-02T08:16:08","date_gmt":"2025-12-02T08:16:08","guid":{"rendered":"https:\/\/www.europesays.com\/es\/266876\/"},"modified":"2025-12-02T08:16:08","modified_gmt":"2025-12-02T08:16:08","slug":"me-regalo-100-dias-de-casada-100-dias-que-aguanto-por-mi","status":"publish","type":"post","link":"https:\/\/www.europesays.com\/es\/266876\/","title":{"rendered":"Me regal\u00f3 100 d\u00edas de casada, 100 d\u00edas que aguant\u00f3 por m\u00ed"},"content":{"rendered":"<p class=\"c-paragraph\">El ciclista Dani Ku falleci\u00f3 el pasado mes de septiembre a los 42 a\u00f1os a causa de un c\u00e1ncer de colon. Antes de ese d\u00eda, el deportista y su pareja, J\u00fadit, <b>contrajeron matrimonio el 30 de mayo en el hospital para sellar su amor para la eternidad,<\/b> tal y como ha desvelado ella en su Instagram ahora.<\/p>\n<p class=\"c-paragraph\">\u00abHoy<b><b>\u00a0os comparto algo que no he contado hasta ahora<\/b><\/b>, algo que s\u00f3lo saben las personas m\u00e1s cercanas. S\u00e9 que Dani os lo quer\u00eda compartir cuando recibiera el alta pero eso d\u00eda nunca lleg\u00f3, as\u00ed que hoy me apetece contaros algo que vivimos en el hospital\u00bb, arranc\u00f3 diciendo la joven junto a varias fotos de aquel d\u00eda.<\/p>\n<p class=\"c-paragraph\">En aquella<b>\u00a0<\/b>\u00edntima ceremonia no faltaron los anillos y la sonrisa de ambos: \u00ab<b>Hoy cumplimos 6 meses de casados.<\/b>\u00a0Fue en la habitaci\u00f3n 204 de un hospital y en compa\u00f1\u00eda de dos amigas que queremos con el alma como testigos\u00bb.<\/p>\n<p class=\"c-paragraph\">La decisi\u00f3n de sellar su amor la tomaron nada m\u00e1s ingresar el ciclista por \u00faltima vez. \u00abDani ingres\u00f3 en el hospital el pasado 23 de mayo y, muy pronto,\u00a0los m\u00e9dicos nos dijeron que no sab\u00edan si saldr\u00eda de la situaci\u00f3n, que pod\u00eda ser cuesti\u00f3n de d\u00edas.\u00a0<b>Recuerdo que los dos lloramos mucho, pero tambi\u00e9n nos dimos mucho amor<\/b> y, gracias a la intervenci\u00f3n de una amiga y a la de nuestra maravillosa doctora,\u00a0pudimos casarnos, el d\u00eda 30 de mayo\u00bb, ha explicado.<\/p>\n<p class=\"c-paragraph\">Su habitaci\u00f3n se convirti\u00f3 en un altar improvisado. \u00abFue una boda de urgencia por el peligro de la muerte, no fue una boda normal donde todo es bonito y maravilloso. A\u00fan as\u00ed, recuerdo<b><b>\u00a0la alegr\u00eda y la ilusi\u00f3n que pod\u00eda ver en la cara de Dani,<\/b><\/b>\u00a0aunque tambi\u00e9n hubo muchas l\u00e1grimas por si ocurr\u00eda lo que sab\u00edamos lo que pod\u00eda ocurrir\u00bb, ha recordado.<\/p>\n<p class=\"c-paragraph\">Seis meses despu\u00e9s de aquel \u00edntimo momento, J\u00fadit ha desvelado qu\u00e9 fue lo mejor: \u00abPara m\u00ed, lo m\u00e1s bonito de todo fue cuando <b>los dos ya ten\u00edamos nuestros anillos puestos.<\/b> Dani me lo mostraba cada d\u00eda y me dec\u00eda lo orgulloso que estaba\u00bb.<\/p>\n<p class=\"c-paragraph\">\u00abLa verdad, yo siempre pens\u00e9 que iba a salir de esta pero, al menos,\u00a0<b><b>me regal\u00f3 100 d\u00edas de casada,<\/b><\/b>\u00a0100 d\u00edas que aguant\u00f3 por m\u00ed. No lo pudo hacer mejor.\u00a0Fue un momento que no voy a olvidar jam\u00e1s\u00bb<b>,<\/b>\u00a0ha sentenciado.<\/p>\n<p class=\"c-paragraph\">El ciclista pudo superar un primer tumor en el f\u00e9mur en 2017. Le dijeron que no podr\u00eda volver a caminar, pero<b> termin\u00f3 recorriendo el mundo en bicicleta, viajando por m\u00e1s de 50 pa\u00edses,<\/b> una aventura que comparti\u00f3 con sus miles de seguidores en las redes sociales.<\/p>\n","protected":false},"excerpt":{"rendered":"El ciclista Dani Ku falleci\u00f3 el pasado mes de septiembre a los 42 a\u00f1os a causa de un&hellip;\n","protected":false},"author":2,"featured_media":266877,"comment_status":"","ping_status":"","sticky":false,"template":"","format":"standard","meta":{"footnotes":""},"categories":[273],"tags":[1066,313,1757,312,1996,168,25,24,2051,65971,23,167],"class_list":{"0":"post-266876","1":"post","2":"type-post","3":"status-publish","4":"format-standard","5":"has-post-thumbnail","7":"category-ciclismo","8":"tag-cancer","9":"tag-ciclismo","10":"tag-ciclista","11":"tag-cycling","12":"tag-dani","13":"tag-deportes","14":"tag-es","15":"tag-espana","16":"tag-fallecido","17":"tag-ku","18":"tag-spain","19":"tag-sports"},"share_on_mastodon":{"url":"https:\/\/pubeurope.com\/@es\/115648986017752320","error":""},"_links":{"self":[{"href":"https:\/\/www.europesays.com\/es\/wp-json\/wp\/v2\/posts\/266876","targetHints":{"allow":["GET"]}}],"collection":[{"href":"https:\/\/www.europesays.com\/es\/wp-json\/wp\/v2\/posts"}],"about":[{"href":"https:\/\/www.europesays.com\/es\/wp-json\/wp\/v2\/types\/post"}],"author":[{"embeddable":true,"href":"https:\/\/www.europesays.com\/es\/wp-json\/wp\/v2\/users\/2"}],"replies":[{"embeddable":true,"href":"https:\/\/www.europesays.com\/es\/wp-json\/wp\/v2\/comments?post=266876"}],"version-history":[{"count":0,"href":"https:\/\/www.europesays.com\/es\/wp-json\/wp\/v2\/posts\/266876\/revisions"}],"wp:featuredmedia":[{"embeddable":true,"href":"https:\/\/www.europesays.com\/es\/wp-json\/wp\/v2\/media\/266877"}],"wp:attachment":[{"href":"https:\/\/www.europesays.com\/es\/wp-json\/wp\/v2\/media?parent=266876"}],"wp:term":[{"taxonomy":"category","embeddable":true,"href":"https:\/\/www.europesays.com\/es\/wp-json\/wp\/v2\/categories?post=266876"},{"taxonomy":"post_tag","embeddable":true,"href":"https:\/\/www.europesays.com\/es\/wp-json\/wp\/v2\/tags?post=266876"}],"curies":[{"name":"wp","href":"https:\/\/api.w.org\/{rel}","templated":true}]}}