{"id":266880,"date":"2025-12-02T08:19:11","date_gmt":"2025-12-02T08:19:11","guid":{"rendered":"https:\/\/www.europesays.com\/es\/266880\/"},"modified":"2025-12-02T08:19:11","modified_gmt":"2025-12-02T08:19:11","slug":"el-plan-de-simeone-para-el-camp-nou-apunta-a-pubill","status":"publish","type":"post","link":"https:\/\/www.europesays.com\/es\/266880\/","title":{"rendered":"El plan de Simeone para el Camp Nou apunta a Pubill"},"content":{"rendered":"<p class=\"\"><b>El Atl\u00e9tico tiene el foco plenamente en la visita al Bar\u00e7a<\/b>, el l\u00edder que ya est\u00e1 a solo tres puntos. Simeone da vueltas al plan, a c\u00f3mo castigar a los azulgrana, a c\u00f3mo tapar el ataque rival con <b>las amenazas de Raphinha y Lamine.<\/b> Y <b>sin Le Normand ni Llorente, a\u00fan lesionados<\/b>. Y por ah\u00ed, el \u00faltimo ensayo puso sobre la mesa el nombre de Pubill.<\/p>\n<p class=\"\">El t\u00e9cnico trabaj\u00f3 en la sesi\u00f3n previa al viaje a Barcelona con una l\u00ednea de cuatro defensas sobre el c\u00e9sped de Majadahonda. En ella formaban<b> Pubill, Gim\u00e9nez, Lenglet y Hancko.<\/b> Una de las dudas es qui\u00e9n se colocar\u00e1 en el perfil derecho y de ello <a href=\"https:\/\/as.com\/futbol\/primera\/simeone-nuestro-margen-de-mejora-es-mayor-de-lo-que-estamos-viendo-f202512-n\/\" target=\"_self\" rel=\"nofollow noopener\" title=\"https:\/\/as.com\/futbol\/primera\/simeone-nuestro-margen-de-mejora-es-mayor-de-lo-que-estamos-viendo-f202512-n\/\">ya hab\u00eda hablado Simeone ante los medios justo antes:<\/a> \u00abPubill y Nahuel son diferentes: <b>Molina es mucho m\u00e1s ofensivo, m\u00e1s profundo <\/b>e importante en los \u00faltimos metros de mitad de cancha hacia adelante. <b>Marc nos puede dar alternativas para jugar de central y otro tipo de juego <\/b>para esa posici\u00f3n\u00bb.<\/p>\n<p>Noticias relacionadas<\/p>\n<p class=\"\"><b>Pubill <\/b>jug\u00f3 la \u00faltima media hora ante el Inter a buen nivel, no solo en defensa sino con sus incorporaciones, y luego fue titular ante el Oviedo. Si el ensayo previo, con <b>esos cuatro atr\u00e1s y Koke por delante, <\/b>se traslada a la alineaci\u00f3n, repetir\u00e1 en el once ante el Bar\u00e7a. El t\u00e9cnico medita formar con <b>Nico Gonzalez y Giuliano<\/b> en las bandas para cerrar rendijas y que se incrusten en una l\u00ednea de cinco e incluso seis para cerrar. La alineaci\u00f3n la completar\u00e1n <b>Oblak, Barrios, Baena y Juli\u00e1n. <\/b><\/p>\n<p class=\"\"><b>\u00a1Tus opiniones importan!<\/b> Comenta en los art\u00edculos y suscr\u00edbete gratis a nuestra <a href=\"https:\/\/asfan.as.com\/newsletters\/\" target=\"_blank\" rel=\"nofollow noopener\" title=\"https:\/\/asfan.as.com\/newsletters\/\">newsletter<\/a> y a las alertas informativas en la <a href=\"https:\/\/as.com\/aplicacion-de-as-n\/\" target=\"_blank\" rel=\"nofollow noopener\" title=\"https:\/\/as.com\/aplicacion-de-as-n\/\">App<\/a> o el canal de <a href=\"https:\/\/www.whatsapp.com\/channel\/0029VaAasdA7j6g745nz9M10\" target=\"_blank\" rel=\"nofollow noopener\" title=\"https:\/\/www.whatsapp.com\/channel\/0029VaAasdA7j6g745nz9M10\">WhatsApp<\/a>. \u00bfBuscas licenciar contenido? Haz clic <a href=\"https:\/\/profesional.elpais.com\/soluciones-sindicacion?utm_medium=interno&amp;utm_source=crosslinking&amp;utm_campaign=sindicacion_as_pie_articulos\" target=\"_blank\" rel=\"nofollow noopener\" title=\"https:\/\/profesional.elpais.com\/soluciones-sindicacion?utm_medium=interno&amp;utm_source=crosslinking&amp;utm_campaign=sindicacion_as_pie_articulos\">aqu\u00ed<\/a><\/p>\n","protected":false},"excerpt":{"rendered":"El Atl\u00e9tico tiene el foco plenamente en la visita al Bar\u00e7a, el l\u00edder que ya est\u00e1 a solo&hellip;\n","protected":false},"author":2,"featured_media":266881,"comment_status":"","ping_status":"","sticky":false,"template":"","format":"standard","meta":{"footnotes":""},"categories":[268],"tags":[168,25,24,280,282,281,23,167],"class_list":{"0":"post-266880","1":"post","2":"type-post","3":"status-publish","4":"format-standard","5":"has-post-thumbnail","7":"category-futbol","8":"tag-deportes","9":"tag-es","10":"tag-espana","11":"tag-football","12":"tag-futbol","13":"tag-soccer","14":"tag-spain","15":"tag-sports"},"share_on_mastodon":{"url":"https:\/\/pubeurope.com\/@es\/115648997994800119","error":""},"_links":{"self":[{"href":"https:\/\/www.europesays.com\/es\/wp-json\/wp\/v2\/posts\/266880","targetHints":{"allow":["GET"]}}],"collection":[{"href":"https:\/\/www.europesays.com\/es\/wp-json\/wp\/v2\/posts"}],"about":[{"href":"https:\/\/www.europesays.com\/es\/wp-json\/wp\/v2\/types\/post"}],"author":[{"embeddable":true,"href":"https:\/\/www.europesays.com\/es\/wp-json\/wp\/v2\/users\/2"}],"replies":[{"embeddable":true,"href":"https:\/\/www.europesays.com\/es\/wp-json\/wp\/v2\/comments?post=266880"}],"version-history":[{"count":0,"href":"https:\/\/www.europesays.com\/es\/wp-json\/wp\/v2\/posts\/266880\/revisions"}],"wp:featuredmedia":[{"embeddable":true,"href":"https:\/\/www.europesays.com\/es\/wp-json\/wp\/v2\/media\/266881"}],"wp:attachment":[{"href":"https:\/\/www.europesays.com\/es\/wp-json\/wp\/v2\/media?parent=266880"}],"wp:term":[{"taxonomy":"category","embeddable":true,"href":"https:\/\/www.europesays.com\/es\/wp-json\/wp\/v2\/categories?post=266880"},{"taxonomy":"post_tag","embeddable":true,"href":"https:\/\/www.europesays.com\/es\/wp-json\/wp\/v2\/tags?post=266880"}],"curies":[{"name":"wp","href":"https:\/\/api.w.org\/{rel}","templated":true}]}}