{"id":266882,"date":"2025-12-02T08:20:16","date_gmt":"2025-12-02T08:20:16","guid":{"rendered":"https:\/\/www.europesays.com\/es\/266882\/"},"modified":"2025-12-02T08:20:16","modified_gmt":"2025-12-02T08:20:16","slug":"el-nexo-de-su-desconocida-amistad","status":"publish","type":"post","link":"https:\/\/www.europesays.com\/es\/266882\/","title":{"rendered":"el nexo de su desconocida amistad"},"content":{"rendered":"<p id=\"eQ60zu1nzn\" data-wc=\"99\">El mes de diciembre ha comenzado y llega cargado de celebraciones. Estas fechas invitan a hacer balance del a\u00f1o que estamos a punto de dejar atr\u00e1s, brindar por lo bueno que nos dejan estos \u00faltimos doce meses y pedir los mejores deseos para el futuro. Unos rituales que ya han empezado a llevarse a cabo en numerosos grupos, como el que forman <strong>Paula Echevarr\u00eda, Miguel Torres, Feliciano L\u00f3pez, Sandra Gago, Luis Figo, Helene Svedin y Silvia G\u00f3mez-Cu\u00e9tara,<\/strong> entre otros. Una pandilla de lo m\u00e1s variada, repleta de rostros conocidos que han inaugurado ya la Navidad con una divertida comida.<\/p>\n<p> <img src=\"https:\/\/www.europesays.com\/es\/wp-content\/uploads\/2025\/12\/ee88a6e6db4d-ca6587b8-b9d3-4fd5-9c37-5837d993b16c.jpg\"   width=\"583\" height=\"1024\" loading=\"lazy\" decoding=\"async\" alt=\"\u00c1ngel Mart\u00edn ejerci\u00f3 de anfitri\u00f3n con un gran grupo de amigos \" fetchpriority=\"auto\" class=\"image ho-image\"\/>\u00a9 @pau_eche\u00c1ngel Mart\u00edn ejerci\u00f3 de anfitri\u00f3n con un gran grupo de amigos <\/p>\n<p id=\"eHWgfEvsSj\" data-wc=\"106\"><strong>El doctor \u00c1ngel Mart\u00edn, fundador y director de Cl\u00ednica Menorca desde el a\u00f1o 1990, ha ejercido de anfitri\u00f3n en una jornada para el recuerdo<\/strong>. \u00abInauguramos la Navidad con una comida en casa, rodeado de buenos amigos\u00bb, ha dicho el cirujano y autor del libro El dolor est\u00e1 en tu cabeza, no en tu cuerpo, que ha abierto las puertas de su hogar para disfrutar junto a 25 amigos pertenecientes a diferentes sectores. Un grupo muy diverso cuyos lazos eran desconocidos hasta ahora y que est\u00e1n unidos por un nexo com\u00fan, un hombre que disfruta reuniendo a todo su entorno y fomentando el nacimiento de nuevas amistades.<\/p>\n<p> <img src=\"https:\/\/www.europesays.com\/es\/wp-content\/uploads\/2025\/12\/ede4e776e737-7b742722-ad20-44f5-bb74-3c750c785c52.jpg\"   width=\"584\" height=\"1024\" loading=\"lazy\" decoding=\"async\" alt=\"\u00c1ngel Mart\u00edn organiza una comida navide\u00f1a con amigos\" fetchpriority=\"auto\" class=\"image ho-image\"\/>\u00a9 @dr.angelmartin\u00c1ngel Mart\u00edn organiza una comida navide\u00f1a con amigos<\/p>\n<p id=\"ekPReB82Gaq\" data-wc=\"113\">Del plan formaron parte estrellas de la cocina como Ram\u00f3n Freix\u00e1, poseedor de dos Estrellas Michel\u00edn; y Alberto Chicote, que el 31 de diciembre volver\u00e1 a formar pareja con Cristina Pedroche para dar las Campanadas de Atresmedia. Tambi\u00e9n estaban <a class=\"hm-link ho-link\" href=\"https:\/\/www.hola.com\/actualidad\/20251118868045\/paula-echevarria-miguel-torres-final-masterchef-celebrity\/\" data-mrf-recirculation=\"article-body-link\" rel=\"nofollow noopener\" target=\"_blank\">Miguel Torres, reciente finalista de MasterChef Celebrity 10<\/a>, y Sandra Gago, otra de las exconcursantes del popular reality culinario de TVE. Con toda seguridad, todos compartieron con el anfitri\u00f3n algunos tips para preparar el men\u00fa, en el que hab\u00eda gulas rehogadas con ajos, jam\u00f3n serrano, dulces y fruta. Fue \u00c1ngel Mart\u00edn el que se puso entre fogones, con su delantal y una camiseta de la gira de Dani Mart\u00edn, otro de sus buenos amigos.<\/p>\n<p> <img src=\"https:\/\/www.europesays.com\/es\/wp-content\/uploads\/2025\/12\/e8dc58299588-45682a1f-490e-47d8-a9c7-3917bb89dba5.jpg\"   width=\"581\" height=\"1024\" loading=\"lazy\" decoding=\"async\" alt=\"Ramon Freix\u00e1 con algunas de las asistentes a la comida\" fetchpriority=\"auto\" class=\"image ho-image\"\/>\u00a9 @pau_echeRamon Freix\u00e1 con algunas de las asistentes a la comida<\/p>\n<p id=\"ef3JJ1FrsX\" data-wc=\"102\">Para la comida se prepar\u00f3 una largu\u00edsima mesa con motivos oto\u00f1ales como calabazas, flores con colores rojizos, candelabros&#8230; Como tel\u00f3n de fondo, los curiosos tesoros del anfitri\u00f3n: camisetas firmadas por leyendas del deporte, fotos de competiciones deportivas \u00e9picas, balones de partidos para el recuerdo, trajes de luces de estrellas del toreo como Morante de la Puebla o la cabeza de un toro. Entre los comensales, adem\u00e1s de los nombres ya indicados, <strong>se encontraban otros rostros conocidos como Iker Casillas,\u00a0<\/strong><a class=\"hm-link ho-link\" href=\"https:\/\/www.hola.com\/actualidad\/20250929858541\/carlos-sobera-explica-el-motivo-viaje-a-miami-mujer-patricia\/\" data-mrf-recirculation=\"article-body-link\" rel=\"nofollow noopener\" target=\"_blank\">Carlos Sobera y Patricia Santamarina<\/a>. Todos pudieron disfrutar adem\u00e1s de m\u00fasica en directo como colof\u00f3n a una celebraci\u00f3n llena de risas y diversi\u00f3n.\u00a0<\/p>\n<p> <img src=\"https:\/\/www.europesays.com\/es\/wp-content\/uploads\/2025\/12\/2887750db1da-4b96bed0-5b99-444e-990a-a6cc01ca1db2.jpg\"   width=\"582\" height=\"1024\" loading=\"lazy\" decoding=\"async\" alt=\"La m\u00fasica en directo fue el colof\u00f3n a una comida para el recuerdo\" fetchpriority=\"auto\" class=\"image ho-image\"\/>\u00a9 @dr.angelmartinLa m\u00fasica en directo fue el colof\u00f3n a una comida para el recuerdo<br \/>\nSus negocios m\u00e1s all\u00e1 de la medicina<\/p>\n<p id=\"e_kNhSq7Q1\" data-wc=\"127\">Muchas de las amistades de \u00c1ngel Mart\u00edn han surgido en su cl\u00ednica, como la que manten\u00eda con el inolvidable Seve Ballesteros, mientras que otras tienen su origen en su pasi\u00f3n por el deporte y en el resto de sus negocios, algunos orientados a la hosteler\u00eda. Y es que su pasi\u00f3n por el universo gastro le ha llevado a abrir restaurantes como Taberna La Tienta (Madrid). Adem\u00e1s, fiel a su compromiso con los productos de buena calidad y de proximidad,<strong>\u00a0puso en marcha tambi\u00e9n la Huerta Emiliana en su pueblo natal, Navarrevisca (\u00c1vila), que curiosamente est\u00e1 a media hora de<\/strong><a class=\"hm-link ho-link\" href=\"https:\/\/www.hola.com\/actualidad\/20200817173690\/iker-casillas-vacaciones-navalacruz\/\" data-mrf-recirculation=\"article-body-link\" rel=\"nofollow noopener\" target=\"_blank\">\u00a0Navalacruz, el de Iker Casillas<\/a>, uno de sus mejores amigos. Este proyecto, en el que se incluyen adem\u00e1s vi\u00f1edos, es su apuesta por una agricultura saludable y responsable.\u00a0<\/p>\n<p> <img src=\"https:\/\/www.europesays.com\/es\/wp-content\/uploads\/2025\/12\/a084c6525fa7-0744eb26-096b-423d-82e9-3b642d6581b3.jpg\"   width=\"587\" height=\"1024\" loading=\"lazy\" decoding=\"async\" alt=\"Entre los invitados estaban Iker Casillas, Feliciano L\u00f3pez y Luis Figo\" fetchpriority=\"auto\" class=\"image ho-image\"\/>\u00a9 @dr.angelmartinEntre los invitados estaban Iker Casillas, Feliciano L\u00f3pez y Luis Figo<\/p>\n<p id=\"eeiuFK0Q73G\" data-wc=\"60\">Muy conocida es tambi\u00e9n la vertiente solidaria del cirujano pl\u00e1stico, que impulsa anualmente un campeonato de p\u00e1del para recaudar fondos contra el c\u00e1ncer de mama y otro campeonato de golf con los mismos fines. En ambos torneos cuenta siempre con el apoyo de amigos muy conocidos, esos a los que ahora ha reunido en su casa en unas navidades adelantadas.<\/p>\n","protected":false},"excerpt":{"rendered":"El mes de diciembre ha comenzado y llega cargado de celebraciones. Estas fechas invitan a hacer balance del&hellip;\n","protected":false},"author":2,"featured_media":266883,"comment_status":"","ping_status":"","sticky":false,"template":"","format":"standard","meta":{"footnotes":""},"categories":[174],"tags":[517,255,146,147,25,24,256,18717,18685,15640,55047,65972,23],"class_list":{"0":"post-266882","1":"post","2":"type-post","3":"status-publish","4":"format-standard","5":"has-post-thumbnail","7":"category-famosos","8":"tag-actualidad","9":"tag-celebrities","10":"tag-entertainment","11":"tag-entretenimiento","12":"tag-es","13":"tag-espana","14":"tag-famosos","15":"tag-feliciano-lopez","16":"tag-iker-casillas","17":"tag-paula-echevarria","18":"tag-sandra-gago","19":"tag-silvia-gomez-cuetara","20":"tag-spain"},"share_on_mastodon":{"url":"https:\/\/pubeurope.com\/@es\/115649002748857285","error":""},"_links":{"self":[{"href":"https:\/\/www.europesays.com\/es\/wp-json\/wp\/v2\/posts\/266882","targetHints":{"allow":["GET"]}}],"collection":[{"href":"https:\/\/www.europesays.com\/es\/wp-json\/wp\/v2\/posts"}],"about":[{"href":"https:\/\/www.europesays.com\/es\/wp-json\/wp\/v2\/types\/post"}],"author":[{"embeddable":true,"href":"https:\/\/www.europesays.com\/es\/wp-json\/wp\/v2\/users\/2"}],"replies":[{"embeddable":true,"href":"https:\/\/www.europesays.com\/es\/wp-json\/wp\/v2\/comments?post=266882"}],"version-history":[{"count":0,"href":"https:\/\/www.europesays.com\/es\/wp-json\/wp\/v2\/posts\/266882\/revisions"}],"wp:featuredmedia":[{"embeddable":true,"href":"https:\/\/www.europesays.com\/es\/wp-json\/wp\/v2\/media\/266883"}],"wp:attachment":[{"href":"https:\/\/www.europesays.com\/es\/wp-json\/wp\/v2\/media?parent=266882"}],"wp:term":[{"taxonomy":"category","embeddable":true,"href":"https:\/\/www.europesays.com\/es\/wp-json\/wp\/v2\/categories?post=266882"},{"taxonomy":"post_tag","embeddable":true,"href":"https:\/\/www.europesays.com\/es\/wp-json\/wp\/v2\/tags?post=266882"}],"curies":[{"name":"wp","href":"https:\/\/api.w.org\/{rel}","templated":true}]}}