{"id":266885,"date":"2025-12-02T08:23:12","date_gmt":"2025-12-02T08:23:12","guid":{"rendered":"https:\/\/www.europesays.com\/es\/266885\/"},"modified":"2025-12-02T08:23:12","modified_gmt":"2025-12-02T08:23:12","slug":"broncano-sin-palabras-en-la-revuelta-tras-lo-ocurrido-con-su-invitada-en-las-preguntas-clasicas-se-ha-quedado-rojo","status":"publish","type":"post","link":"https:\/\/www.europesays.com\/es\/266885\/","title":{"rendered":"Broncano, sin palabras en &#8216;La revuelta&#8217; tras lo ocurrido con su invitada en las preguntas cl\u00e1sicas: \u00abSe ha quedado rojo\u00bb"},"content":{"rendered":"\n<ul class=\"bodyList bodyList--unordered\">\n<li class=\"bodyList__item\"><a href=\"https:\/\/www.elconfidencial.com\/television\/programas-tv\/2025-12-01\/la-revuelta-luis-tosar-corta-broncano-intima-pregunta-mal-gusto_4258392\/\" target=\"_self\" rel=\"nofollow noopener\">\u00abEs de muy mal gusto\u00bb: Luis Tosar no se corta y detiene una \u00edntima pregunta de Broncano en &#8216;La revuelta&#8217;<\/a><\/li>\n<\/ul>\n<p> <strong>David Broncano<\/strong> est\u00e1 acostumbrado a que sus entrevistas terminen convirti\u00e9ndose en un peque\u00f1o caos controlado, pero lo ocurrido durante la visita de <strong>Jeanette<\/strong> este lunes a La revuelta <a href=\"https:\/\/www.elconfidencial.com\/television\/programas-tv\/2025-12-01\/la-revuelta-luis-tosar-corta-broncano-intima-pregunta-mal-gusto_4258392\/\" target=\"_self\" rel=\"nofollow noopener\">super\u00f3 cualquier expectativa<\/a> y dej\u00f3 al presentador sin palabras. La cantante, icono generacional y responsable de temas tan inmortales como \u201cPorque te vas\u201d, <strong>\u201cSoy rebelde\u201d <\/strong>o \u201cEl muchacho de los ojos tristes\u201d, regres\u00f3 a la televisi\u00f3n para hablar de su gira 50 aniversario\u2026 <strong>y termin\u00f3 dejando sin respuesta \u2014y sin aliento\u2014 al propio presentador.<\/strong> <\/p>\n<p> A sus 74 a\u00f1os, Jeanette mantiene intacto ese aura dulce que marc\u00f3 su carrera, pero tambi\u00e9n una sinceridad \u00fanica. Nada m\u00e1s pisar el plat\u00f3, Broncano se mostr\u00f3 sorprendido por recibir a una artista cuya m\u00fasica ha atravesado varias generaciones. \u00c9l mismo recordaba c\u00f3mo \u2018\u00bfPor qu\u00e9 te vas?\u2019 o \u2018Soy Rebelde\u2019 forman parte de la banda sonora sentimental de millones de personas.  <\/p>\n<blockquote class=\"twitter-tweet\">\n<p lang=\"es\" dir=\"ltr\">? Jeanette saca los colores a Broncano <a href=\"https:\/\/twitter.com\/hashtag\/LaRevuelta?src=hash&amp;ref_src=twsrc%5Etfw\" rel=\"nofollow noopener\" target=\"_blank\">#LaRevuelta<\/a> <a href=\"https:\/\/t.co\/DVoScTiyuD\" rel=\"nofollow\">pic.twitter.com\/DVoScTiyuD<\/a><\/p>\n<p>\u2014 La Revuelta (@LaRevuelta_TVE) <a href=\"https:\/\/twitter.com\/LaRevuelta_TVE\/status\/1995615264071975055?ref_src=twsrc%5Etfw\" rel=\"nofollow noopener\" target=\"_blank\">December 1, 2025<\/a><\/p><\/blockquote>\n<p> Ella, sin perder la sonrisa, defend\u00eda que no necesita revisitar esos temas. \u201cLas canciones cuando son buenas van a perdurar siempre. <strong>Me han pedido muchas veces hacer versiones nuevas y no. <\/strong>La verdad es que el original es bueno\u201d, aseguraba, dejando claro que no hay motivo para modernizar lo que ya funciona. <\/p>\n<p> Jeanette explic\u00f3 que, como int\u00e9rprete, cualquier uso de sus canciones requiere su permiso. Y s\u00ed, sigue generando derechos de aquellos temas de los 70 que hoy contin\u00faan sonando en series, pel\u00edculas o anuncios. Lo cont\u00f3 sin rodeos, entre bromas. <strong>\u201cA estas alturas no trabajo gratis\u201d, <\/strong>explicaba.  <\/p>\n<p> La entrevista avanz\u00f3 hacia las famosas preguntas cl\u00e1sicas del programa, esas que suelen incomodar a cada invitado. Ella le baj\u00f3 las expectativas al instante. \u201cNo te creas que de patrimonio tengo tanto.<strong> Tambi\u00e9n tenemos muchos gastos\u201d, <\/strong>coment\u00f3 con naturalidad al responder cu\u00e1nto patrimonio tiene. \u201cTengo para comer y vivir bien. Puedo ir al supermercado sin problemas y con eso soy feliz\u201d, explic\u00f3. <\/p>\n<p>              <img decoding=\"async\" class=\"inTextNews__img\" alt=\"Foto: la-revuelta-luis-tosar-corta-broncano-intima-pregunta-mal-gusto\" src=\"https:\/\/www.europesays.com\/es\/wp-content\/uploads\/2025\/12\/f.elconfidencial.com\/original\/b6b\/1c0\/21a\/b6b1c021a79ccd7f968c79aa994592e8.jpg\"  \/>     <\/p>\n<p>TE PUEDE INTERESAR<\/p>\n<p>      <a class=\"inTextNews__title\" href=\"https:\/\/www.elconfidencial.com\/television\/programas-tv\/2025-12-01\/la-revuelta-luis-tosar-corta-broncano-intima-pregunta-mal-gusto_4258392\/\" onclick=\"window.ECCO.emit(&#039;amplitude&#039;, { dataEventName: &#039;click_related_article_module&#039;, data: { related_article_url: &#039;https:\/\/www.elconfidencial.com\/television\/programas-tv\/2025-12-01\/la-revuelta-luis-tosar-corta-broncano-intima-pregunta-mal-gusto_4258392\/&#039;, related_article_author: &#039;Daniel Robles&#039;, related_article_section: &#039;programas-tv&#039; } })\" rel=\"nofollow noopener\" target=\"_blank\"> \u00abEs de muy mal gusto\u00bb: Luis Tosar no se corta y detiene una \u00edntima pregunta de Broncano en &#8216;La revuelta&#8217; <\/a>   <\/p>\n<p>    Daniel Robles   <\/p>\n<p> Pero Jeanette ten\u00eda preparada una salida tan inesperada como divertida. Cuando el presentador insisti\u00f3 en conocer la cifra que evitaba desvelar, ella respondi\u00f3 desviando el foco hacia otro asunto que dej\u00f3 a Broncano completamente sonrojado.<strong> \u201cMe tienes que hacer t\u00fa un favor. Se ha quedado rojo\u201d,<\/strong> le lanz\u00f3 mientras \u00e9l intentaba recomponerse. <\/p>\n<p> Lejos de liberarlo, la artista aprovech\u00f3 para confesar su verdadera petici\u00f3n: la b\u00fasqueda de pareja. Pero con condiciones. <strong>\u201cMe tienes que ayudar a buscar y despu\u00e9s me invitas y te cuento todo\u201d,<\/strong> le pidi\u00f3 entre risas. No val\u00eda cualquiera. Sus requisitos eran claros: deb\u00eda ser \u201cmuy guapo, porque yo soy muy selectiva\u201d y, adem\u00e1s, tener una estabilidad econ\u00f3mica superior a la suya. <strong>\u201cSi no tiene m\u00e1s dinero que yo, no me interesa\u201d,<\/strong> confesaba sin un \u00e1pice de iron\u00eda. <\/p>\n<p> El presentador, ya entregado al surrealismo de la situaci\u00f3n, prometi\u00f3 que se pondr\u00eda manos a la obra para encontrar candidatos. \u201cTengo un amigo [&#8230;] Te presento a&#8230;\u201d, dijo mientras sacaba <strong>una fotograf\u00eda de Antonio Resines,<\/strong> provocando otra oleada de carcajadas en el p\u00fablico. Jeanette acept\u00f3 la propuesta con humor y le record\u00f3 la condici\u00f3n para su futura visita. \u201cUna vez que me lo busques, me invitas otro d\u00eda y te cuento todo lo que quieras saber\u201d, sentenci\u00f3.  <\/p>\n<p>         <script async src=\"https:\/\/platform.twitter.com\/widgets.js\" charset=\"utf-8\"><\/script><\/p>\n","protected":false},"excerpt":{"rendered":"\u00abEs de muy mal gusto\u00bb: Luis Tosar no se corta y detiene una \u00edntima pregunta de Broncano en&hellip;\n","protected":false},"author":2,"featured_media":266886,"comment_status":"","ping_status":"","sticky":false,"template":"","format":"standard","meta":{"footnotes":""},"categories":[171],"tags":[146,147,25,24,23,214],"class_list":{"0":"post-266885","1":"post","2":"type-post","3":"status-publish","4":"format-standard","5":"has-post-thumbnail","7":"category-tv","8":"tag-entertainment","9":"tag-entretenimiento","10":"tag-es","11":"tag-espana","12":"tag-spain","13":"tag-tv"},"share_on_mastodon":{"url":"https:\/\/pubeurope.com\/@es\/115649014191807274","error":""},"_links":{"self":[{"href":"https:\/\/www.europesays.com\/es\/wp-json\/wp\/v2\/posts\/266885","targetHints":{"allow":["GET"]}}],"collection":[{"href":"https:\/\/www.europesays.com\/es\/wp-json\/wp\/v2\/posts"}],"about":[{"href":"https:\/\/www.europesays.com\/es\/wp-json\/wp\/v2\/types\/post"}],"author":[{"embeddable":true,"href":"https:\/\/www.europesays.com\/es\/wp-json\/wp\/v2\/users\/2"}],"replies":[{"embeddable":true,"href":"https:\/\/www.europesays.com\/es\/wp-json\/wp\/v2\/comments?post=266885"}],"version-history":[{"count":0,"href":"https:\/\/www.europesays.com\/es\/wp-json\/wp\/v2\/posts\/266885\/revisions"}],"wp:featuredmedia":[{"embeddable":true,"href":"https:\/\/www.europesays.com\/es\/wp-json\/wp\/v2\/media\/266886"}],"wp:attachment":[{"href":"https:\/\/www.europesays.com\/es\/wp-json\/wp\/v2\/media?parent=266885"}],"wp:term":[{"taxonomy":"category","embeddable":true,"href":"https:\/\/www.europesays.com\/es\/wp-json\/wp\/v2\/categories?post=266885"},{"taxonomy":"post_tag","embeddable":true,"href":"https:\/\/www.europesays.com\/es\/wp-json\/wp\/v2\/tags?post=266885"}],"curies":[{"name":"wp","href":"https:\/\/api.w.org\/{rel}","templated":true}]}}