{"id":266891,"date":"2025-12-02T08:27:12","date_gmt":"2025-12-02T08:27:12","guid":{"rendered":"https:\/\/www.europesays.com\/es\/266891\/"},"modified":"2025-12-02T08:27:12","modified_gmt":"2025-12-02T08:27:12","slug":"gran-lazo-rojo-simboliza-el-dia-mundial-contra-el-sida-en-la-casa-consistorial","status":"publish","type":"post","link":"https:\/\/www.europesays.com\/es\/266891\/","title":{"rendered":"Gran lazo rojo simboliza el D\u00eda Mundial contra el Sida en la Casa Consistorial"},"content":{"rendered":"<p id=\"breadcrumbs\"><a href=\"https:\/\/vivirediciones.es\/\" rel=\"v:url nofollow noopener\" property=\"v:title\" target=\"_blank\">Portada<\/a> \u00bb <a href=\"https:\/\/vivirediciones.es\/category\/san-sebastian-de-los-reyes\/\" rel=\"v:url nofollow noopener\" property=\"v:title\" target=\"_blank\">San Sebasti\u00e1n de los Reyes<\/a> \u00bb Gran lazo rojo simboliza el D\u00eda Mundial contra el Sida en la Casa Consistorial<\/p>\n<p><img decoding=\"async\" src=\"https:\/\/www.europesays.com\/es\/wp-content\/uploads\/2025\/12\/2025-12-01T154024.942Zfile-678x381.jpeg\" alt=\"\" title=\"gran-lazo-rojo-simboliza-el-dia-mundial-contra-el-sida-en-la-casa-consistorial\"\/><\/p>\n<p>La Casa Consistorial muestra un gran lazo rojo por el D\u00eda Mundial de la Lucha Contra el Sida.<\/p>\n<p>Un gran lazo rojo cubre la Casa Consistorial con motivo del D\u00eda Mundial de la Lucha Contra el Sida. La acci\u00f3n busca visibilizar la enfermedad y recordar la importancia de la prevenci\u00f3n y el apoyo a las personas afectadas. Adem\u00e1s, el edificio se iluminar\u00e1 esta noche en color rojo como acto conmemorativo.<\/p>\n<p>Acto simb\u00f3lico.<\/p>\n<p>El lazo rojo es un s\u00edmbolo internacional de solidaridad con las personas que viven con el VIH y de recuerdo a las v\u00edctimas del sida. Cubrir la fachada de un edificio p\u00fablico intensifica el impacto visual y sirve para llamar la atenci\u00f3n de la ciudadan\u00eda. Este tipo de iniciativas se emplea habitualmente para promover campa\u00f1as de concienciaci\u00f3n p\u00fablica.<\/p>\n<p>Objetivos de la conmemoraci\u00f3n.<\/p>\n<p>La conmemoraci\u00f3n persigue sensibilizar sobre la prevenci\u00f3n, el diagn\u00f3stico precoz y la lucha contra el estigma asociado al VIH. Tambi\u00e9n pretende subrayar la necesidad de pol\u00edticas de salud p\u00fablica que garanticen el acceso a la atenci\u00f3n y al tratamiento. La presencia de s\u00edmbolos visibles en espacios urbanos ayuda a mantener el tema en la agenda p\u00fablica.<\/p>\n<p>Fuentes e informaci\u00f3n.<\/p>\n<p>La iniciativa se ha materializado con el lazo en la Casa Consistorial y la iluminaci\u00f3n en rojo prevista para esta noche. La acci\u00f3n forma parte de los actos conmemorativos del D\u00eda Mundial de la Lucha Contra el Sida y busca involucrar a la comunidad. La informaci\u00f3n sobre la colocaci\u00f3n del lazo y la iluminaci\u00f3n ha sido facilitada por el Ayuntamiento.<\/p>\n","protected":false},"excerpt":{"rendered":"Portada \u00bb San Sebasti\u00e1n de los Reyes \u00bb Gran lazo rojo simboliza el D\u00eda Mundial contra el Sida&hellip;\n","protected":false},"author":2,"featured_media":266892,"comment_status":"","ping_status":"","sticky":false,"template":"","format":"standard","meta":{"footnotes":""},"categories":[92],"tags":[25,24,165,166,23],"class_list":{"0":"post-266891","1":"post","2":"type-post","3":"status-publish","4":"format-standard","5":"has-post-thumbnail","7":"category-salud","8":"tag-es","9":"tag-espana","10":"tag-health","11":"tag-salud","12":"tag-spain"},"share_on_mastodon":{"url":"","error":""},"_links":{"self":[{"href":"https:\/\/www.europesays.com\/es\/wp-json\/wp\/v2\/posts\/266891","targetHints":{"allow":["GET"]}}],"collection":[{"href":"https:\/\/www.europesays.com\/es\/wp-json\/wp\/v2\/posts"}],"about":[{"href":"https:\/\/www.europesays.com\/es\/wp-json\/wp\/v2\/types\/post"}],"author":[{"embeddable":true,"href":"https:\/\/www.europesays.com\/es\/wp-json\/wp\/v2\/users\/2"}],"replies":[{"embeddable":true,"href":"https:\/\/www.europesays.com\/es\/wp-json\/wp\/v2\/comments?post=266891"}],"version-history":[{"count":0,"href":"https:\/\/www.europesays.com\/es\/wp-json\/wp\/v2\/posts\/266891\/revisions"}],"wp:featuredmedia":[{"embeddable":true,"href":"https:\/\/www.europesays.com\/es\/wp-json\/wp\/v2\/media\/266892"}],"wp:attachment":[{"href":"https:\/\/www.europesays.com\/es\/wp-json\/wp\/v2\/media?parent=266891"}],"wp:term":[{"taxonomy":"category","embeddable":true,"href":"https:\/\/www.europesays.com\/es\/wp-json\/wp\/v2\/categories?post=266891"},{"taxonomy":"post_tag","embeddable":true,"href":"https:\/\/www.europesays.com\/es\/wp-json\/wp\/v2\/tags?post=266891"}],"curies":[{"name":"wp","href":"https:\/\/api.w.org\/{rel}","templated":true}]}}