{"id":266893,"date":"2025-12-02T08:28:11","date_gmt":"2025-12-02T08:28:11","guid":{"rendered":"https:\/\/www.europesays.com\/es\/266893\/"},"modified":"2025-12-02T08:28:11","modified_gmt":"2025-12-02T08:28:11","slug":"todas-las-flores-para-antonio-el-mundo","status":"publish","type":"post","link":"https:\/\/www.europesays.com\/es\/266893\/","title":{"rendered":"Todas las flores para Antonio &#8211; El Mundo"},"content":{"rendered":"<ol>\n<li><a href=\"https:\/\/news.google.com\/rss\/articles\/CBMie0FVX3lxTE54UEZ6ZUdlazk3MktLa1pJRlM5RnZucERKbWU0UWVqN0JwR011Y3BXOHlYcnk4NTNBSUtNODJwUzloUXFPNnY4cWRXb3lXblpmMzF3VGZ0dUZFc21rbmpNaEZaTnl4a1R6QXc3c18wcFMwXzIzbnh3WjVzONIBe0FVX3lxTE01R3NFWlV4TVU5RWswb0RGSk92VnhoeWlYM3JXVWUxMElKVWNmbTF3a01aanFhTl91cC1LWDhFQ2F2dUVyS3ZudWVXcl9YdktIVF9YTzhEX09kR0hFVTQ5QlM4d3I5WGNER29GdHRqVXcxdEdGSl9wM1RBcw?oc=5\" target=\"_blank\" rel=\"nofollow noopener\">Todas las flores para Antonio<\/a>&nbsp;&nbsp;El Mundo<\/li>\n<li><a href=\"https:\/\/news.google.com\/rss\/articles\/CBMirgFBVV95cUxNWkljLXF6OVNhUkhRYWRrNkUwTDFLeGpYWHc2d1c0VWRWbG1vQWJJRXJUbFdrTWwwT2kyYWp4U2w2MU83aGF5SnhNdWswVk5OazFNbXpqaFk2dzFqYVRqcFpPQ1dLSk14UUgwT1VlZGdIdDBrRHo2bFhLbTRIU3pndFlDOHBkQmJ2cDczZ1pDS1FfYlptNjY2aDNMV3prdUJqSU9XSUtBWGlyVlhIclE?oc=5\" target=\"_blank\" rel=\"nofollow noopener\">La confesi\u00f3n de Alba Flores sobre Lolita y Rosario: \u00abEn mi casa siempre se ha dicho\u00bb<\/a>&nbsp;&nbsp;RTVE.es<\/li>\n<li><a href=\"https:\/\/news.google.com\/rss\/articles\/CBMikwFBVV95cUxPSXRMc3hCM1A3VVctZTFCaEVwV3BBbjZKZW5YdDZOSVlXVlVIZXJBYlFCMkdNek5DRzEwQTdJVGYtSkQtcGZ1R0xyYTBLWDl6SWlrMmZxczloa3FyTElCUUl0Z3BfMkt4WndZZk5UQ2hWWTFUaERRT1ZwOFMyQzMtWVRlUjBfRGYyMHN3X3B6SE4yZXc?oc=5\" target=\"_blank\" rel=\"nofollow noopener\">A los padres conviene que les hagamos autopsias siempre<\/a>&nbsp;&nbsp;Vanity Fair Espa\u00f1a<\/li>\n<li><a href=\"https:\/\/news.google.com\/rss\/articles\/CBMizgFBVV95cUxOM0E5Q0JobndOOUlCa2ptYmlJY0xuanNMVGhMcGlYVlRHMFNxZklYdHl0MGdQU0JzeDJuRkpEWDlPZ09fQlNvZDRKMzlRYkJ5MlNkR1k0MXZUcHFDRmtqSERTSVFHS0NtRlJrMDM1SjRVT01RVTl2UllVSlJyRHgwQTBOQWkzbVVab2hCT3QzdlBKZUtVWHU5WU91MVZ1T3hYc3EwYzVXTHl1S2tYVUlYMDlNd0Q5cmRlSHBMc25BamVWX2FjNnBSV1Z2b3hiZw?oc=5\" target=\"_blank\" rel=\"nofollow noopener\">Isaki Lacuesta: \u00abAhora sabemos que lo que dec\u00edan los Borbones era mentira y lo que dicen los Flores ha sido una transparencia absoluta\u00bb<\/a>&nbsp;&nbsp;El HuffPost<\/li>\n<li><a href=\"https:\/\/news.google.com\/rss\/articles\/CBMigAJBVV95cUxNc2FxejFERzVydmNmU0J4QWxxYzYxSXVjUzlZb3hPVWFXbmtpbkgyX0NnNE9EaDFWTW85ZXNLODFLSGZEYUN3TFFrbms0dEtKVy1fVkczbnItY3k4YlU0VE1RbjZSNHZqLXpyc2V5ODZIajVyUW5EdGt3Yi14VkNJLTRHY3FaaTF3V3AzS3FsbnNUWlRXUXlQNHBaZHF3MjBhbzFJSXZaZmFVbTJucjJUbDlSczB1bEY4Yl9za1NYM1ZKeklSVkdzZzhTX2ZhS1NaSVpoRUowTEw5QmZFWWpNYmxxek1JbllDQWNUZ3lVd0ViT1RzdTVJeGhYNDkyUDUz0gGcAkFVX3lxTFBLZjdmR3VaOGZsOTRKa2NzczZsSWNDZy1TWkplRkJDaXpuSVdMWHRWcGxNZFJfQkNmVzlQbzdMeEFWb0dwZWZJUnhkVnpZQVlZN01rSURNRHpmRFctS1RXQmdsWmkzLWFmTWdoSnRwSU1OcklKVHUxTWM2OEZqMUhzcHd1S1hTS3JOcktMTU5yU1pGcWpRblhPeXpNbGFPSTFVM1dtQWZ3eHU2amU5c2dnV2VwWnNiTkpaLWRReW0zWC15eDZnUGxYWUpEYlZ6c0Z5MlVaNEpMN1FiWXQzcHoxd2toZkhDSjY1Zm1zS1JFVS1zaXl4TnZrNGN4V0UwSXU5Q3dRb3RDZGNlX0FvX2NmdWFCOEw0WGpFeTRC?oc=5\" target=\"_blank\" rel=\"nofollow noopener\">Los quince \u00faltimos d\u00edas de Antonio Flores: delgado, sin dormir, con un brazo escayolado y ante su \u00faltimo concierto<\/a>&nbsp;&nbsp;La Voz de Galicia<\/li>\n<\/ol>\n","protected":false},"excerpt":{"rendered":"Todas las flores para Antonio&nbsp;&nbsp;El Mundo La confesi\u00f3n de Alba Flores sobre Lolita y Rosario: \u00abEn mi casa&hellip;\n","protected":false},"author":2,"featured_media":266894,"comment_status":"","ping_status":"","sticky":false,"template":"","format":"standard","meta":{"footnotes":""},"categories":[91],"tags":[177,209,146,147,25,24,23],"class_list":{"0":"post-266893","1":"post","2":"type-post","3":"status-publish","4":"format-standard","5":"has-post-thumbnail","7":"category-entretenimiento","8":"tag-cine","9":"tag-cultura","10":"tag-entertainment","11":"tag-entretenimiento","12":"tag-es","13":"tag-espana","14":"tag-spain"},"share_on_mastodon":{"url":"https:\/\/pubeurope.com\/@es\/115649033318447392","error":""},"_links":{"self":[{"href":"https:\/\/www.europesays.com\/es\/wp-json\/wp\/v2\/posts\/266893","targetHints":{"allow":["GET"]}}],"collection":[{"href":"https:\/\/www.europesays.com\/es\/wp-json\/wp\/v2\/posts"}],"about":[{"href":"https:\/\/www.europesays.com\/es\/wp-json\/wp\/v2\/types\/post"}],"author":[{"embeddable":true,"href":"https:\/\/www.europesays.com\/es\/wp-json\/wp\/v2\/users\/2"}],"replies":[{"embeddable":true,"href":"https:\/\/www.europesays.com\/es\/wp-json\/wp\/v2\/comments?post=266893"}],"version-history":[{"count":0,"href":"https:\/\/www.europesays.com\/es\/wp-json\/wp\/v2\/posts\/266893\/revisions"}],"wp:featuredmedia":[{"embeddable":true,"href":"https:\/\/www.europesays.com\/es\/wp-json\/wp\/v2\/media\/266894"}],"wp:attachment":[{"href":"https:\/\/www.europesays.com\/es\/wp-json\/wp\/v2\/media?parent=266893"}],"wp:term":[{"taxonomy":"category","embeddable":true,"href":"https:\/\/www.europesays.com\/es\/wp-json\/wp\/v2\/categories?post=266893"},{"taxonomy":"post_tag","embeddable":true,"href":"https:\/\/www.europesays.com\/es\/wp-json\/wp\/v2\/tags?post=266893"}],"curies":[{"name":"wp","href":"https:\/\/api.w.org\/{rel}","templated":true}]}}