{"id":266895,"date":"2025-12-02T08:29:08","date_gmt":"2025-12-02T08:29:08","guid":{"rendered":"https:\/\/www.europesays.com\/es\/266895\/"},"modified":"2025-12-02T08:29:08","modified_gmt":"2025-12-02T08:29:08","slug":"el-visitante-interestelar-que-ha-encendido-todas-las-alarmas-en-la-onu","status":"publish","type":"post","link":"https:\/\/www.europesays.com\/es\/266895\/","title":{"rendered":"el visitante interestelar que ha encendido todas las alarmas en la ONU"},"content":{"rendered":"<p id=\"eJvvDZzAxx-\" data-wc=\"57\">Un suceso extraordinario ha captado la atenci\u00f3n de la comunidad internacional: la ONU ha confirmado que las defensas planetarias de la Tierra dirigidas a monitorizar posibles amenazas espaciales<strong>\u00a0apuntan al objeto interestelar 3I\/ATLAS.<\/strong> Esta decisi\u00f3n coincide con la publicaci\u00f3n de<a class=\"hm-link ho-link\" href=\"https:\/\/www.hola.com\/al-dia\/20251030864627\/bulo-impacto-cometa-3i-atlas-defensa-planetaria\/\" data-mrf-recirculation=\"article-body-link\" rel=\"nofollow noopener\" target=\"_blank\">\u00a0nuevas im\u00e1genes del cuerpo celeste<\/a> que han reavivado el debate sobre su naturaleza y su verdadero origen.<\/p>\n<p> <img src=\"https:\/\/www.europesays.com\/es\/wp-content\/uploads\/2025\/12\/ded50c1a7b95-adobestock1645584268.jpg\"   width=\"1024\" height=\"558\" loading=\"lazy\" decoding=\"async\" alt=\"3I\/ATLAS, objeto interestelar\" fetchpriority=\"auto\" class=\"image ho-image\"\/>\u00a9 Adobe Stock3I\/ATLAS, objeto interestelar<br \/>\n\u00bfQu\u00e9 es 3I\/ATLAS?<\/p>\n<p id=\"ed9HPHHIPW\" data-wc=\"72\">Detectado el 1 de julio de 2025 por la red de telescopios del programa ATLAS en Chile, 3I\/ATLAS<a class=\"hm-link ho-link\" href=\"https:\/\/www.hola.com\/al-dia\/20251030864627\/bulo-impacto-cometa-3i-atlas-defensa-planetaria\/\" data-mrf-recirculation=\"article-body-link\" rel=\"nofollow noopener\" target=\"_blank\">\u00a0se convirti\u00f3 en el tercer objeto interestelar<\/a> confirmado que atraviesa nuestro sistema solar, tras los c\u00e9lebres \u2018Oumuamua (2017) y 2I\/Borisov (2019). Su trayectoria es hiperb\u00f3lica, lo que significa que<strong>\u00a0no est\u00e1 ligado gravitacionalmente al Sol:<\/strong> vino de fuera, como un visitante extraterrestre, y tras su paso<a class=\"hm-link ho-link\" href=\"https:\/\/www.hola.com\/al-dia\/20251008860221\/asi-podras-ver-el-cometa-interestelar-que-se-acerca-al-sol\/\" data-mrf-recirculation=\"article-body-link\" rel=\"nofollow noopener\" target=\"_blank\">\u00a0se alejar\u00e1 de nuevo hacia el espacio interestelar.<\/a><\/p>\n<p id=\"edcQW_0dKU\" data-wc=\"25\">Adem\u00e1s, los estudios indican que 3I\/ATLAS viaja a una<strong>\u00a0velocidad vertiginosa<\/strong>, lo cual refuerza su car\u00e1cter inusual y su origen ajeno a nuestro sistema solar.<\/p>\n<p>Lo que revelan las nuevas im\u00e1genes: m\u00e1s all\u00e1 de un cometa com\u00fan<\/p>\n<p id=\"e7G_n5i2xo\" data-wc=\"32\">Las recientes fotograf\u00edas; captadas por telescopios internacionales, han mostrado detalles sorprendentes, como una coma extensa, una cola de polvo y gas, y un comportamiento fuera de lo habitual en los cometas tradicionales.<\/p>\n<p id=\"eO2MdWgaLB\" data-wc=\"47\">Estas anomal\u00edas han reavivado preguntas sobre su naturaleza real: \u00bfsimple cometa interestelar, o podr\u00eda tratarse de un cuerpo con caracter\u00edsticas desconocidas, tal vez tecnol\u00f3gico? Aunque esta \u00faltima hip\u00f3tesis sigue siendo altamente especulativa, cient\u00edficos destacan que 3I\/ATLAS no se comporta del todo como otros cometas observados hasta ahora.<\/p>\n<p>\u00bfPor qu\u00e9 intervienen las defensas planetarias?<\/p>\n<p id=\"eLEXRmd5fl\" data-wc=\"64\">La inclusi\u00f3n de 3I\/ATLAS en la vigilancia de amenazas espaciales no significa que sea una amenaza inminente; hoy por hoy <strong>no representa riesgo de impacto con la Tierra<\/strong>. Pero su naturaleza extraordinaria y su comportamiento at\u00edpico lo convierten en un candidato m\u00e1s que digno para aplicar protocolos de seguimiento riguroso: <strong>telescopios, sat\u00e9lites y redes internacionales se movilizan<\/strong> para observar su trayectoria, composici\u00f3n y evoluci\u00f3n.<\/p>\n<p id=\"eOp11V35_b\" data-wc=\"35\">Esta movilizaci\u00f3n no busca asustar, sino prepararse y aprender: cada objeto interestelar representa una oportunidad \u00fanica para entender mejor c\u00f3mo son otros rincones del universo, y para poner a prueba nuestros sistemas de vigilancia espacial.<\/p>\n<p>\u00bfQu\u00e9 supone este episodio para la ciencia y para nosotros?<\/p>\n<p id=\"e5PxrT6lAt\" data-wc=\"40\">Para la comunidad cient\u00edfica, 3I\/ATLAS es una ventana hacia otro sistema estelar: su estudio puede aportar datos valios\u00edsimos sobre la formaci\u00f3n de planetas, la composici\u00f3n qu\u00edmica fuera de nuestro vecindario c\u00f3smico, y quiz\u00e1 revelar fen\u00f3menos <a class=\"hm-link ho-link\" href=\"https:\/\/www.hola.com\/al-dia\/20251030864627\/bulo-impacto-cometa-3i-atlas-defensa-planetaria\/\" data-mrf-recirculation=\"article-body-link\" rel=\"nofollow noopener\" target=\"_blank\">que nunca antes hab\u00edamos observado.<\/a><\/p>\n<p id=\"eBu4qrCRFa\" data-wc=\"37\">Para el gran p\u00fablico, este suceso despierta asombro: recordemos que objetos como 3I\/ATLAS llegan a nuestro sistema solar quiz\u00e1 de manera espor\u00e1dica. Saber que estamos alerta puede aportar tranquilidad, pero tambi\u00e9n alimentar nuestra curiosidad por lo desconocido.<\/p>\n<p id=\"eZwQWdpYXL\" data-wc=\"27\">Y aunque hoy no hay raz\u00f3n para temer, este episodio resalta<a class=\"hm-link ho-link\" href=\"https:\/\/www.hola.com\/al-dia\/20251008860221\/asi-podras-ver-el-cometa-interestelar-que-se-acerca-al-sol\/\" data-mrf-recirculation=\"article-body-link\" rel=\"nofollow noopener\" target=\"_blank\">\u00a0cu\u00e1n imprevisible puede ser el cosmos,<\/a> y lo necesario que es prestar atenci\u00f3n, observar y aprender.<\/p>\n","protected":false},"excerpt":{"rendered":"Un suceso extraordinario ha captado la atenci\u00f3n de la comunidad internacional: la ONU ha confirmado que las defensas&hellip;\n","protected":false},"author":2,"featured_media":266896,"comment_status":"","ping_status":"","sticky":false,"template":"","format":"standard","meta":{"footnotes":""},"categories":[81],"tags":[5738,119,123,124,3045,253,25,24,6688,117,121,122,23,118,120],"class_list":{"0":"post-266895","1":"post","2":"type-post","3":"status-publish","4":"format-standard","5":"has-post-thumbnail","7":"category-ciencia-y-tecnologia","8":"tag-al-dia","9":"tag-ciencia","10":"tag-ciencia-y-tecnologia","11":"tag-cienciaytecnologia","12":"tag-curiosidades","13":"tag-discover","14":"tag-es","15":"tag-espana","16":"tag-medio-ambiente","17":"tag-science","18":"tag-science-and-technology","19":"tag-scienceandtechnology","20":"tag-spain","21":"tag-technology","22":"tag-tecnologia"},"share_on_mastodon":{"url":"https:\/\/pubeurope.com\/@es\/115649037517493439","error":""},"_links":{"self":[{"href":"https:\/\/www.europesays.com\/es\/wp-json\/wp\/v2\/posts\/266895","targetHints":{"allow":["GET"]}}],"collection":[{"href":"https:\/\/www.europesays.com\/es\/wp-json\/wp\/v2\/posts"}],"about":[{"href":"https:\/\/www.europesays.com\/es\/wp-json\/wp\/v2\/types\/post"}],"author":[{"embeddable":true,"href":"https:\/\/www.europesays.com\/es\/wp-json\/wp\/v2\/users\/2"}],"replies":[{"embeddable":true,"href":"https:\/\/www.europesays.com\/es\/wp-json\/wp\/v2\/comments?post=266895"}],"version-history":[{"count":0,"href":"https:\/\/www.europesays.com\/es\/wp-json\/wp\/v2\/posts\/266895\/revisions"}],"wp:featuredmedia":[{"embeddable":true,"href":"https:\/\/www.europesays.com\/es\/wp-json\/wp\/v2\/media\/266896"}],"wp:attachment":[{"href":"https:\/\/www.europesays.com\/es\/wp-json\/wp\/v2\/media?parent=266895"}],"wp:term":[{"taxonomy":"category","embeddable":true,"href":"https:\/\/www.europesays.com\/es\/wp-json\/wp\/v2\/categories?post=266895"},{"taxonomy":"post_tag","embeddable":true,"href":"https:\/\/www.europesays.com\/es\/wp-json\/wp\/v2\/tags?post=266895"}],"curies":[{"name":"wp","href":"https:\/\/api.w.org\/{rel}","templated":true}]}}