{"id":266899,"date":"2025-12-02T08:31:08","date_gmt":"2025-12-02T08:31:08","guid":{"rendered":"https:\/\/www.europesays.com\/es\/266899\/"},"modified":"2025-12-02T08:31:08","modified_gmt":"2025-12-02T08:31:08","slug":"leon-xiv-reclama-paz-en-su-encuentro-con-los-lideres-cristianos-y-musulmanes-del-libano","status":"publish","type":"post","link":"https:\/\/www.europesays.com\/es\/266899\/","title":{"rendered":"Le\u00f3n XIV reclama paz en su encuentro con los l\u00edderes cristianos y musulmanes del L\u00edbano"},"content":{"rendered":"<p>El Papa Le\u00f3n XIV calific\u00f3 ayer, lunes, la tradicional coexistencia interreligiosa del L\u00edbano <a href=\"https:\/\/es.euronews.com\/2025\/07\/23\/israel-justifica-como-un-error-tecnico-su-bombardeo-contra-la-iglesia-catolica-de-gaza\" rel=\"nofollow noopener\" target=\"_blank\">como \u00abun faro de esperanza\u00bb para una regi\u00f3n desgarrada por los conflictos<\/a>, pidiendo \u00abel don divino de la paz\u00bb en una reuni\u00f3n con los <strong>l\u00edderes religiosos cristianos y musulmanes<\/strong> del pa\u00eds.<\/p>\n<p>El pont\u00edfice estadounidense recibi\u00f3 una <strong>gran acogida<\/strong> por parte de los l\u00edderes espirituales libaneses en su primer d\u00eda de visita: varias vallas publicitarias con su cara llenaron las carreteras de la capital, Beirut, y miles de libaneses de a pie desafiaron la lluvia de la ma\u00f1ana para asistir a la ruta de su comitiva.<\/p>\n<p>En la reuni\u00f3n interreligiosa celebrada <strong>en la Plaza de los M\u00e1rtires<\/strong> de Beirut se congregaron bajo una carpa los patriarcas cristianos del L\u00edbano y l\u00edderes espirituales <strong>sun\u00edes, chi\u00edes y drusos<\/strong>. Tras escuchar himnos y lecturas de la Biblia y el Cor\u00e1n, Le\u00f3n XIV elogi\u00f3 la tradici\u00f3n de tolerancia religiosa del L\u00edbano.<\/p>\n<p>\u00abEn una \u00e9poca en la que la coexistencia puede parecer un sue\u00f1o lejano, el pueblo liban\u00e9s, al tiempo que abraza diferentes religiones, se erige como un poderoso recordatorio de que el miedo, la desconfianza y los prejuicios no tienen la \u00faltima palabra, y que <strong>la unidad, la reconciliaci\u00f3n y la paz son posibles<\/strong>\u00ab, afirm\u00f3 el \u00faltimo representante de San Pedro seg\u00fan las creencias cat\u00f3licas.<\/p>\n<p>El mensaje del Papa Le\u00f3n hizo hincapi\u00e9 en lo cruciales que son para la Iglesia tanto el L\u00edbano como su poblaci\u00f3n cristiana, un lugar del que San Juan Pablo II dijo c\u00e9lebremente que era m\u00e1s que un pa\u00eds, <strong>sino un mensaje de libertad para el resto del mundo<\/strong>. Al final del acto, los l\u00edderes espirituales <a href=\"https:\/\/es.euronews.com\/green\/2025\/04\/13\/un-ecocidio-como-los-gigantes-del-aceite-de-oliva-utilizan-una-mega-presa-para-apoderarse-\" rel=\"nofollow noopener\" target=\"_blank\">plantaron un olivo como s\u00edmbolo de paz<\/a>.<\/p>\n<p>Aunque el L\u00edbano se cita ahora a menudo como modelo de coexistencia religiosa, no siempre ha sido as\u00ed. <strong>La guerra civil que asol\u00f3 el pa\u00eds entre 1975 y 1990 se libr\u00f3 en gran parte entre sectas<\/strong>.<\/p>\n<p>Una visita en un momento tenso en Oriente Pr\u00f3ximo<\/p>\n<p>La visita del Pont\u00edfice se produce en un momento de nueva tensi\u00f3n para el pa\u00eds mediterr\u00e1neo <a href=\"https:\/\/es.euronews.com\/2025\/11\/17\/israel-ataca-soldados-espanoles-cascos-azules\" rel=\"nofollow noopener\" target=\"_blank\">tras a\u00f1os de conflictos, crisis econ\u00f3micas y estancamiento pol\u00edtico<\/a>. En un momento de conflicto en Gaza y de agravamiento de las tensiones pol\u00edticas en L\u00edbano, la visita de Le\u00f3n ha sido acogida por los libaneses como un signo de esperanza.<\/p>\n<p>\u00abLos libaneses necesitamos esta visita despu\u00e9s de todas las guerras, crisis y desesperaci\u00f3n que hemos vivido\u00bb, declar\u00f3 el reverendo Youssef Nasr, secretario general de Escuelas Cat\u00f3licas del L\u00edbano. \u00ab<strong>La visita del Papa da un nuevo impulso a los libaneses para levantarse y aferrarse a su pa\u00eds<\/strong>\u00ab.<\/p>\n<p>El L\u00edbano se ha visto profundamente dividido por los llamamientos a <strong>Hezbol\u00e1<\/strong>, los paramilitares chiitas del pa\u00eds, para que se desarme tras librar una guerra con Israel el a\u00f1o pasado que dej\u00f3 al pa\u00eds profundamente da\u00f1ado. A pesar del alto el fuego, <strong>Israel ha llevado a cabo ataques a\u00e9reos casi diarios contra la frontera sur del pa\u00eds<\/strong>, atacando a militares de los Cascos Azules de la ONU y civiles libaneses.<\/p>\n<p>El gran muft\u00ed musulm\u00e1n sun\u00ed del L\u00edbano, Abdul-Latif Derian, record\u00f3 las buenas relaciones forjadas por su predecesor, el Papa Francisco. El religioso isl\u00e1mico cit\u00f3 la <strong>declaraci\u00f3n conjunta de 2019 sobre la fraternidad humana firmada por Francisco y el gran im\u00e1n de Al-Azhar<\/strong>, la sede del aprendizaje sun\u00ed en El Cairo, Ahmad Al Tayeb. \u00abL\u00edbano es la tierra de este mensaje\u00bb, declar\u00f3 Derian.<\/p>\n<p>Un ruego para que los cristianos se queden<\/p>\n<p>En la actualidad, un tercio de los cinco millones de libaneses son cristianos, lo que convierte a esta peque\u00f1a naci\u00f3n de la costa oriental del Mediterr\u00e1neo en <strong>el pa\u00eds con mayor porcentaje de cristianos de Oriente Pr\u00f3ximo<\/strong>. <\/p>\n<p>Un acuerdo de reparto del poder vigente desde la independencia de Francia establece que el presidente sea un cristiano maronita, l<strong>o que convierte al L\u00edbano en el \u00fanico pa\u00eds \u00e1rabe con un jefe de Estado cristiano<\/strong>. El Vaticano ve en la presencia cristiana un baluarte de la Iglesia en la regi\u00f3n.<\/p>\n<p>A pesar de su \u00e9xodo tras la guerra civil del pa\u00eds, los cristianos libaneses han perdurado en su patria ancestral. El ascenso del grupo Estado Isl\u00e1mico, derrotado en 2019 tras perder su \u00faltimo basti\u00f3n en Siria, <strong>oblig\u00f3 a los cristianos de Irak y Siria a huir en masa<\/strong>.<\/p>\n","protected":false},"excerpt":{"rendered":"El Papa Le\u00f3n XIV calific\u00f3 ayer, lunes, la tradicional coexistencia interreligiosa del L\u00edbano como \u00abun faro de esperanza\u00bb&hellip;\n","protected":false},"author":2,"featured_media":266900,"comment_status":"","ping_status":"","sticky":false,"template":"","format":"standard","meta":{"footnotes":""},"categories":[42],"tags":[17,18,18690,13,14,11,61,62,63,64,387,19,20,13831,9,10,15,16,400,12,21,22,65,66,67],"class_list":{"0":"post-266899","1":"post","2":"type-post","3":"status-publish","4":"format-standard","5":"has-post-thumbnail","7":"category-internacional","8":"tag-breaking-news","9":"tag-breakingnews","10":"tag-cristianismo","11":"tag-featured-news","12":"tag-featurednews","13":"tag-headlines","14":"tag-internacional","15":"tag-international","16":"tag-international-news","17":"tag-internationalnews","18":"tag-islam","19":"tag-latest-news","20":"tag-latestnews","21":"tag-libano","22":"tag-news","23":"tag-noticias","24":"tag-noticias-destacadas","25":"tag-noticiasdestacadas","26":"tag-papa-leon-xiv","27":"tag-titulares","28":"tag-ultimas-noticias","29":"tag-ultimasnoticias","30":"tag-world","31":"tag-world-news","32":"tag-worldnews"},"share_on_mastodon":{"url":"https:\/\/pubeurope.com\/@es\/115649045054682954","error":""},"_links":{"self":[{"href":"https:\/\/www.europesays.com\/es\/wp-json\/wp\/v2\/posts\/266899","targetHints":{"allow":["GET"]}}],"collection":[{"href":"https:\/\/www.europesays.com\/es\/wp-json\/wp\/v2\/posts"}],"about":[{"href":"https:\/\/www.europesays.com\/es\/wp-json\/wp\/v2\/types\/post"}],"author":[{"embeddable":true,"href":"https:\/\/www.europesays.com\/es\/wp-json\/wp\/v2\/users\/2"}],"replies":[{"embeddable":true,"href":"https:\/\/www.europesays.com\/es\/wp-json\/wp\/v2\/comments?post=266899"}],"version-history":[{"count":0,"href":"https:\/\/www.europesays.com\/es\/wp-json\/wp\/v2\/posts\/266899\/revisions"}],"wp:featuredmedia":[{"embeddable":true,"href":"https:\/\/www.europesays.com\/es\/wp-json\/wp\/v2\/media\/266900"}],"wp:attachment":[{"href":"https:\/\/www.europesays.com\/es\/wp-json\/wp\/v2\/media?parent=266899"}],"wp:term":[{"taxonomy":"category","embeddable":true,"href":"https:\/\/www.europesays.com\/es\/wp-json\/wp\/v2\/categories?post=266899"},{"taxonomy":"post_tag","embeddable":true,"href":"https:\/\/www.europesays.com\/es\/wp-json\/wp\/v2\/tags?post=266899"}],"curies":[{"name":"wp","href":"https:\/\/api.w.org\/{rel}","templated":true}]}}