{"id":26691,"date":"2025-08-05T07:16:09","date_gmt":"2025-08-05T07:16:09","guid":{"rendered":"https:\/\/www.europesays.com\/es\/26691\/"},"modified":"2025-08-05T07:16:09","modified_gmt":"2025-08-05T07:16:09","slug":"el-vestido-blanco-de-la-reina-letizia-de-un-disenador-ibicenco-que-ha-conseguido-ser-el-centro-de-atencion-del-posado-familiar-en-mallorca","status":"publish","type":"post","link":"https:\/\/www.europesays.com\/es\/26691\/","title":{"rendered":"El vestido blanco de la reina Letizia, de un dise\u00f1ador ibicenco, que ha conseguido ser el centro de atenci\u00f3n del posado familiar en Mallorca"},"content":{"rendered":"<p data-journey-content=\"true\" data-node-id=\"0\" class=\"body-dropcap css-16svq0q emevuu60\">La recepci\u00f3n a los representantes de la sociedad civil balear en el Palacio de Marivent es siempre una de las citas m\u00e1s destacadas del verano mallorqu\u00edn de los reyes, y anoche tuvo como novedad la presencia de la princesa Leonor y la infanta Sof\u00eda. Este es el primer verano en el que ambas son mayores de edad y su presencia en la agenda oficial es cada vez m\u00e1s habitual. Y aunque sus looks fueron acertados, de nuevo la <strong data-node-id=\"0.1\">reina Letizia<\/strong> logr\u00f3 eclipsarlas con su apoyo a la moda espa\u00f1ola luciendo un <strong data-node-id=\"0.3\"><a href=\"https:\/\/www.harpersbazaar.com\/es\/famosas\/el-estilo-de\/a65587834\/reina-letizia-vestido-blanco-lino-cintura-avispa-mallorca-joyas-suma-cruz\/\" target=\"_blank\" data-vars-ga-outbound-link=\"https:\/\/www.harpersbazaar.com\/es\/famosas\/el-estilo-de\/a65587834\/reina-letizia-vestido-blanco-lino-cintura-avispa-mallorca-joyas-suma-cruz\/\" data-vars-ga-ux-element=\"Hyperlink\" data-vars-ga-call-to-action=\"vestido blanco\" data-node-id=\"0.3.0\" class=\"body-link css-156jt4g emevuu60\" rel=\"nofollow noopener\">vestido blanco<\/a> de estilo adlib.<\/strong><\/p>\n<p data-journey-content=\"true\" data-node-id=\"1\" class=\"css-i9p093 emevuu60\">Las vacaciones de verano son el momento favorito de la reina Letizia para salir de su zona de confort en cuanto a estilo. En Madrid se quedan los trajes sastre y las faldas midi con <a href=\"https:\/\/www.harpersbazaar.com\/es\/moda\/compras\/a61608370\/moda-mujer-camisa-blanca-vestir-como-combinar-estilista-experta-en-moda\/\" target=\"_blank\" data-vars-ga-outbound-link=\"https:\/\/www.harpersbazaar.com\/es\/moda\/compras\/a61608370\/moda-mujer-camisa-blanca-vestir-como-combinar-estilista-experta-en-moda\/\" data-vars-ga-ux-element=\"Hyperlink\" data-vars-ga-call-to-action=\"camisa blanca\" data-node-id=\"1.1\" class=\"body-link css-156jt4g emevuu60\" rel=\"nofollow noopener\">camisa blanca<\/a> para dar paso a vestidos m\u00e1s desenfadados y looks con un toque bohemio y fresco. Anoche lo demostr\u00f3 con un <strong data-node-id=\"1.3\">precioso vestido blanco<\/strong> con una de sus siluetas favoritas: escote en V con tirantes anchos de puntilla, cuerpo entallado realizado en tejido calado con un peque\u00f1o volante adornando el escote y falda larga rematada con un gran volante.<\/p>\n<p><img alt=\"reina letizia\" title=\"reina Letizia\" loading=\"lazy\" width=\"2500\" height=\"3752\" decoding=\"async\" data-nimg=\"1\" style=\"color:transparent;width:100%;height:auto;\"   src=\"https:\/\/www.europesays.com\/es\/wp-content\/uploads\/2025\/08\/gettyimages-2228548729-6891a47a23c0d.jpg\" class=\"css-0 e1g79fud0\"\/><\/p>\n<p>Carlos Alvarez<\/p>\n<p data-journey-content=\"true\" data-node-id=\"3\" class=\"css-i9p093 emevuu60\">El dise\u00f1o est\u00e1 firmado por <strong data-node-id=\"3.1\">Tony Bonet<\/strong>, quien fue durante doce a\u00f1os dise\u00f1ador de la firma Bianca, una de las precursoras de la <a href=\"https:\/\/www.harpersbazaar.com\/es\/moda\/noticias-moda\/g61053662\/adlib-ibiza-2024-pasarela-vestidos-blancos-flores\/\" target=\"_blank\" data-vars-ga-outbound-link=\"https:\/\/www.harpersbazaar.com\/es\/moda\/noticias-moda\/g61053662\/adlib-ibiza-2024-pasarela-vestidos-blancos-flores\/\" data-vars-ga-ux-element=\"Hyperlink\" data-vars-ga-call-to-action=\"moda adlib\" data-node-id=\"3.3\" class=\"body-link css-156jt4g emevuu60\" rel=\"nofollow noopener\">moda adlib<\/a>. En 2011 cre\u00f3 su propia marca con la que se ha hecho un hueco en la moda balear sin renunciar a la filosof\u00eda adlib pero apostando al mismo tiempo por las tendencias. Sus siluetas ajustadas que juegan con grandes vol\u00famenes y su gusto por los<strong data-node-id=\"3.5\"> drapeados, las cintas y los encajes<\/strong> se han convertido en su se\u00f1a de identidad.<\/p>\n<p><img alt=\"reina letizia\" title=\"reina Letizia\" loading=\"lazy\" width=\"2500\" height=\"3752\" decoding=\"async\" data-nimg=\"1\" style=\"color:transparent;width:100%;height:auto;\"   src=\"https:\/\/www.europesays.com\/es\/wp-content\/uploads\/2025\/08\/gettyimages-2228548662-6891a4900ff5e.jpg\" class=\"css-0 e1g79fud0\"\/><\/p>\n<p>Carlos Alvarez<\/p>\n<p data-journey-content=\"true\" data-node-id=\"6\" class=\"css-i9p093 emevuu60\">Do\u00f1a Letizia complet\u00f3 el look con unas <strong data-node-id=\"6.1\"><a href=\"https:\/\/www.harpersbazaar.com\/es\/famosas\/el-estilo-de\/a64911682\/reina-letizia-alpargatas-comodas-elegantes-verano-marcas-espanolas-favoritas\/\" target=\"_blank\" data-vars-ga-outbound-link=\"https:\/\/www.harpersbazaar.com\/es\/famosas\/el-estilo-de\/a64911682\/reina-letizia-alpargatas-comodas-elegantes-verano-marcas-espanolas-favoritas\/\" data-vars-ga-ux-element=\"Hyperlink\" data-vars-ga-call-to-action=\"alpargatas\" data-node-id=\"6.1.0\" class=\"body-link css-156jt4g emevuu60\" rel=\"nofollow noopener\">alpargatas<\/a><\/strong>, su calzado favorito cuando llega el buen tiempo. En esta ocasi\u00f3n estren\u00f3 un dise\u00f1o en color dorado de <strong data-node-id=\"6.3\">Macarena Shoes<\/strong>, el modelo Java 22, que incorpora una peque\u00f1a plataforma para poder llevar cu\u00f1a con mayor comodidad. La reina complet\u00f3 el look con unos pendientes de la firma mallorquina<strong data-node-id=\"6.5\"> Isabel Guarch<\/strong> que estren\u00f3 hace solo unos d\u00edas: un modelo de la colecci\u00f3n Llum que se inspira en el roset\u00f3n de la catedral de Mallorca y que combina a la perfecci\u00f3n con su inseparable <a href=\"https:\/\/www.harpersbazaar.com\/es\/famosas\/el-estilo-de\/a42630297\/reina-letizia-anillo-coreterno-versos-amor-entrevista-exclusiva-disenador\/\" target=\"_blank\" data-vars-ga-outbound-link=\"https:\/\/www.harpersbazaar.com\/es\/famosas\/el-estilo-de\/a42630297\/reina-letizia-anillo-coreterno-versos-amor-entrevista-exclusiva-disenador\/\" data-vars-ga-ux-element=\"Hyperlink\" data-vars-ga-call-to-action=\"alianza dorada de Coreterno\" data-node-id=\"6.7\" class=\"body-link css-156jt4g emevuu60\" rel=\"nofollow noopener\">alianza dorada de Coreterno<\/a> que siempre luce en su dedo \u00edndice.<\/p>\n<p>Contenidos relacionados<img src=\"https:\/\/www.europesays.com\/es\/wp-content\/uploads\/2025\/08\/b4c24d5a-56e1-466a-b6be-f09ec4d75ab4_1657891428.file\" alt=\"Headshot of Sandra Mu\u00f1oz\" title=\"Headshot of Sandra Mu\u00f1oz\" width=\"100%\" height=\"100%\" decoding=\"async\" loading=\"lazy\" class=\"css-o0wq4v ev8dhu53\"\/><\/p>\n<p>Escribo sobre royals, celebrities y cultura en la web de Harper\u2019s Bazaar. Licenciada en Periodismo en la Universidad Complutense de Madrid, comenc\u00e9 mi carrera escribiendo sobre lifestyle en revistas impresas para despu\u00e9s dar el salto al mundo digital. Si solo pudiera hacer dos cosas en la vida ser\u00edan leer y probar nuevos restaurantes. Mi idea de la felicidad es tomarse una cerveza mirando al mar.\u00a0<\/p>\n","protected":false},"excerpt":{"rendered":"La recepci\u00f3n a los representantes de la sociedad civil balear en el Palacio de Marivent es siempre una&hellip;\n","protected":false},"author":2,"featured_media":26692,"comment_status":"","ping_status":"","sticky":false,"template":"","format":"standard","meta":{"footnotes":""},"categories":[91],"tags":[253,146,147,25,24,23],"class_list":{"0":"post-26691","1":"post","2":"type-post","3":"status-publish","4":"format-standard","5":"has-post-thumbnail","7":"category-entretenimiento","8":"tag-discover","9":"tag-entertainment","10":"tag-entretenimiento","11":"tag-es","12":"tag-espana","13":"tag-spain"},"share_on_mastodon":{"url":"","error":""},"_links":{"self":[{"href":"https:\/\/www.europesays.com\/es\/wp-json\/wp\/v2\/posts\/26691","targetHints":{"allow":["GET"]}}],"collection":[{"href":"https:\/\/www.europesays.com\/es\/wp-json\/wp\/v2\/posts"}],"about":[{"href":"https:\/\/www.europesays.com\/es\/wp-json\/wp\/v2\/types\/post"}],"author":[{"embeddable":true,"href":"https:\/\/www.europesays.com\/es\/wp-json\/wp\/v2\/users\/2"}],"replies":[{"embeddable":true,"href":"https:\/\/www.europesays.com\/es\/wp-json\/wp\/v2\/comments?post=26691"}],"version-history":[{"count":0,"href":"https:\/\/www.europesays.com\/es\/wp-json\/wp\/v2\/posts\/26691\/revisions"}],"wp:featuredmedia":[{"embeddable":true,"href":"https:\/\/www.europesays.com\/es\/wp-json\/wp\/v2\/media\/26692"}],"wp:attachment":[{"href":"https:\/\/www.europesays.com\/es\/wp-json\/wp\/v2\/media?parent=26691"}],"wp:term":[{"taxonomy":"category","embeddable":true,"href":"https:\/\/www.europesays.com\/es\/wp-json\/wp\/v2\/categories?post=26691"},{"taxonomy":"post_tag","embeddable":true,"href":"https:\/\/www.europesays.com\/es\/wp-json\/wp\/v2\/tags?post=26691"}],"curies":[{"name":"wp","href":"https:\/\/api.w.org\/{rel}","templated":true}]}}