{"id":266911,"date":"2025-12-02T08:42:11","date_gmt":"2025-12-02T08:42:11","guid":{"rendered":"https:\/\/www.europesays.com\/es\/266911\/"},"modified":"2025-12-02T08:42:11","modified_gmt":"2025-12-02T08:42:11","slug":"los-arbitros-de-la-final-de-copa-del-rey-pitan-el-barca","status":"publish","type":"post","link":"https:\/\/www.europesays.com\/es\/266911\/","title":{"rendered":"Los \u00e1rbitros de la final de Copa del Rey pitan el Bar\u00e7a"},"content":{"rendered":"<p data-mrf-recirculation=\"Links P\u00e1rrafos\" class=\"ue-c-article__paragraph paragraph ue-c-article--first-letter-highlighted\">Ya se conoce el colegiado que se encargar\u00e1 de poner orden en el duelo entre <strong>FC Barcelona<\/strong> y <strong>Atl\u00e9tico <\/strong>del martes a las 21.00 horas en el Camp Nou. <strong>Ricardo de Burgos<\/strong> ser\u00e1 el \u00e1rbitro del duelo entre el primero y el cuarto de la clasificaci\u00f3n y lo har\u00e1 <strong>\u00a148 horas despu\u00e9s de dirigir el Girona-Madrid!<\/strong><\/p>\n<p data-mrf-recirculation=\"Links P\u00e1rrafos\" class=\"ue-c-article__paragraph paragraph\">Tras el choque entre el equipo de M\u00edchel y el de Xabi Alonso, el colegiado vasco repite en uno de los partidos m\u00e1s importantes del curso recibiendo as\u00ed el respaldo del <strong>CTA<\/strong>. Una muestra m\u00e1s de la confianza depositada en el \u00e1rbitro de la pasada final de Copa del Rey. <strong>Precisamente,\u00a0estar\u00e1 acompa\u00f1ado por Pablo Gonz\u00e1lez en el VAR<\/strong>, misma pareja que en la mencionada final de Copa entre Madrid y Barcelona.<\/p>\n<p data-mrf-recirculation=\"Links P\u00e1rrafos\" class=\"ue-c-article__paragraph paragraph\">Ricardo de Burgos ya sabe lo que es arbitrar un choque entre azulgranas y rojiblancos. De hecho, el colegiado vasco, fue el encargado de pitar los dos duelos ligueros de la temporada pasada. <strong>Un triunfo para cada equipo. Victoria rojiblanca en Montjuic y victoria azulgrana en el Metropolitano.<\/strong><\/p>\n","protected":false},"excerpt":{"rendered":"Ya se conoce el colegiado que se encargar\u00e1 de poner orden en el duelo entre FC Barcelona y&hellip;\n","protected":false},"author":2,"featured_media":266912,"comment_status":"","ping_status":"","sticky":false,"template":"","format":"standard","meta":{"footnotes":""},"categories":[268],"tags":[168,25,24,280,282,281,23,167],"class_list":{"0":"post-266911","1":"post","2":"type-post","3":"status-publish","4":"format-standard","5":"has-post-thumbnail","7":"category-futbol","8":"tag-deportes","9":"tag-es","10":"tag-espana","11":"tag-football","12":"tag-futbol","13":"tag-soccer","14":"tag-spain","15":"tag-sports"},"share_on_mastodon":{"url":"https:\/\/pubeurope.com\/@es\/115649088436858739","error":""},"_links":{"self":[{"href":"https:\/\/www.europesays.com\/es\/wp-json\/wp\/v2\/posts\/266911","targetHints":{"allow":["GET"]}}],"collection":[{"href":"https:\/\/www.europesays.com\/es\/wp-json\/wp\/v2\/posts"}],"about":[{"href":"https:\/\/www.europesays.com\/es\/wp-json\/wp\/v2\/types\/post"}],"author":[{"embeddable":true,"href":"https:\/\/www.europesays.com\/es\/wp-json\/wp\/v2\/users\/2"}],"replies":[{"embeddable":true,"href":"https:\/\/www.europesays.com\/es\/wp-json\/wp\/v2\/comments?post=266911"}],"version-history":[{"count":0,"href":"https:\/\/www.europesays.com\/es\/wp-json\/wp\/v2\/posts\/266911\/revisions"}],"wp:featuredmedia":[{"embeddable":true,"href":"https:\/\/www.europesays.com\/es\/wp-json\/wp\/v2\/media\/266912"}],"wp:attachment":[{"href":"https:\/\/www.europesays.com\/es\/wp-json\/wp\/v2\/media?parent=266911"}],"wp:term":[{"taxonomy":"category","embeddable":true,"href":"https:\/\/www.europesays.com\/es\/wp-json\/wp\/v2\/categories?post=266911"},{"taxonomy":"post_tag","embeddable":true,"href":"https:\/\/www.europesays.com\/es\/wp-json\/wp\/v2\/tags?post=266911"}],"curies":[{"name":"wp","href":"https:\/\/api.w.org\/{rel}","templated":true}]}}