{"id":266913,"date":"2025-12-02T08:43:08","date_gmt":"2025-12-02T08:43:08","guid":{"rendered":"https:\/\/www.europesays.com\/es\/266913\/"},"modified":"2025-12-02T08:43:08","modified_gmt":"2025-12-02T08:43:08","slug":"andres-mountbatten-windsor-despojado-por-su-hermano-de-su-ultimo-honor-pasara-una-ultima-navidad-en-royal-lodge","status":"publish","type":"post","link":"https:\/\/www.europesays.com\/es\/266913\/","title":{"rendered":"Andr\u00e9s Mountbatten-Windsor, despojado por su hermano de su \u00faltimo honor, pasar\u00e1 una \u00faltima Navidad en Royal Lodge"},"content":{"rendered":"<p id=\"eLk4OdBcpu\" data-wc=\"118\">Ahora s\u00ed, el nombre de Andr\u00e9s ha sido borrado oficialmente de los registros de la Orden de la Jarretera. La decisi\u00f3n tomada por Carlos III el pasado 30 de octubre se ha hecho efectiva de forma paulatina, aunque a efectos pr\u00e1cticos, desde ese mismo momento ha dejado de ser un pr\u00edncipe para ser un Mountbatten-Windsor. A\u00fan as\u00ed, <a class=\"hm-link ho-link\" href=\"https:\/\/www.hola.com\/realeza\/casa_inglesa\/20251030864760\/carlos-iii-comunicado-retira-titulos-andres\/\" data-mrf-recirculation=\"article-body-link\" rel=\"nofollow noopener\" target=\"_blank\">la retirada de sus t\u00edtulos era oficial\u00a0<\/a>y, por tanto, hab\u00eda que seguir los cauces pertinentes para formalizarlo. El \u00faltimo paso lo ha dado este mismo lunes, justo cuando se ha conocido que su mudanza de Royal Lodge a\u00fan tendr\u00e1 que esperar hasta despu\u00e9s de A\u00f1o Nuevo. \u00a0 Ha sido el \u00faltimo paso del Rey para despojarle de sus t\u00edtulos y honores.\u00a0<\/p>\n<p> <img src=\"https:\/\/www.europesays.com\/es\/wp-content\/uploads\/2025\/12\/c7a0252106ae-gettyimages-477233794.jpg\"   width=\"779\" height=\"1024\" loading=\"lazy\" decoding=\"async\" alt=\"El pr\u00edncipe Andr\u00e9s en el d\u00eda de la Orden de la Jarretera de 2015\" fetchpriority=\"auto\" class=\"image ho-image\"\/>\u00a9 Getty ImagesEl pr\u00edncipe Andr\u00e9s, en el d\u00eda de la Orden de la Jarretera de 2015<\/p>\n<p id=\"eROFp968uN\" data-wc=\"141\">\u00abEl Rey ha ordenado que el nombramiento de Andr\u00e9s Alberto Christian Eduardo Mountbatten-Windsor caballero de la Nobil\u00edsima Orden de la Jarretera, con fecha del 23 de abril de 2006, sea cancelado y anulado y que su nombre sea borrado de los registros de dicha orden\u00bb, reza el comunicado por el que Andr\u00e9s pierde la distinci\u00f3n m\u00e1s antigua y prestigiosa de Reino Unido. Sus miembros incluyen al monarca (que es el que tiene la potestad de conceder o retirar la condici\u00f3n de caballeros), el pr\u00edncipe de Gales y hasta 24 caballeros o damas elegidos personalmente por el soberano. Hay que recordar que con el tiempo esta orden se abri\u00f3 a caballeros extranjeros con el fin de incluir a los soberanos de otras monarqu\u00edas, como el propio <a class=\"hm-link ho-link\" href=\"https:\/\/www.hola.com\/realeza\/casa_espanola\/20190617144119\/rey-felipe-caballero-orden-jarretera\/\" data-mrf-recirculation=\"article-body-link\" rel=\"nofollow noopener\" target=\"_blank\">Felipe VI o Guillermo de los Pa\u00edses Bajos, ambos investidos por Isabel II<\/a> en el 2019.<\/p>\n<p> <img src=\"https:\/\/www.europesays.com\/es\/wp-content\/uploads\/2025\/12\/2ec895f9332f-principe-andres-gtres3-t.jpg\"   width=\"1024\" height=\"614\" loading=\"lazy\" decoding=\"async\" alt=\"Pr\u00edncipe Andrew, Duque de York, en traje azul, apoyado en una columna.\" fetchpriority=\"auto\" class=\"image ho-image\"\/>\u00a9 Gtres ImagesEl pr\u00edncipe Andr\u00e9s, durante el funeral de su madre Isabel II<\/p>\n<p id=\"enxxwiO1xV\" data-wc=\"125\">Se trata de la formalizaci\u00f3n de una salida que ya estaba consumada de facto, incluso antes del comunicado del Monarca. D\u00edas despu\u00e9s de que Andr\u00e9s renunciase a usar sus t\u00edtulos,<a class=\"hm-link ho-link\" href=\"https:\/\/www.hola.com\/realeza\/casa_inglesa\/20251024863489\/retiran-el-estandarte-del-principe-andres-la-deshonra-alta-traicion\/\" data-mrf-recirculation=\"article-body-link\" rel=\"nofollow noopener\" target=\"_blank\">\u00a0retiraron de la Capilla de San Jorge en Windsor el estandarte con su escudo de armas<\/a> en un gesto simb\u00f3lico e hist\u00f3rico reservado solo para los que cometen alta traici\u00f3n o rebeli\u00f3n contra la Corona. En este templo fue donde se cas\u00f3 su hija, Eugenia de York, y donde reposan los restos mortales de sus padres, Isabel II y el pr\u00edncipe Felipe; y tambi\u00e9n sus abuelos, el rey Jorge VI y la Reina Madre. Tambi\u00e9n es la sede de los servicios religiosos de la Orden de la Jarretera, en los que no participa desde 2019.\u00a0<\/p>\n<p>El desalojo a\u00fan se resiste<\/p>\n<p id=\"eZv4Hi2G4t\" data-wc=\"77\">Es el \u00faltimo de los honores que dependen directamente del Rey, porque el que fuera duque de York a\u00fan es vice-almirante de la Armada, t\u00edtulo que solo puede retirar el Gobierno. No obstante, los jefes de Defensa ya han recibido la orden de quitar este \u00faltimo t\u00edtulo lo antes posible. As\u00ed, solo quedar\u00eda un \u00faltimo paso antes de completar formalizar todo lo anunciado por Carlos III hace poco m\u00e1s de un mes:\u00a0<a class=\"hm-link ho-link\" href=\"https:\/\/www.hola.com\/realeza\/casa_inglesa\/20251030864768\/principe-andres-nueva-casa-tras-royal-lodge-perder-titulos\/\" data-mrf-recirculation=\"article-body-link\" rel=\"nofollow noopener\" target=\"_blank\">el desalojo de Royal Lodge.<\/a><\/p>\n<p> <img src=\"https:\/\/www.europesays.com\/es\/wp-content\/uploads\/2025\/10\/0f7479dcd9fb-dlu434818012.jpg\"   width=\"1024\" height=\"667\" loading=\"lazy\" decoding=\"async\" alt=\"Sarah Ferguson, duquesa de York, y el pr\u00edncipe Andr\u00e9s, duque de York, durante el cuarto d\u00eda de Royal Ascot en el hip\u00f3dromo de Ascot.\" fetchpriority=\"auto\" class=\"image ho-image\"\/>\u00a9 GTRESSarah Ferguson y Andr\u00e9s Mountbatten Windsor<\/p>\n<p id=\"e91XAPyRA1\" data-wc=\"113\">Seg\u00fan ha publicado el Daily Mail, la mudanza de Andr\u00e9s Mountbatten-Windsor y Sarah Ferguson se retrasar\u00e1 por lo que a\u00fan podr\u00e1n pasar una \u00faltima Navidad en la imponente mansi\u00f3n de 30 habitaciones de los terrenos de Windsor. Donde seguro no ser\u00e1n bienvenidos es en Sandringham, donde cada a\u00f1o Carlos III recibe a la familia real. Tampoco fue invitado el a\u00f1o pasado, cuando sali\u00f3 a la luz su relaci\u00f3n con un empresario chino acusado de espionaje. La \u00faltima vez que le vimos, y tambi\u00e9n a Sarah Ferguson en lo que parec\u00eda<a class=\"hm-link ho-link\" href=\"https:\/\/www.hola.com\/realeza\/casa_inglesa\/20231226245721\/sarah-ferguson-vuelve-sandringham-con-principe-andres\/\" data-mrf-recirculation=\"article-body-link\" rel=\"nofollow noopener\" target=\"_blank\"> un regreso no oficial a la familia\u00a0<\/a>desde su divorcio hace m\u00e1s de 30 a\u00f1os, pero cualquier atisbo de normalizaci\u00f3n fue un espejismo.\u00a0<\/p>\n","protected":false},"excerpt":{"rendered":"Ahora s\u00ed, el nombre de Andr\u00e9s ha sido borrado oficialmente de los registros de la Orden de la&hellip;\n","protected":false},"author":2,"featured_media":266914,"comment_status":"","ping_status":"","sticky":false,"template":"","format":"standard","meta":{"footnotes":""},"categories":[174],"tags":[255,146,147,25,24,256,52087,1027,6856,23],"class_list":{"0":"post-266913","1":"post","2":"type-post","3":"status-publish","4":"format-standard","5":"has-post-thumbnail","7":"category-famosos","8":"tag-celebrities","9":"tag-entertainment","10":"tag-entretenimiento","11":"tag-es","12":"tag-espana","13":"tag-famosos","14":"tag-principe-andres","15":"tag-realeza","16":"tag-realeza-inglesa","17":"tag-spain"},"share_on_mastodon":{"url":"https:\/\/pubeurope.com\/@es\/115649093129551007","error":""},"_links":{"self":[{"href":"https:\/\/www.europesays.com\/es\/wp-json\/wp\/v2\/posts\/266913","targetHints":{"allow":["GET"]}}],"collection":[{"href":"https:\/\/www.europesays.com\/es\/wp-json\/wp\/v2\/posts"}],"about":[{"href":"https:\/\/www.europesays.com\/es\/wp-json\/wp\/v2\/types\/post"}],"author":[{"embeddable":true,"href":"https:\/\/www.europesays.com\/es\/wp-json\/wp\/v2\/users\/2"}],"replies":[{"embeddable":true,"href":"https:\/\/www.europesays.com\/es\/wp-json\/wp\/v2\/comments?post=266913"}],"version-history":[{"count":0,"href":"https:\/\/www.europesays.com\/es\/wp-json\/wp\/v2\/posts\/266913\/revisions"}],"wp:featuredmedia":[{"embeddable":true,"href":"https:\/\/www.europesays.com\/es\/wp-json\/wp\/v2\/media\/266914"}],"wp:attachment":[{"href":"https:\/\/www.europesays.com\/es\/wp-json\/wp\/v2\/media?parent=266913"}],"wp:term":[{"taxonomy":"category","embeddable":true,"href":"https:\/\/www.europesays.com\/es\/wp-json\/wp\/v2\/categories?post=266913"},{"taxonomy":"post_tag","embeddable":true,"href":"https:\/\/www.europesays.com\/es\/wp-json\/wp\/v2\/tags?post=266913"}],"curies":[{"name":"wp","href":"https:\/\/api.w.org\/{rel}","templated":true}]}}