{"id":266915,"date":"2025-12-02T08:44:14","date_gmt":"2025-12-02T08:44:14","guid":{"rendered":"https:\/\/www.europesays.com\/es\/266915\/"},"modified":"2025-12-02T08:44:14","modified_gmt":"2025-12-02T08:44:14","slug":"el-libro-cadiz-ilustrado-saca-a-la-luz-planos-y-dibujos-de-los-grandes-arquitectos-del-siglo-xviii","status":"publish","type":"post","link":"https:\/\/www.europesays.com\/es\/266915\/","title":{"rendered":"El libro \u2018C\u00e1diz ilustrado\u2019 saca a la luz planos y dibujos de los grandes arquitectos del siglo XVIII"},"content":{"rendered":"<p class=\"paragraph-atom&#10;        &#10;        B-510-400-550-N B-525-400-700-N--md&#10;        &#10;        \">\n    El Colegio Oficial de Arquitectos de C\u00e1diz y el Ayuntamiento de C\u00e1diz han presentado este lunes en rueda de prensa<strong> la publicaci\u00f3n \u2018C\u00e1diz Ilustrado: Torcuato Cay\u00f3n y Torcuato Benjumeda\u2019, <\/strong>que permite conocer y divulgar la obra de<a href=\"https:\/\/www.diariodecadiz.es\/cadiz\/arquitectura-cadiz-ilustrado-materializara-libro_0_2003841175.html\" rel=\"nofollow noopener\" target=\"_blank\"> los principales arquitectos que trabajaron en C\u00e1diz durante el per\u00edodo neocl\u00e1sico y que contribuyeron a dotar a la ciudad y su zona de influencia, de un rico patrimonio monumental y urban\u00edstico. <\/a>\n    <\/p>\n<p class=\"paragraph-atom&#10;        &#10;        B-510-400-550-N B-525-400-700-N--md&#10;        &#10;        \">\n    Este libro ser\u00e1 presentado a la ciudadan\u00eda esta tarde, a las 19.00 horas, en el Sal\u00f3n de Actos de la sede del Colegio Oficial de Arquitectos de C\u00e1diz, es fruto del convenio firmado entre ambas instituciones el pasado 30 de abril, con el objetivo de promulgar los saberes y conocimientos sobre la historia de C\u00e1diz durante el siglo XVIII.\n    <\/p>\n<p class=\"paragraph-atom&#10;        &#10;        B-510-400-550-N B-525-400-700-N--md&#10;        &#10;        \">\n    La publicaci\u00f3n destaca por la calidad y n\u00famero de los documentos recopilados de Torcuato Cay\u00f3n (1725-1783) y Torcuato Benjumeda (1757-1836), a los que se a\u00f1aden otros arquitectos importantes del momento como Miguel de Olivares (1748-1819), Manuel Machuca (1750-1799), Pedro \u00c1ngel de Albisu (1752-1817), Juan Manuel Caballero y Ortiz (1806- 1858) y el ingeniero militar Juan Manuel Caballero y Arigorri (1713-1791). Son en total 52 planos y dibujos procedentes de la colecci\u00f3n del arquitecto Carlos Sol\u00eds Llorente, de los cuales 36 son de Benjumeda, ocho de Torcuato Cay\u00f3n, cuatro de Albisu, dos de Machuca, uno de Caballero y Arigorri y uno de Caballero y Ortiz.\n    <\/p>\n<p class=\"paragraph-atom&#10;        &#10;        B-510-400-550-N B-525-400-700-N--md&#10;        &#10;        \">\n    \u2018C\u00e1diz Ilustrado: Torcuato Cay\u00f3n y Torcuato Benjumeda\u2019 recoge ensayos de algunos de los m\u00e1s importantes especialistas espa\u00f1oles de la arquitectura de la Ilustraci\u00f3n, como los profesores Adri\u00e1n Fern\u00e1ndez Almoguera, Carlos Sambricio Rivera-Echegaray y Teodoro Falc\u00f3n M\u00e1rquez, precedidos por un pr\u00f3logo del prestigioso arquitecto Rafael Moneo Vall\u00e9s, que ayudan a interpretar la obra de Torcuato Cay\u00f3n, Torcuato Benjumeda y sus coet\u00e1neos.\n    <\/p>\n<p class=\"paragraph-atom&#10;        &#10;        B-510-400-550-N B-525-400-700-N--md&#10;        &#10;        \">\n    La obra incluye un conjunto de planos y dibujos in\u00e9ditos de los siglos XVIII y XIX, de calidad excepcional, procedentes de la colecci\u00f3n particular del arquitecto y acad\u00e9mico gaditano Carlos Sol\u00eds Llorente (1916-1995), cuya autorizaci\u00f3n para editarlos ha sido cedida por sus hijos al Colegio de Arquitectos de C\u00e1diz.\n    <\/p>\n<p class=\"paragraph-atom&#10;        &#10;        B-510-400-550-N B-525-400-700-N--md&#10;        &#10;        \">\n    Carlos Sol\u00eds Llorente fue un arquitecto y acad\u00e9mico gaditano que, tras dedicarse durante a\u00f1os al ejercicio libre de la profesi\u00f3n, acab\u00f3 trabajando como arquitecto de visado del Colegio de Arquitectos de C\u00e1diz en los \u00faltimos a\u00f1os de su andadura profesional.\n    <\/p>\n<p>        Sobre la colecci\u00f3n de Carlos Sol\u00eds:<\/p>\n<p class=\"paragraph-atom&#10;        &#10;        B-510-400-550-N B-525-400-700-N--md&#10;        &#10;        \">\n    La colecci\u00f3n de<strong> planos y dibujos de Carlos Sol\u00eds Llorente<\/strong> (1916-1995) forma parte de un peque\u00f1o universo, atesorado por este ilustre arquitecto y acad\u00e9mico, integrado por muebles, esculturas, pinturas, cer\u00e1mica y otras piezas decorativas, adem\u00e1s de sellos, libros de arte y monedas, entre las que se hallan algunos de los famosos duros antiguos de los siglos XVIII al XX.\n    <\/p>\n<p class=\"paragraph-atom&#10;        &#10;        B-510-400-550-N B-525-400-700-N--md&#10;        &#10;        \">\n    Con motivo de esta publicaci\u00f3n, el Colegio de Arquitectos de C\u00e1diz ha promovido un riguroso an\u00e1lisis de esta colecci\u00f3n integrada por 52 proyectos y dibujos arquitect\u00f3nicos de los siglos XVIII y XIX, a tinta y colores, que en la actualidad se halla repartida en las viviendas de sus hijos y herederos, entre Sevilla, El Puerto de Santa Mar\u00eda y Madrid.\n    <\/p>\n<p class=\"paragraph-atom&#10;        &#10;        B-510-400-550-N B-525-400-700-N--md&#10;        &#10;        \">\n    As\u00ed, el cat\u00e1logo que acompa\u00f1a la publicaci\u00f3n, elaborado por el profesor y Catedr\u00e1tico Em\u00e9rito de la Universidad de Sevilla Teodoro Falc\u00f3n, aborda por primera vez el estudio de todos y cada uno de los planos y dibujos que integran la colecci\u00f3n. Concretamente se han ordenado por orden cronol\u00f3gico los trabajos realizados por Torcuato Cay\u00f3n de la Vega, Juan Caballero y Arigorri, Miguel de Olivares y Guerrero, Manuel Machuca y Vargas, Pedro \u00c1ngel de Albisu Lizarralde, Torcuato Benjumeda y Laguada y Juan Manuel Caballero y Ortiz, arquitectos e ingenieros que contribuyeron a dotar a la ciudad de C\u00e1diz y su zona de influencia de un rico patrimonio monumental y urban\u00edstico.\n    <\/p>\n<p class=\"paragraph-atom&#10;        &#10;        B-510-400-550-N B-525-400-700-N--md&#10;        &#10;        \">\n    <strong>La geograf\u00eda de los planos es diversa, <\/strong>siendo mayoritario el n\u00famero de ellos dedicados a la capital gaditana, entre otros ubicados en la provincia de C\u00e1diz. De los edificios civiles destacan los referentes a la <strong>aduana, la alh\u00f3ndiga, el ayuntamiento, la c\u00e1rcel real, el hospital de unciones<\/strong> (cuartel de San Fernando), el mercado municipal, as\u00ed como el proyecto de habilitaci\u00f3n del<strong> convento de San Agust\u00edn<\/strong> para museo de la ciudad, y el dise\u00f1o de varias viviendas y planos urban\u00edsticos. Y entre los edificios religiosos hay que subrayar los realizados sobre la Catedral (Monumento Eucar\u00edstico de Semana Santa), y los de<strong> las iglesias de San Juan de Dios, San Pablo y la Santa Caridad<\/strong> (antiguo Hospicio). En cuanto a los del resto de la provincia merecen menci\u00f3n especial la c\u00e1rcel de Algeciras;<strong> la iglesia de San Juan Bautista<\/strong> de Chiclana; el plano topogr\u00e1fico de la ciudad y el <strong>cementerio de San Fernando,<\/strong> y el proyecto de un puente sobre el r\u00edo Guadalete de Villamart\u00edn.\n    <\/p>\n<p class=\"paragraph-atom&#10;        &#10;        B-510-400-550-N B-525-400-700-N--md&#10;        &#10;        \">\n    Tambi\u00e9n hay dise\u00f1os de otras comunidades como el palacio de Consejos de Madrid y el Colegio Mayor del arzobispo Fonseca en Salamanca, entre otros trabajos acad\u00e9micos de varios arquitectos que aspiraban a ser nombrados acad\u00e9micos de m\u00e9rito de San Fernando de Madrid.\n    <\/p>\n<p class=\"paragraph-atom&#10;        &#10;        B-510-400-550-N B-525-400-700-N--md&#10;        &#10;        \">\n    La cronolog\u00eda de estos proyectos se inicia en 1763 con <strong>\u2018La iglesia de la Caridad\u2019, del Hospicio de C\u00e1diz, <\/strong>trazada por Torcuato Cay\u00f3n, mientras que los \u00faltimos que recoge del siglo XIX son la<strong> \u2018Planta del antiguo convento de San Agust\u00edn\u2019, <\/strong>firmada por Benjumeda en 1836, y el \u2018Proyecto para una Academia de Bellas Artes\u2019, realizado por el arquitecto Juan Manuel Caballero en 1839.\n    <\/p>\n<p class=\"paragraph-atom&#10;        &#10;        B-510-400-550-N B-525-400-700-N--md&#10;        &#10;        \">\n    La decana del Colegio de Arquitectos de C\u00e1diz<strong>, Paula Vilches<\/strong>, ha destacado que \u201ceste libro se enmarca en ese esp\u00edritu de colaboraci\u00f3n que tenemos con el Ayuntamiento de C\u00e1diz y en nuestra vocaci\u00f3n editora para contribuir al conocimiento de la arquitectura y el patrimonio hist\u00f3rico de la ciudad de C\u00e1diz y del resto de la provincia\u201d.\n    <\/p>\n<p class=\"paragraph-atom&#10;        &#10;        B-510-400-550-N B-525-400-700-N--md&#10;        &#10;        \">\n    Por su parte, la teniente de alcalde delegada de Cultura,<strong> Maite Gonz\u00e1lez,<\/strong> ha asegurado que \u201cesta publicaci\u00f3n, fruto de nuestra colaboraci\u00f3n con el Colegio de Arquitectos, ser\u00e1 de una gran utilidad para investigadores, historiadores, arquitectos y para la ciudadan\u00eda en general, que conocer\u00e1 un poco m\u00e1s la historia de nuestra ciudad a trav\u00e9s de sus edificios y monumentos\u201d.\n    <\/p>\n<p class=\"paragraph-atom&#10;        &#10;        B-510-400-550-N B-525-400-700-N--md&#10;        &#10;        \">\n    El acto de presentaci\u00f3n del libro de esta tarde ser\u00e1 conducido por la Decana del Colegio de Arquitectos y contar\u00e1 con las intervenciones de Ignacio Sol\u00eds, que lo har\u00e1 en nombre de los herederos y de dos de los autores que han redactado los ensayos que acompa\u00f1an la publicaci\u00f3n, los profesores Carlos Sambricio Rivera-Echegaray y Teodoro Falc\u00f3n M\u00e1rquez.\n    <\/p>\n<p class=\"paragraph-atom&#10;        &#10;        B-510-400-550-N B-525-400-700-N--md&#10;        &#10;        \">\n    El libro estar\u00e1 a la venta para el p\u00fablico interesado en adquirirlo en las librer\u00edas de la ciudad a partir de ma\u00f1ana d\u00eda 2 de diciembre.\n    <\/p>\n","protected":false},"excerpt":{"rendered":"El Colegio Oficial de Arquitectos de C\u00e1diz y el Ayuntamiento de C\u00e1diz han presentado este lunes en rueda&hellip;\n","protected":false},"author":2,"featured_media":266916,"comment_status":"","ping_status":"","sticky":false,"template":"","format":"standard","meta":{"footnotes":""},"categories":[173],"tags":[3739,229,233,231,230,2193,232,65974,234,146,147,25,24,4645,65973,1496,57823,11021,23,40520],"class_list":{"0":"post-266915","1":"post","2":"type-post","3":"status-publish","4":"format-standard","5":"has-post-thumbnail","7":"category-arte-y-diseno","8":"tag-arquitectos","9":"tag-arte","10":"tag-arte-y-diseno","11":"tag-arts","12":"tag-arts-and-design","13":"tag-cadiz","14":"tag-design","15":"tag-dibjos","16":"tag-diseno","17":"tag-entertainment","18":"tag-entretenimiento","19":"tag-es","20":"tag-espana","21":"tag-grandes","22":"tag-ilustrado","23":"tag-libro","24":"tag-planos","25":"tag-presentan","26":"tag-spain","27":"tag-xviii"},"share_on_mastodon":{"url":"https:\/\/pubeurope.com\/@es\/115649096132323587","error":""},"_links":{"self":[{"href":"https:\/\/www.europesays.com\/es\/wp-json\/wp\/v2\/posts\/266915","targetHints":{"allow":["GET"]}}],"collection":[{"href":"https:\/\/www.europesays.com\/es\/wp-json\/wp\/v2\/posts"}],"about":[{"href":"https:\/\/www.europesays.com\/es\/wp-json\/wp\/v2\/types\/post"}],"author":[{"embeddable":true,"href":"https:\/\/www.europesays.com\/es\/wp-json\/wp\/v2\/users\/2"}],"replies":[{"embeddable":true,"href":"https:\/\/www.europesays.com\/es\/wp-json\/wp\/v2\/comments?post=266915"}],"version-history":[{"count":0,"href":"https:\/\/www.europesays.com\/es\/wp-json\/wp\/v2\/posts\/266915\/revisions"}],"wp:featuredmedia":[{"embeddable":true,"href":"https:\/\/www.europesays.com\/es\/wp-json\/wp\/v2\/media\/266916"}],"wp:attachment":[{"href":"https:\/\/www.europesays.com\/es\/wp-json\/wp\/v2\/media?parent=266915"}],"wp:term":[{"taxonomy":"category","embeddable":true,"href":"https:\/\/www.europesays.com\/es\/wp-json\/wp\/v2\/categories?post=266915"},{"taxonomy":"post_tag","embeddable":true,"href":"https:\/\/www.europesays.com\/es\/wp-json\/wp\/v2\/tags?post=266915"}],"curies":[{"name":"wp","href":"https:\/\/api.w.org\/{rel}","templated":true}]}}