{"id":266917,"date":"2025-12-02T08:46:20","date_gmt":"2025-12-02T08:46:20","guid":{"rendered":"https:\/\/www.europesays.com\/es\/266917\/"},"modified":"2025-12-02T08:46:20","modified_gmt":"2025-12-02T08:46:20","slug":"audiencias-tv-la-isla-de-las-tentaciones-se-impone-claramente-a-ena-que-cae-44-puntos-en-una-semana-126","status":"publish","type":"post","link":"https:\/\/www.europesays.com\/es\/266917\/","title":{"rendered":"Audiencias TV | &#8216;La isla de las tentaciones&#8217; se impone claramente a &#8216;ENA&#8217;, que cae 4,4 puntos en una semana (12,6%)"},"content":{"rendered":"\n<p> <a href=\"https:\/\/www.elconfidencial.com\/tags\/empresas\/telecinco-4621\/\" target=\"_blank\" rel=\"nofollow noopener\">Telecinco<\/a> arranc\u00f3 con buen pie la semana gracias a <a href=\"https:\/\/www.elconfidencial.com\/tags\/temas\/la-isla-de-las-tentaciones-20868\/\" target=\"_blank\" rel=\"nofollow noopener\">La isla de las tentaciones<\/a>. <strong>El <\/strong><strong>reality<\/strong><strong> de seducci\u00f3n cosech\u00f3 anoche un 16,1% tras seducir a 1.351.000 espectadores<\/strong>. El programa que presenta Sandra Barneda volvi\u00f3 a lucirse con su entrega principal, aunque cedi\u00f3 9 d\u00e9cimas y 49.000 seguidores con respecto al pasado lunes (17% y 1.400.000). <\/p>\n<p> El formato de Cuarzo Producciones<strong> lider\u00f3 con rotundidad su franja de emisi\u00f3n y, adem\u00e1s, logr\u00f3 imponerse a la ficci\u00f3n de La 1<\/strong>. La semana pasada, en la franja de estricta coincidencia (23:15-00:38 horas), el pulso estuvo muy igualado, aunque fue ENA la que gan\u00f3 por una d\u00e9cima (17% y 1.400.000 vs. 17,1% y 1.404.000). Anoche, Telecinco logr\u00f3 revertir la tendencia. <\/p>\n<p> <strong>Audiencias de <\/strong><strong>La isla de las tentaciones<\/strong><strong> (T9)<\/strong> <\/p>\n<ul class=\"bodyList bodyList--unordered\">\n<li class=\"bodyList__item\">Programa 1 (03\/11\/2025): 14,5% y 1.149.000<\/li>\n<li class=\"bodyList__item\">Programa 2 (10\/11\/2025): 16,3% y 1.360.000<\/li>\n<li class=\"bodyList__item\">Programa 3 (17\/11\/2025): 15,8% y 1.303.000<\/li>\n<li class=\"bodyList__item\">Programa 4 (24\/11\/2025): 17% y 1.400.000<\/li>\n<li class=\"bodyList__item\">Programa 5 (01\/12\/2025): 16,1% y 1.351.000<\/li>\n<\/ul>\n<blockquote class=\"twitter-tweet\">\n<p lang=\"es\" dir=\"ltr\">IM-PRESIONANTE comienzo de diciembre para <a href=\"https:\/\/twitter.com\/hashtag\/LaIslaDeLasTentaciones13?src=hash&amp;ref_src=twsrc%5Etfw\" rel=\"nofollow noopener\" target=\"_blank\">#LaIslaDeLasTentaciones13<\/a> arrasando en su franja de emisi\u00f3n con un 16.1% de cuota, 1.351.000, 2.414.000 espectadores \u00fanicos y 56% de FIDELIDAD<\/p>\n<p>?\ufe0f +6.6 puntos que la 2\u00aa cadena<\/p>\n<p>? 25.5% en el TC<a href=\"https:\/\/twitter.com\/hashtag\/QueVivaLaTele?src=hash&amp;ref_src=twsrc%5Etfw\" rel=\"nofollow noopener\" target=\"_blank\">#QueVivaLaTele<\/a> <a href=\"https:\/\/twitter.com\/hashtag\/Audiencias?src=hash&amp;ref_src=twsrc%5Etfw\" rel=\"nofollow noopener\" target=\"_blank\">#Audiencias<\/a> <a href=\"https:\/\/t.co\/vYjTB67mLz\" rel=\"nofollow\">pic.twitter.com\/vYjTB67mLz<\/a><\/p>\n<p>\u2014 Dos30&#8242; (@Dos30TV) <a href=\"https:\/\/twitter.com\/Dos30TV\/status\/1995753452035559836?ref_src=twsrc%5Etfw\" rel=\"nofollow noopener\" target=\"_blank\">December 2, 2025<\/a><\/p><\/blockquote>\n<p> En el access, el reality de Telecinco marc\u00f3 un 11,8% con 1.548.000 seguidores.<strong> El programa logr\u00f3 su segunda mejor marca de la edici\u00f3n, tanto en cuota como en miles de espectadores<\/strong>. En una semana crece 3 d\u00e9cimas y casi 100.000 personas y, adem\u00e1s, protagoniza uno de los duelos m\u00e1s ajustados del curso. <\/p>\n<p> <strong>Audiencias de las <\/strong><strong>Tentaciones<\/strong><strong> T9 (<\/strong><strong>access<\/strong><strong>)<\/strong> <\/p>\n<ul class=\"bodyList bodyList--unordered\">\n<li class=\"bodyList__item\">Lunes 3 (21:47-23:15h): 10,9% y 1.333.000<\/li>\n<li class=\"bodyList__item\">Martes 4 (21:48-23:18h): 10,4% y 1.287.000<\/li>\n<li class=\"bodyList__item\">Mi\u00e9rcoles 5 (21:47-23:15h): 10% y 1.280.000<\/li>\n<li class=\"bodyList__item\">Lunes 10 (21:48-23:22h): 10,1% y 1.344.000<\/li>\n<li class=\"bodyList__item\">Martes 11 (21:48-23:14h): 11% y 1.382.000<\/li>\n<li class=\"bodyList__item\">Mi\u00e9rcoles 12 (21:48-23:14h): 11,6% y 1.454.000<\/li>\n<li class=\"bodyList__item\">Lunes 17 (21:48-23:12h): 12,5% y 1.615.000<\/li>\n<li class=\"bodyList__item\">Martes 18 (21:48-23:13h): 9,5% y 1.273.000<\/li>\n<li class=\"bodyList__item\">Mi\u00e9rcoles 19 (21:48-23:16h): 11,6% y 1.466.000<\/li>\n<li class=\"bodyList__item\">Lunes 24 (21:48-23:15h): 11,5% y 1.459.000<\/li>\n<li class=\"bodyList__item\">Martes 25 (21:48-23:21h): 11,7% y 1.507.000<\/li>\n<li class=\"bodyList__item\">Mi\u00e9rcoles 26 (21:48- 23:17h): 11,6% y 1.484.000<\/li>\n<li class=\"bodyList__item\">Lunes 1: 11,8% y 1.548.000<\/li>\n<\/ul>\n<p>          Antena 3           <\/p>\n<p> Tras el informativo de <a href=\"https:\/\/www.elconfidencial.com\/tags\/personajes\/vicente-valles-18044\/\" target=\"_blank\" rel=\"nofollow noopener\">Vicente Vall\u00e9s<\/a>, que este lunes logr\u00f3 su entrega m\u00e1s vista del a\u00f1o (2.582.000 y 20,7%), <strong>el programa de <\/strong><a href=\"https:\/\/www.elconfidencial.com\/tags\/personajes\/pablo-motos-298\/\" target=\"_blank\" rel=\"nofollow noopener\"><strong>Pablo Motos<\/strong><\/a><strong> firm\u00f3 un flojo 12,2% con 1.607.000 espectadores<\/strong>. El hormiguero qued\u00f3 lejos del dato de hace una semana (14,5% y 1.845.000) con la visita de Guillermo Francella\u00a0y\u00a0Javier Veiga. El espacio de Antena 3 perdi\u00f3 2,3 puntos y m\u00e1s de 200.000 seguidores. <\/p>\n<p> Las principales cadenas <strong>protagonizaron un ajustad\u00edsimo duelo en el access prime time, pero la victoria, aunque ajustada, fue para David Broncano y los suyos<\/strong>. Entre las 21:55 y las 23:03 horas, franja en la que compitieron las grandes apuestas, La revuelta firm\u00f3 un 12,33% (1.629.000); El hormiguero, un 12,13% (1.603.000); y La isla de las tentaciones, un 12,08% (1.596.000). <\/p>\n<p> <strong>Audiencias de <\/strong><strong>El hormiguero<\/strong> <\/p>\n<ul class=\"bodyList bodyList--unordered\">\n<li class=\"bodyList__item\">Lunes (Guillermo Francella\u00a0y\u00a0Javier Veiga): 12,2% y 1.607.000<\/li>\n<\/ul>\n<blockquote class=\"twitter-tweet\">\n<p lang=\"es\" dir=\"ltr\">? <a href=\"https:\/\/twitter.com\/El_Hormiguero?ref_src=twsrc%5Etfw\" rel=\"nofollow noopener\" target=\"_blank\">@El_Hormiguero<\/a> alcanza un 12.2% de share y congrega una media de 1.607.000 espectadores en <a href=\"https:\/\/twitter.com\/antena3com?ref_src=twsrc%5Etfw\" rel=\"nofollow noopener\" target=\"_blank\">@antena3com<\/a> <\/p>\n<p>? M\u00e1s de 4 millones de espectadores conectaron en alg\u00fan momento con el programa<a href=\"https:\/\/twitter.com\/hashtag\/QueVivaLaTele?src=hash&amp;ref_src=twsrc%5Etfw\" rel=\"nofollow noopener\" target=\"_blank\">#QueVivaLaTele<\/a> <a href=\"https:\/\/twitter.com\/hashtag\/Audiencias?src=hash&amp;ref_src=twsrc%5Etfw\" rel=\"nofollow noopener\" target=\"_blank\">#Audiencias<\/a> <a href=\"https:\/\/t.co\/dCFpNve0x9\" rel=\"nofollow\">pic.twitter.com\/dCFpNve0x9<\/a><\/p>\n<p>\u2014 Dos30&#8242; (@Dos30TV) <a href=\"https:\/\/twitter.com\/Dos30TV\/status\/1995752746734027031?ref_src=twsrc%5Etfw\" rel=\"nofollow noopener\" target=\"_blank\">December 2, 2025<\/a><\/p><\/blockquote>\n<p> A continuaci\u00f3n, el nuevo cap\u00edtulo de Renacer cay\u00f3 por debajo del 10%. <strong>La ficci\u00f3n turca cae 2,6 puntos y firma su segunda peor marca del curso<\/strong>. En cuota, tan solo queda por delante del primer episodio emitido en septiembre (d\u00eda 7: 8,7%). La oferta de Antena 3 est\u00e1 sufriendo de lleno la llegada de ENA a la parrilla de La 1, dado que hasta hace dos semanas ning\u00fan otro cap\u00edtulo hab\u00eda perdido el doble d\u00edgito. <\/p>\n<p> <strong>Audiencias de <\/strong><strong>Renacer <\/strong><strong>(noviembre y diciembre)<\/strong> <\/p>\n<ul class=\"bodyList bodyList--unordered\">\n<li class=\"bodyList__item\">3 de noviembre: 10,6% y 701.000<\/li>\n<li class=\"bodyList__item\">4 de noviembre: 11,1% y 748.000<\/li>\n<li class=\"bodyList__item\">10 de noviembre: 10,9% y 717.000<\/li>\n<li class=\"bodyList__item\">11 de noviembre: 12% y 748.000<\/li>\n<li class=\"bodyList__item\">17 de noviembre: 10,7% y 804.000<\/li>\n<li class=\"bodyList__item\">18 de noviembre: 11,3% y 745.000<\/li>\n<li class=\"bodyList__item\">24 de noviembre: 9,2% y 663.000<\/li>\n<li class=\"bodyList__item\">25 de noviembre: 11,7% y 794.000<\/li>\n<li class=\"bodyList__item\">1 de diciembre: 9,1% y 705.000<\/li>\n<\/ul>\n<blockquote class=\"twitter-tweet\">\n<p lang=\"es\" dir=\"ltr\">? <a href=\"https:\/\/twitter.com\/hashtag\/Renacer?src=hash&amp;ref_src=twsrc%5Etfw\" rel=\"nofollow noopener\" target=\"_blank\">#Renacer<\/a> en <a href=\"https:\/\/twitter.com\/antena3com?ref_src=twsrc%5Etfw\" rel=\"nofollow noopener\" target=\"_blank\">@antena3com<\/a> obtuvo 1.575.000 ESPECTADORES \u00daNICOS (AA).<\/p>\n<p>\u27a1\ufe0f La serie reuni\u00f3 705.000 espectadores de media y un 9,1% de cuota de pantalla. <a href=\"https:\/\/twitter.com\/hashtag\/RENACER?src=hash&amp;ref_src=twsrc%5Etfw\" rel=\"nofollow noopener\" target=\"_blank\">#RENACER<\/a><a href=\"https:\/\/twitter.com\/hashtag\/Audiencias?src=hash&amp;ref_src=twsrc%5Etfw\" rel=\"nofollow noopener\" target=\"_blank\">#Audiencias<\/a>?? <a href=\"https:\/\/t.co\/mmyeCM8ycY\" rel=\"nofollow\">pic.twitter.com\/mmyeCM8ycY<\/a><\/p>\n<p>\u2014 Barlovento Comunicaci\u00f3n (@blvcom) <a href=\"https:\/\/twitter.com\/blvcom\/status\/1995753521719763244?ref_src=twsrc%5Etfw\" rel=\"nofollow noopener\" target=\"_blank\">December 2, 2025<\/a><\/p><\/blockquote>\n<p>           La 1           <\/p>\n<p> La revuelta arranc\u00f3 la semana con una cuota del 12,1% y m\u00e1s de 1,6 millones de espectadores (1.609.000). El formato de El Terrat y Encofrados Encofrasa baj\u00f3 2 d\u00e9cimas con respecto al pasado lunes (12,3% y 1.595.000), pero logr\u00f3 ganar a sus rivales. <strong>En coincidencia, La 1 se coloc\u00f3 por delante de Antena 3 y de Telecinco<\/strong>. <\/p>\n<p> <strong>Audiencias de <\/strong><strong>La revuelta<\/strong> <\/p>\n<ul class=\"bodyList bodyList--unordered\">\n<li class=\"bodyList__item\">Lunes (Luis Tosar y Jeanette): 12,1% y 1.609.000<\/li>\n<\/ul>\n<blockquote class=\"twitter-tweet\">\n<p lang=\"es\" dir=\"ltr\"><a href=\"https:\/\/twitter.com\/hashtag\/LaRevueltaTVE?src=hash&amp;ref_src=twsrc%5Etfw\" rel=\"nofollow noopener\" target=\"_blank\">#LaRevueltaTVE<\/a> en el access de <a href=\"https:\/\/twitter.com\/La1_tve?ref_src=twsrc%5Etfw\" rel=\"nofollow noopener\" target=\"_blank\">@la1_tve<\/a> alcanza un 12.1% de share y congrega una media de 1.609.000 espectadores<\/p>\n<p>\u26a1\ufe0f M\u00e1s de 3.9 millones de espectadores conectaron en alg\u00fan momento con el programa<a href=\"https:\/\/twitter.com\/hashtag\/QueVivaLaTele?src=hash&amp;ref_src=twsrc%5Etfw\" rel=\"nofollow noopener\" target=\"_blank\">#QueVivaLaTele<\/a> <a href=\"https:\/\/twitter.com\/hashtag\/Audiencias?src=hash&amp;ref_src=twsrc%5Etfw\" rel=\"nofollow noopener\" target=\"_blank\">#Audiencias<\/a> <a href=\"https:\/\/t.co\/u3FBmgciAR\" rel=\"nofollow\">pic.twitter.com\/u3FBmgciAR<\/a><\/p>\n<p>\u2014 Dos30&#8242; (@Dos30TV) <a href=\"https:\/\/twitter.com\/Dos30TV\/status\/1995752927302934856?ref_src=twsrc%5Etfw\" rel=\"nofollow noopener\" target=\"_blank\">December 2, 2025<\/a><\/p><\/blockquote>\n<p> Justo despu\u00e9s de Broncano, Televisi\u00f3n Espa\u00f1ola ofreci\u00f3 el tercer cap\u00edtulo de la serie ENA. <strong>La ficci\u00f3n sobre la vida de Victoria Eugenia, reina consorte de Alfonso XIII, cosech\u00f3 una audiencia media de 1.234.000 espectadores, con un share del 12,6%<\/strong>. Aunque en espectadores la serie apenas perdi\u00f3 100.000 espectadores, en cuota cay\u00f3 4,4 puntos debido a la emisi\u00f3n de un \u00fanico episodio. <\/p>\n<p> <strong>Audiencias de <\/strong><strong>ENA<\/strong> <\/p>\n<ul class=\"bodyList bodyList--unordered\">\n<li class=\"bodyList__item\">Cap\u00edtulo 1 y 2 (24\/11\/2025): 17% y 1.331.000<\/li>\n<li class=\"bodyList__item\">Cap\u00edtulo 3 (01\/12\/2025): 12,6% y 1.234.000<\/li>\n<\/ul>\n<blockquote class=\"twitter-tweet\">\n<p lang=\"es\" dir=\"ltr\"><a href=\"https:\/\/twitter.com\/hashtag\/ENA?src=hash&amp;ref_src=twsrc%5Etfw\" rel=\"nofollow noopener\" target=\"_blank\">#ENA<\/a> en su segunda noche en <a href=\"https:\/\/twitter.com\/La1_tve?ref_src=twsrc%5Etfw\" rel=\"nofollow noopener\" target=\"_blank\">@la1_tve<\/a> firma un 12.6% de share y una media de 1.234.000 espectadores<\/p>\n<p>? M\u00e1s de 2.6 millones de espectadores conectaron en alg\u00fan momento con la serie<\/p>\n<p>? Gran fidelidad (47.4%)<a href=\"https:\/\/twitter.com\/hashtag\/QueVivaLaTele?src=hash&amp;ref_src=twsrc%5Etfw\" rel=\"nofollow noopener\" target=\"_blank\">#QueVivaLaTele<\/a> <a href=\"https:\/\/twitter.com\/hashtag\/Audiencias?src=hash&amp;ref_src=twsrc%5Etfw\" rel=\"nofollow noopener\" target=\"_blank\">#Audiencias<\/a> <a href=\"https:\/\/t.co\/Cwy8FpHHas\" rel=\"nofollow\">pic.twitter.com\/Cwy8FpHHas<\/a><\/p>\n<p>\u2014 Dos30&#8242; (@Dos30TV) <a href=\"https:\/\/twitter.com\/Dos30TV\/status\/1995752453430456634?ref_src=twsrc%5Etfw\" rel=\"nofollow noopener\" target=\"_blank\">December 2, 2025<\/a><\/p><\/blockquote>\n<p> A continuaci\u00f3n, el segundo cap\u00edtulo de la docuserie <strong>Victoria Eugenia, historia de un amor tr\u00e1gico<\/strong><strong> se apunt\u00f3 un 12,6%<\/strong>. Esta producci\u00f3n de La Cometa TV, responsable tambi\u00e9n de la serie ENA, profundiza cada semana en la figura y la vida de Victoria Eugenia de Battenberg: una reina moderna y adelantada a su \u00e9poca, que transform\u00f3 para siempre la imagen de la monarqu\u00eda espa\u00f1ola y que muchos consideran la primera influencer real. En su estreno, a altas horas de la madrugada (01:05-01:53), firm\u00f3 un 17,3% (529.000), de modo que cede 4,7 puntos al arrancar esta semana minutos antes de la medianoche. <\/p>\n<p>            La Sexta           <\/p>\n<p> En La Sexta, El Gran Wyoming, Sandra Sabat\u00e9s y compa\u00f1\u00eda registraron una audiencia media de 950.000 espectadores, lo que se tradujo en un 7,2%. <strong>El intermedio<\/strong><strong> arranca diciembre en plena forma, incluso superando los registros del pasado lunes <\/strong>(7,1% y 925.000). El formato de Globomedia sube ligeramente una d\u00e9cima, con 25.000 nuevos seguidores. <\/p>\n<blockquote class=\"twitter-tweet\">\n<p lang=\"es\" dir=\"ltr\">LO + VISTO de <a href=\"https:\/\/twitter.com\/laSextaTV?ref_src=twsrc%5Etfw\" rel=\"nofollow noopener\" target=\"_blank\">@laSextaTV<\/a> es <a href=\"https:\/\/twitter.com\/El_Intermedio?ref_src=twsrc%5Etfw\" rel=\"nofollow noopener\" target=\"_blank\">@El_Intermedio<\/a> con un 7.2% de share y una media de 950.000 espectadores <\/p>\n<p>? M\u00e1s de 2.5 millones de espectadores conectaron en alg\u00fan momento con el programa<a href=\"https:\/\/twitter.com\/hashtag\/QueVivaLaTele?src=hash&amp;ref_src=twsrc%5Etfw\" rel=\"nofollow noopener\" target=\"_blank\">#QueVivaLaTele<\/a> <a href=\"https:\/\/twitter.com\/hashtag\/Audiencias?src=hash&amp;ref_src=twsrc%5Etfw\" rel=\"nofollow noopener\" target=\"_blank\">#Audiencias<\/a> <a href=\"https:\/\/t.co\/ZULewBFVIA\" rel=\"nofollow\">pic.twitter.com\/ZULewBFVIA<\/a><\/p>\n<p>\u2014 Dos30&#8242; (@Dos30TV) <a href=\"https:\/\/twitter.com\/Dos30TV\/status\/1995758075622338662?ref_src=twsrc%5Etfw\" rel=\"nofollow noopener\" target=\"_blank\">December 2, 2025<\/a><\/p><\/blockquote>\n<p> Los buenos datos de El intermedio se trasladaron tambi\u00e9n al prime time. <strong>La pel\u00edcula<\/strong><strong> No vuelvas atr\u00e1s<\/strong><strong> reuni\u00f3 al 7,1% de la audiencia<\/strong>, lo que significa que m\u00e1s de medio mill\u00f3n de personas (535.000) se decantaron por la oferta del canal.  <\/p>\n<p>            Cuatro           <\/p>\n<p> Por su lado, las citas de First Dates reunieron a 871.000 espectadores. <strong>El formato de Warner Bros. ITVP Espa\u00f1a anot\u00f3 un 6,8%, lo que supone pr\u00e1cticamente el mismo resultado de hace siete d\u00edas (6,7&amp; y 844.000)<\/strong>. El programa, que presenta Carlos Sobera, mantiene sus grandes resultados cada d\u00eda, aunque esta temporada no ha comenzado su andadura con la misma fortaleza de temporadas pasadas. <\/p>\n<blockquote class=\"twitter-tweet\">\n<p lang=\"es\" dir=\"ltr\">? <a href=\"https:\/\/twitter.com\/firstdates_tv?ref_src=twsrc%5Etfw\" rel=\"nofollow noopener\" target=\"_blank\">@firstdates_tv<\/a> en <a href=\"https:\/\/twitter.com\/cuatro?ref_src=twsrc%5Etfw\" rel=\"nofollow noopener\" target=\"_blank\">@cuatro<\/a> obtuvo 2.314.000 ESPECTADORES \u00daNICOS (AA).<\/p>\n<p>\u2728 El programa reuni\u00f3 871.000 espectadores de media y un 6.8% de cuota de pantalla. Fue lo m\u00e1s visto del d\u00eda en la cadena. <a href=\"https:\/\/twitter.com\/hashtag\/FirstDates1D?src=hash&amp;ref_src=twsrc%5Etfw\" rel=\"nofollow noopener\" target=\"_blank\">#FirstDates1D<\/a><a href=\"https:\/\/twitter.com\/hashtag\/Audiencias?src=hash&amp;ref_src=twsrc%5Etfw\" rel=\"nofollow noopener\" target=\"_blank\">#Audiencias<\/a>?? <a href=\"https:\/\/t.co\/vMU4iMCPxd\" rel=\"nofollow\">pic.twitter.com\/vMU4iMCPxd<\/a><\/p>\n<p>\u2014 Barlovento Comunicaci\u00f3n (@blvcom) <a href=\"https:\/\/twitter.com\/blvcom\/status\/1995754389114327347?ref_src=twsrc%5Etfw\" rel=\"nofollow noopener\" target=\"_blank\">December 2, 2025<\/a><\/p><\/blockquote>\n<p> Despu\u00e9s de First Dates, el contenedor cinematogr\u00e1fico de Cuatro (El Blockbuster) fue incapaz de superar a El taquillazo de La Sexta. <strong>La pel\u00edcula <\/strong><strong>Transporter 3<\/strong><strong> (2008), protagonizada por Jason Statham, se tuvo que conformar con un 5,2% y tan solo 373.000 espectadores de media<\/strong>. Hace una semana, Bloodshot firm\u00f3 un 5,9% (409.000), de modo que la media de la cadena baja 7 d\u00e9cimas. <\/p>\n<p>                Cadenas: Antena 3 se lleva el lunes           <\/p>\n<p> <strong>Antena 3 cerr\u00f3 la jornada con un 13,8%, superando en 7 d\u00e9cimas a la cadena p\u00fablica<\/strong>. La 1 ocup\u00f3 la segunda plaza, con un 13,1%. Telecinco, por su lado, alcanz\u00f3 el doble d\u00edgito (10,3%), aunque se qued\u00f3 lejos de sus directos rivales. <\/p>\n<p> Las cadenas tem\u00e1ticas de pago (9%) y las de la FORTA (8,6%) se quedaron por debajo del 10%. <strong>M\u00e1s abajo se situaron La Sexta (6,95) y Cuatro (5,5%)<\/strong>. La 2 de TVE cerr\u00f3 el lunes con un gran 3,9%. <\/p>\n<p>         <script async src=\"https:\/\/platform.twitter.com\/widgets.js\" charset=\"utf-8\"><\/script><\/p>\n","protected":false},"excerpt":{"rendered":"Telecinco arranc\u00f3 con buen pie la semana gracias a La isla de las tentaciones. El reality de seducci\u00f3n&hellip;\n","protected":false},"author":2,"featured_media":266918,"comment_status":"","ping_status":"","sticky":false,"template":"","format":"standard","meta":{"footnotes":""},"categories":[171],"tags":[146,147,25,24,23,214],"class_list":{"0":"post-266917","1":"post","2":"type-post","3":"status-publish","4":"format-standard","5":"has-post-thumbnail","7":"category-tv","8":"tag-entertainment","9":"tag-entretenimiento","10":"tag-es","11":"tag-espana","12":"tag-spain","13":"tag-tv"},"share_on_mastodon":{"url":"https:\/\/pubeurope.com\/@es\/115649104286920995","error":""},"_links":{"self":[{"href":"https:\/\/www.europesays.com\/es\/wp-json\/wp\/v2\/posts\/266917","targetHints":{"allow":["GET"]}}],"collection":[{"href":"https:\/\/www.europesays.com\/es\/wp-json\/wp\/v2\/posts"}],"about":[{"href":"https:\/\/www.europesays.com\/es\/wp-json\/wp\/v2\/types\/post"}],"author":[{"embeddable":true,"href":"https:\/\/www.europesays.com\/es\/wp-json\/wp\/v2\/users\/2"}],"replies":[{"embeddable":true,"href":"https:\/\/www.europesays.com\/es\/wp-json\/wp\/v2\/comments?post=266917"}],"version-history":[{"count":0,"href":"https:\/\/www.europesays.com\/es\/wp-json\/wp\/v2\/posts\/266917\/revisions"}],"wp:featuredmedia":[{"embeddable":true,"href":"https:\/\/www.europesays.com\/es\/wp-json\/wp\/v2\/media\/266918"}],"wp:attachment":[{"href":"https:\/\/www.europesays.com\/es\/wp-json\/wp\/v2\/media?parent=266917"}],"wp:term":[{"taxonomy":"category","embeddable":true,"href":"https:\/\/www.europesays.com\/es\/wp-json\/wp\/v2\/categories?post=266917"},{"taxonomy":"post_tag","embeddable":true,"href":"https:\/\/www.europesays.com\/es\/wp-json\/wp\/v2\/tags?post=266917"}],"curies":[{"name":"wp","href":"https:\/\/api.w.org\/{rel}","templated":true}]}}