{"id":266922,"date":"2025-12-02T08:49:14","date_gmt":"2025-12-02T08:49:14","guid":{"rendered":"https:\/\/www.europesays.com\/es\/266922\/"},"modified":"2025-12-02T08:49:14","modified_gmt":"2025-12-02T08:49:14","slug":"mientras-la-rodilla-aguante-intentare-seguir","status":"publish","type":"post","link":"https:\/\/www.europesays.com\/es\/266922\/","title":{"rendered":"Mientras la rodilla aguante, intentar\u00e9 seguir"},"content":{"rendered":"<p class=\"c-paragraph\">La jugadora espa\u00f1ola de b\u00e1dminton <a href=\"https:\/\/www.20minutos.es\/tags\/deportes\/carolina-marin.html\" title=\"Carolina Mar\u00edn\" rel=\"nofollow noopener\" target=\"_blank\">Carolina Mar\u00edn <\/a>asegur\u00f3 este lunes que \u00abmientras\u00bb su rodilla \u00abaguante\u00bb despu\u00e9s de lesionarse de gravedad en los Juegos Ol\u00edmpicos de Par\u00eds, ella va a \u00abseguir\u00bb compitiendo, porque \u00abla recuperaci\u00f3n va muy bien\u00bb y est\u00e1 \u00abescuchando\u00bb su cuerpo para saber si puede dar \u00abun pasito\u00bb m\u00e1s.<\/p>\n<p class=\"c-paragraph\">\u00abLa recuperaci\u00f3n va muy bien. Mientras que la rodilla aguante, intentar\u00e9 seguir. <b>Obviamente soy muy consciente del control de las cargas<\/b>, de c\u00f3mo voy en cada uno de los entrenamientos, cu\u00e1nto tengo que apretar y cu\u00e1ndo debo de parar\u00bb, confes\u00f3 la onubense en los proleg\u00f3menos de los Premios AS del Deporte.<\/p>\n<p class=\"c-paragraph\">La campeona ol\u00edmpica, triple campeona del mundo y Premio Princesa de Asturias de los Deportes 2024 afirm\u00f3 que \u00abtodo en la vida\u00bb se puede superar \u00absi uno se lo propone\u00bb. \u00abEn su momento est\u00e1 claro que uno necesita su tiempo porque a nivel f\u00edsico <b>yo sab\u00eda que lo iba a superar<\/b>, pero a nivel mental todo cuesta un poquito m\u00e1s\u00bb, declar\u00f3.<\/p>\n<p class=\"c-paragraph\">\u00abHa sido dif\u00edcil, me he tomado mi tiempo, lo he necesitado, pero tengo que decir que a d\u00eda de hoy estoy mucho mejor que el a\u00f1o pasado. A d\u00eda de hoy, m\u00e1s que nunca, <b>estoy escuchando a mi cuerpo para saber si puedo dar un pasito<\/b>\u00ab, concluy\u00f3.<\/p>\n","protected":false},"excerpt":{"rendered":"La jugadora espa\u00f1ola de b\u00e1dminton Carolina Mar\u00edn asegur\u00f3 este lunes que \u00abmientras\u00bb su rodilla \u00abaguante\u00bb despu\u00e9s de lesionarse&hellip;\n","protected":false},"author":2,"featured_media":266923,"comment_status":"","ping_status":"","sticky":false,"template":"","format":"standard","meta":{"footnotes":""},"categories":[93],"tags":[14234,168,25,24,8016,689,23,167,5347,63424],"class_list":{"0":"post-266922","1":"post","2":"type-post","3":"status-publish","4":"format-standard","5":"has-post-thumbnail","7":"category-deportes","8":"tag-carolina","9":"tag-deportes","10":"tag-es","11":"tag-espana","12":"tag-marin","13":"tag-no","14":"tag-spain","15":"tag-sports","16":"tag-tira","17":"tag-toalla"},"share_on_mastodon":{"url":"https:\/\/pubeurope.com\/@es\/115649116106233438","error":""},"_links":{"self":[{"href":"https:\/\/www.europesays.com\/es\/wp-json\/wp\/v2\/posts\/266922","targetHints":{"allow":["GET"]}}],"collection":[{"href":"https:\/\/www.europesays.com\/es\/wp-json\/wp\/v2\/posts"}],"about":[{"href":"https:\/\/www.europesays.com\/es\/wp-json\/wp\/v2\/types\/post"}],"author":[{"embeddable":true,"href":"https:\/\/www.europesays.com\/es\/wp-json\/wp\/v2\/users\/2"}],"replies":[{"embeddable":true,"href":"https:\/\/www.europesays.com\/es\/wp-json\/wp\/v2\/comments?post=266922"}],"version-history":[{"count":0,"href":"https:\/\/www.europesays.com\/es\/wp-json\/wp\/v2\/posts\/266922\/revisions"}],"wp:featuredmedia":[{"embeddable":true,"href":"https:\/\/www.europesays.com\/es\/wp-json\/wp\/v2\/media\/266923"}],"wp:attachment":[{"href":"https:\/\/www.europesays.com\/es\/wp-json\/wp\/v2\/media?parent=266922"}],"wp:term":[{"taxonomy":"category","embeddable":true,"href":"https:\/\/www.europesays.com\/es\/wp-json\/wp\/v2\/categories?post=266922"},{"taxonomy":"post_tag","embeddable":true,"href":"https:\/\/www.europesays.com\/es\/wp-json\/wp\/v2\/tags?post=266922"}],"curies":[{"name":"wp","href":"https:\/\/api.w.org\/{rel}","templated":true}]}}