{"id":266928,"date":"2025-12-02T08:52:10","date_gmt":"2025-12-02T08:52:10","guid":{"rendered":"https:\/\/www.europesays.com\/es\/266928\/"},"modified":"2025-12-02T08:52:10","modified_gmt":"2025-12-02T08:52:10","slug":"team-group-advierte-que-la-situacion-de-memoria-empeorara-cuando-los-fabricantes-agoten-su-stock","status":"publish","type":"post","link":"https:\/\/www.europesays.com\/es\/266928\/","title":{"rendered":"Team Group advierte que la situaci\u00f3n de memoria empeorar\u00e1 cuando los fabricantes agoten su stock"},"content":{"rendered":"<p>La industria de la inform\u00e1tica no pasa por su mejor momento, en cuanto a <strong><a href=\"https:\/\/www.geeknetic.es\/Noticia\/35804\/La-produccion-de-Aceleradoras-para-IA-en-China-encuentran-un-nuevo-enemigo-la-escasez-de-memoria-HBM.html\" rel=\"nofollow noopener\" target=\"_blank\">disponibilidad de memoria DRAM y Flash<\/a><\/strong> se refiere. Ya nos han advertido que no parece una situaci\u00f3n que se pueda solucionar en un breve periodo de tiempo, sino <strong><a href=\"https:\/\/www.geeknetic.es\/Noticia\/36103\/El-auge-de-la-IA-pone-en-jaque-al-mercado-de-memorias-flash-posibles-escaseces-hasta-2036-segun-Phison.html\" rel=\"nofollow noopener\" target=\"_blank\">m\u00e1s bien lo contrario<\/a><\/strong>. Una situaci\u00f3n que ha sido <strong>corroborada por expertos en la industria<\/strong> y que ahora tambi\u00e9n nos <a href=\"https:\/\/www.digitimes.com\/news\/a20251201PD209\/2026-memory-dram-demand-nand.html\" target=\"_blank\" rel=\"nofollow noopener\">quieren advertir<\/a> desde <strong>Team Group<\/strong>. Seg\u00fan el director general de la compa\u00f1\u00eda, los precios de la <strong>DRAM han subido<\/strong> en diciembre entre un <strong>80 y un 100 %<\/strong>.<\/p>\n<p>Diciembre deja precios m\u00e1s altos de la DRAM entre un 80 y un 100 %<\/p>\n<p>La situaci\u00f3n <strong>acaba de empezar<\/strong>, y desde Team Group nos cuentan que este es el inicio de una <strong>larga recuperaci\u00f3n de varios a\u00f1os<\/strong>. Tambi\u00e9n advierte que no ha llegado lo peor, esta situaci\u00f3n tendr\u00e1 <strong>mayor impacto<\/strong> durante la <strong>primera mitad del 2026<\/strong> cuando los fabricantes hayan <strong>agotado el stock de memoria<\/strong>. La situaci\u00f3n ya ha dejado ver las primeras respuestas del mercado, con <strong>subidas de precios<\/strong> de dispositivos que incluyen este tipo de componentes (pr\u00e1cticamente todos) y <strong>aumentos en los kits de memoria RAM<\/strong> a precios desorbitados.<\/p>\n<p>La memoria RAM DDR5 para usuarios dom\u00e9sticos est\u00e1 multiplicando su precio<\/p>\n<p>Una situaci\u00f3n (que ya hemos contado) ha sido provocada dado que los fabricantes est\u00e1n <strong>destinando sus recursos a la fabricaci\u00f3n de memoria para servidores y centros de datos<\/strong>. Esto deja de lado la memoria para consumo, haciendo que la demanda se dispare en productos como los <strong>m\u00f3dulos DDR5 y los discos SSD<\/strong> que habitualmente se usan en PCs dom\u00e9sticos. La situaci\u00f3n tambi\u00e9n provocar\u00e1 que los <strong>dispositivos recorten su producci\u00f3n<\/strong>, con una <strong>menor disponibilidad<\/strong> de estos de cara a satisfacer la demanda de los usuarios, otra situaci\u00f3n que tambi\u00e9n provocar\u00e1 aumentos de precio.<\/p>\n<p>Habr\u00e1 menos disponibilidad de producto y m\u00e1s caros<\/p>\n<p>La soluci\u00f3n est\u00e1 en la <strong>construcci\u00f3n de nuevas plantas<\/strong> que puedan satisfacer la demanda actual, tanto a nivel profesional con memorias para servidores y centros de datos, as\u00ed como la <strong>demanda de usuarios dom\u00e9sticos<\/strong> que requieren m\u00f3dulos DDR5 convencionales, discos SSD y tarjetas de memoria para almacenar datos. Una situaci\u00f3n que ha comenzado, pero que <strong>tomar\u00e1 a\u00f1os para poder terminar<\/strong> la construcci\u00f3n de nuevas plantas para aumentar la capacidad de fabricaci\u00f3n de memoria.<\/p>\n<p>Pasar\u00e1n a\u00f1os hasta que acaben la construcci\u00f3n de nuevas plantas para satisfacer la demanda actual y futura<\/p>\n<p>Parece que <strong>Team Group planea ajustar su gama de productos<\/strong> y priorizar a los clientes de Inteligencia Artificial. Tambi\u00e9n opina que habr\u00e1 <strong>algunos sectores espec\u00edficos<\/strong> donde la escasez se <strong>note menos<\/strong>, como pueden ser el equipamiento m\u00e9dico, los ordenadores para defensa, los industriales y <strong>sorprendentemente los equipos para gaming<\/strong>.<\/p>\n<p id=\"finarticulo\">Fin del Art\u00edculo. \u00a1Cu\u00e9ntanos algo en los <a href=\"https:\/\/www.geeknetic.es\/Noticia\/36742\/Javascript: hzscroll(\" comentarios=\"\" class=\"comfinlink\" title=\"Comenta este art\u00edculo\" rel=\"nofollow noopener\" target=\"_blank\">Comentarios<\/a>!<\/p>\n","protected":false},"excerpt":{"rendered":"La industria de la inform\u00e1tica no pasa por su mejor momento, en cuanto a disponibilidad de memoria DRAM&hellip;\n","protected":false},"author":2,"featured_media":266929,"comment_status":"","ping_status":"","sticky":false,"template":"","format":"standard","meta":{"footnotes":""},"categories":[81],"tags":[119,123,124,25,24,117,121,122,23,118,120],"class_list":{"0":"post-266928","1":"post","2":"type-post","3":"status-publish","4":"format-standard","5":"has-post-thumbnail","7":"category-ciencia-y-tecnologia","8":"tag-ciencia","9":"tag-ciencia-y-tecnologia","10":"tag-cienciaytecnologia","11":"tag-es","12":"tag-espana","13":"tag-science","14":"tag-science-and-technology","15":"tag-scienceandtechnology","16":"tag-spain","17":"tag-technology","18":"tag-tecnologia"},"share_on_mastodon":{"url":"https:\/\/pubeurope.com\/@es\/115649129417689215","error":""},"_links":{"self":[{"href":"https:\/\/www.europesays.com\/es\/wp-json\/wp\/v2\/posts\/266928","targetHints":{"allow":["GET"]}}],"collection":[{"href":"https:\/\/www.europesays.com\/es\/wp-json\/wp\/v2\/posts"}],"about":[{"href":"https:\/\/www.europesays.com\/es\/wp-json\/wp\/v2\/types\/post"}],"author":[{"embeddable":true,"href":"https:\/\/www.europesays.com\/es\/wp-json\/wp\/v2\/users\/2"}],"replies":[{"embeddable":true,"href":"https:\/\/www.europesays.com\/es\/wp-json\/wp\/v2\/comments?post=266928"}],"version-history":[{"count":0,"href":"https:\/\/www.europesays.com\/es\/wp-json\/wp\/v2\/posts\/266928\/revisions"}],"wp:featuredmedia":[{"embeddable":true,"href":"https:\/\/www.europesays.com\/es\/wp-json\/wp\/v2\/media\/266929"}],"wp:attachment":[{"href":"https:\/\/www.europesays.com\/es\/wp-json\/wp\/v2\/media?parent=266928"}],"wp:term":[{"taxonomy":"category","embeddable":true,"href":"https:\/\/www.europesays.com\/es\/wp-json\/wp\/v2\/categories?post=266928"},{"taxonomy":"post_tag","embeddable":true,"href":"https:\/\/www.europesays.com\/es\/wp-json\/wp\/v2\/tags?post=266928"}],"curies":[{"name":"wp","href":"https:\/\/api.w.org\/{rel}","templated":true}]}}