{"id":266933,"date":"2025-12-02T08:55:09","date_gmt":"2025-12-02T08:55:09","guid":{"rendered":"https:\/\/www.europesays.com\/es\/266933\/"},"modified":"2025-12-02T08:55:09","modified_gmt":"2025-12-02T08:55:09","slug":"ultima-hora-de-la-actualidad-politica-en-directo-sanchez-busca-remendar-su-relacion-con-junts-con-un-decreto-ley-que-incluye-medidas-comprometidas-con-ellos-espana","status":"publish","type":"post","link":"https:\/\/www.europesays.com\/es\/266933\/","title":{"rendered":"\u00daltima hora de la actualidad pol\u00edtica, en directo | S\u00e1nchez busca remendar su relaci\u00f3n con Junts con un decreto ley que incluye medidas comprometidas con ellos | Espa\u00f1a"},"content":{"rendered":"<p class=\"ev-title\">Sanchez anuncia un paquete de medidas exigidas por Junts para recomponer la relaci\u00f3n<\/p>\n<p>El presidente del Gobierno, Pedro S\u00e1nchez, ha indicado en una entrevista en Rac-1 que asume \u201clos incumplimientos y los retrasos\u201d en las medidas pactadas con\u00a0Junts\u00a0para la investidura de 2023 que, indica, \u201csupuso una gran oportunidad\u201d: \u201cNo solamente fue un acuerdo de investidura, a mi juicio, sino tambi\u00e9n un acuerdo de a\u00f1os de trabajo, de di\u00e1logo, de negociaci\u00f3n y de un potencial acuerdo para resolver un conflicto pol\u00edtico que viene\u00a0de largo\u201d, ha apuntado S\u00e1nchez, que ha anunciado que este martes, el Consejo de Ministros aprobar\u00e1 \u201cun decreto con algunos de los acuerdos que hab\u00edamos asumido con\u00a0Junts\u00a0per Catalunya\u201d.\u00a0<\/p>\n<p>\u201cEn primer lugar, facilitar y flexibilizar a los entes locales y tambi\u00e9n los ayuntamientos las inversiones financieramente sostenibles\u201d, ha detallado S\u00e1nchez. \u201cPara facilitar el cumplimiento de las obligaciones fiscales a las empresas, vamos a ampliar el plazo para impulsar y promover, dentro de las empresas, la digitalizaci\u00f3n de los procesos de facturaci\u00f3n\u201d, ha a\u00f1adido.\u00a0<\/p>\n<p>Adem\u00e1s, ha a\u00f1adido el jefe del Ejecutivo, en los pr\u00f3ximos Consejos de Ministros se aprobar\u00e1n partidas para \u201cayudar a los propietarios ante los impagos en caso de arrendamiento a j\u00f3venes o a familias vulnerables\u201d.\u00a0\u201c\u00bfOkupaciones?\u201d, ha preguntado el conductor del programa, Jordi Bast\u00e9, a lo que S\u00e1nchez ha respondido que se trata de \u201cuna preocupaci\u00f3n\u201d para la que se est\u00e1 \u201cavanzando mucho y muy bien\u201d, ya que se trata de un asunto que est\u00e1 en tramitaci\u00f3n parlamentaria: \u201cEstamos en la buena senda, en el buen camino, precisamente para poder llegar a un acuerdo con los distintos grupos parlamentarios\u201d, ha apuntado.\u00a0<\/p>\n","protected":false},"excerpt":{"rendered":"Sanchez anuncia un paquete de medidas exigidas por Junts para recomponer la relaci\u00f3n El presidente del Gobierno, Pedro&hellip;\n","protected":false},"author":2,"featured_media":266934,"comment_status":"","ping_status":"","sticky":false,"template":"","format":"standard","meta":{"footnotes":""},"categories":[8],"tags":[17,18,25,24,13,14,582,11,3837,19,20,9,10,15,16,2959,952,956,1699,65979,23,12,21,22],"class_list":{"0":"post-266933","1":"post","2":"type-post","3":"status-publish","4":"format-standard","5":"has-post-thumbnail","7":"category-espana","8":"tag-breaking-news","9":"tag-breakingnews","10":"tag-es","11":"tag-espana","12":"tag-featured-news","13":"tag-featurednews","14":"tag-gobierno","15":"tag-headlines","16":"tag-juntsxcat","17":"tag-latest-news","18":"tag-latestnews","19":"tag-news","20":"tag-noticias","21":"tag-noticias-destacadas","22":"tag-noticiasdestacadas","23":"tag-pedro-sanchez","24":"tag-politica","25":"tag-pp","26":"tag-psoe","27":"tag-rac-1","28":"tag-spain","29":"tag-titulares","30":"tag-ultimas-noticias","31":"tag-ultimasnoticias"},"share_on_mastodon":{"url":"https:\/\/pubeurope.com\/@es\/115649139655473075","error":""},"_links":{"self":[{"href":"https:\/\/www.europesays.com\/es\/wp-json\/wp\/v2\/posts\/266933","targetHints":{"allow":["GET"]}}],"collection":[{"href":"https:\/\/www.europesays.com\/es\/wp-json\/wp\/v2\/posts"}],"about":[{"href":"https:\/\/www.europesays.com\/es\/wp-json\/wp\/v2\/types\/post"}],"author":[{"embeddable":true,"href":"https:\/\/www.europesays.com\/es\/wp-json\/wp\/v2\/users\/2"}],"replies":[{"embeddable":true,"href":"https:\/\/www.europesays.com\/es\/wp-json\/wp\/v2\/comments?post=266933"}],"version-history":[{"count":0,"href":"https:\/\/www.europesays.com\/es\/wp-json\/wp\/v2\/posts\/266933\/revisions"}],"wp:featuredmedia":[{"embeddable":true,"href":"https:\/\/www.europesays.com\/es\/wp-json\/wp\/v2\/media\/266934"}],"wp:attachment":[{"href":"https:\/\/www.europesays.com\/es\/wp-json\/wp\/v2\/media?parent=266933"}],"wp:term":[{"taxonomy":"category","embeddable":true,"href":"https:\/\/www.europesays.com\/es\/wp-json\/wp\/v2\/categories?post=266933"},{"taxonomy":"post_tag","embeddable":true,"href":"https:\/\/www.europesays.com\/es\/wp-json\/wp\/v2\/tags?post=266933"}],"curies":[{"name":"wp","href":"https:\/\/api.w.org\/{rel}","templated":true}]}}