{"id":266935,"date":"2025-12-02T08:56:13","date_gmt":"2025-12-02T08:56:13","guid":{"rendered":"https:\/\/www.europesays.com\/es\/266935\/"},"modified":"2025-12-02T08:56:13","modified_gmt":"2025-12-02T08:56:13","slug":"la-isla-de-las-tentaciones-9-dejo-atonita-a-barneda-con-el-embarazo-de-mayeli-y-su-decision-final-que-locura-es-esta","status":"publish","type":"post","link":"https:\/\/www.europesays.com\/es\/266935\/","title":{"rendered":"&#8216;La isla de las tentaciones 9&#8217; dej\u00f3 at\u00f3nita a Barneda con el embarazo de Mayeli y su decisi\u00f3n final: \u00ab\u00bfQu\u00e9 locura es esta?\u00bb"},"content":{"rendered":"<p class=\"article-text\">\n        Un a\u00f1o m\u00e1s, <strong>La isla de las tentaciones<\/strong> lo ha vuelto a hacer y ha vuelto a sorprender a una audiencia que cada a\u00f1o cree haberlo visto todo, pero siempre acaba descubriendo algo que supera a lo anterior. En esta novena edici\u00f3n ha sido <strong>el embarazo secreto de una de las parejas. <\/strong>\n    <\/p>\n<p>    <a href=\"https:\/\/www.eldiario.es\/vertele\/noticias\/madre-gilbert-rompio-claudia-debate-tentaciones-razon-distanciaron_1_12809524.html\" data-mrf-recirculation=\"saber-mas\" data-dl-event=\"saber-mas\" rel=\"nofollow noopener\" target=\"_blank\"><\/p>\n<p class=\"know-more__title\">La madre de Gilbert \u00abrompi\u00f3\u00bb a Claudia en &#8216;El Debate de las Tentaciones&#8217; con la raz\u00f3n por la que se distanciaron<\/p>\n<p>            <img decoding=\"async\" class=\"lazy\" loading=\"lazy\" data-src=\"https:\/\/static.eldiario.es\/clip\/9c7afe64-c667-4ad9-b60a-d06832439abf_16-9-aspect-ratio_default_0.jpg\" src=\"data:image\/svg+xml,%3Csvg xmlns=\" http:=\"\" viewbox=\"0 0 880 495\" alt=\"La madre de Gilbert &quot;rompi\u00f3&quot; a Claudia en 'El Debate de las Tentaciones' con la raz\u00f3n por la que se distanciaron\"\/><\/p>\n<p>                        <\/a><\/p>\n<p class=\"article-text\">\n        Algo que se destap\u00f3 en la hoguera de las consecuencias a la que acudieron <strong>Mayeli <\/strong>&#8211; tras haber sido <a href=\"https:\/\/www.eldiario.es\/vertele\/noticias\/isla-tentaciones-9-expulso-novia-acto-violencia-dio-vuelco-historia-gilbert-claudia_1_12800250.html\" target=\"_blank\" data-mrf-recirculation=\"links-noticia\" class=\"link\" rel=\"nofollow noopener\">expulsada por su agresividad<\/a> frente a un soltero- y <strong>\u00c1lvaro<\/strong> por extensi\u00f3n.\n    <\/p>\n<p class=\"article-text\">\n        La primera en llegar y sentarse frente a<strong> Sandra Barneda <\/strong>fue la novia que se mostr\u00f3 arrepentida de su comportamiento: \u201cEl a\u00f1o pasado esto me dio lo mejor al conocer a \u00c1lvaro, pero<strong> ahora puede que me lo haya quitado todo por mis inseguridades, mi impulsividad, mi mala educaci\u00f3n&#8230; <\/strong>creo que lo he destrozado, le he hecho mucho da\u00f1o con todo lo que he dicho\u201d.\n    <\/p>\n<blockquote class=\"twitter-tweet\" data-lang=\"es\"><p><a href=\"https:\/\/twitter.com\/X\/status\/1995603808198819872?ref_src=twsrc%5Etfw\" rel=\"nofollow noopener\" target=\"_blank\"><\/p><\/blockquote>\n<p class=\"article-text\">\n        Minutos despu\u00e9s lleg\u00f3 \u00e9l sin conocer las razones de la hoguera. La presentadora le explic\u00f3 la actitud de su novia y le pidi\u00f3 la opini\u00f3n por haber acabado su experiencia, a causa del comportamiento de ella: \u201cNo me lo estaba pasando bien, llevo llorando cada d\u00eda. <strong>Me molesta ver esta Mayeli, pero se me estaba haciendo muy cuesta arriba esto.<\/strong> Creo que ninguno hemos podido hacer ese ejercicio de confianza\u201d.\n    <\/p>\n<p class=\"article-text\">\n        Pero el arrepentimiento de la joven, pronto se reconvirti\u00f3 en ira al ver las im\u00e1genes de su novio con \u00c9rika: \u201c<strong>Eres un puto cerdo, un guarro asqueroso.<\/strong> Y un puto mentiroso porque me dijiste que no te gustaba y eso no lo hab\u00eda visto\u201d. \u00c1lvaro se disculp\u00f3, intent\u00f3 frenarla\u00b4y hacerle ver que no era para tanto: \u201c<strong>No me lo merezco, me he comportado de diez, lo digo de coraz\u00f3n\u201d<\/strong>.\n    <\/p>\n<blockquote class=\"twitter-tweet\" data-lang=\"es\"><p><a href=\"https:\/\/twitter.com\/X\/status\/1995610556938813581?ref_src=twsrc%5Etfw\" rel=\"nofollow noopener\" target=\"_blank\"><\/p><\/blockquote>\n<p class=\"article-text\">\n        Sin embargo, ella no entr\u00f3 en raz\u00f3n, hasta que \u00c1lvaro se levant\u00f3 y fue sincero con Barneda: \u201c<strong>Estoy completamente enamorado de Mayeli y hay un motivo por el que no he disfrutado de esta experiencia y es que vamos a ser padres\u201d.<\/strong> Lejos de ser un momento emotivo, la respuesta de la futura madre fue la siguiente: \u201cNo te corresponde a ti decir esto, gilipollas. Es mi cuerpo y si quiero lo digo. Sandra s\u00ed, estoy embarazada, \u00bfqu\u00e9 hago?\u201d.\n    <\/p>\n<p class=\"article-text\">\n        La presentadora no cab\u00eda en su asombro ante tal confesi\u00f3n y actitud de ambos: \u201cNo entiendo nada, hab\u00e9is ocultado un embarazo, <strong>\u00bfqu\u00e9 locura es esta?, \u00bfentend\u00e9is los riesgos?, \u00bfla posici\u00f3n que nos hab\u00e9is colocado? , \u00bfc\u00f3mo se os ocurre venir embarazados, qu\u00e9 pretend\u00edais?<\/strong>\u201d.\n    <\/p>\n<blockquote class=\"twitter-tweet\" data-lang=\"es\"><p><a href=\"https:\/\/twitter.com\/X\/status\/1995613379524976650?ref_src=twsrc%5Etfw\" rel=\"nofollow noopener\" target=\"_blank\"><\/p><\/blockquote>\n<p class=\"article-text\">\n        \u00c9l intent\u00f3 defenderse: \u201cYo s\u00e9 que no tendr\u00edamos que haber venido. Yo no necesitaba esto para saber que quer\u00eda estar con ella. \u00bfPor qu\u00e9 ocultar algo que para nosotros es maravilloso?\u201d, y Mayeli sentenci\u00f3: <strong>\u201cPorque ya no quiero estar contigo\u201d.<\/strong>\n    <\/p>\n<p class=\"article-text\">\n        \u00c1lvaro corri\u00f3 a la orilla de la playa desesperado y llorando. Mientras<strong> Mayeli decid\u00eda marcharse sola.<\/strong> \u00c9l volvi\u00f3 y respondi\u00f3 a Barneda que quer\u00eda marcharse solo, pero se fue corriendo detr\u00e1s de ella, que le neg\u00f3 un abrazo.\n    <\/p>\n<p>    Hoguera de los chicos con el asombro de Dar\u00edo y la rabia de Rodri<\/p>\n<p class=\"article-text\">\n        Tras uno de los momentos m\u00e1s delirantes de la historia de La isla de las tentaciones, lleg\u00f3 otra hoguera de los chicos en la que <strong>Juanpi fue el primero <\/strong>en ver a su novia totalmente entregada al tentador: \u201cSi yo no hubiera visto que ella lo hace, no lo hubiera hecho, pero he entrado a su juego\u201d, lamentaba el novio sobre lo que \u00e9l mismo hac\u00eda en la villa.\n    <\/p>\n<blockquote class=\"twitter-tweet\" data-lang=\"es\"><p><a href=\"https:\/\/twitter.com\/X\/status\/1995626104821068283?ref_src=twsrc%5Etfw\" rel=\"nofollow noopener\" target=\"_blank\"><\/p><\/blockquote>\n<p class=\"article-text\">\n        <strong>Gilbert no tuvo im\u00e1genes de Claudia<\/strong>, algo que vio como una se\u00f1al de que se \u201cest\u00e1 portando bien\u201d porque se arrepinti\u00f3 tras la hoguera que ambos vivieron.\n    <\/p>\n<p class=\"article-text\">\n        <strong>Dar\u00edo fue el que m\u00e1s alucin\u00f3<\/strong> con el comportamiento de Almudena y su tentador: \u201cVeo calentura y que le gusta el chaval, pensaba verla destrozada, es que si veo un beso se me ir\u00eda el pistacho. Se me revuelven las tripas. S\u00e9 que he estado pr\u00e1cticamente igual con Cristina, pero verlo es distinto\u201d, asegur\u00f3.\n    <\/p>\n<p>    <a href=\"https:\/\/www.eldiario.es\/vertele\/noticias\/alba-flores-confeso-atraccion-henar-alvarez-cielo-nerviosa-crush_1_12809523.html\" data-mrf-recirculation=\"saber-mas-abajo\" data-dl-event=\"saber-mas-abajo\" rel=\"nofollow noopener\" target=\"_blank\"><\/p>\n<p class=\"know-more__title\">Alba Flores confes\u00f3 su atracci\u00f3n por Henar \u00c1lvarez en &#8216;Al cielo con ella&#8217;: \u201cEstoy muy nerviosa porque eres mi crush\u201d<\/p>\n<p>            <img decoding=\"async\" class=\"lazy\" loading=\"lazy\" data-src=\"https:\/\/static.eldiario.es\/clip\/e97d6287-0c05-4439-a722-8b95658bedcc_16-9-aspect-ratio_default_0.jpg\" src=\"data:image\/svg+xml,%3Csvg xmlns=\" http:=\"\" viewbox=\"0 0 880 495\" alt=\"Alba Flores confes\u00f3 su atracci\u00f3n por Henar \u00c1lvarez en 'Al cielo con ella': &quot;Estoy muy nerviosa porque eres mi crush&quot;\"\/><\/p>\n<p>                        <\/a><\/p>\n<blockquote class=\"twitter-tweet\" data-lang=\"es\"><p><a href=\"https:\/\/twitter.com\/X\/status\/1995637718873948417?ref_src=twsrc%5Etfw\" rel=\"nofollow noopener\" target=\"_blank\"><\/p><\/blockquote>\n<p class=\"article-text\">\n        Para acabar con <strong>Rodri que intu\u00eda que iba a ver a Helena bes\u00e1ndose con Barranco<\/strong>, pero deseaba que no ocurriera: \u201cMe he frenado un poco con Olatz porque me siento mal, porque Helena es la mujer a la que amo\u201d. Sin embargo, las im\u00e1genes le mostraron sus peores presagios: Helena bes\u00f3 a Barranco. Y ah\u00ed se qued\u00f3 la entrega.\n    <\/p>\n<p>                                    <script async src=\"https:\/\/platform.twitter.com\/widgets.js\" charset=\"utf-8\"><\/script><\/p>\n","protected":false},"excerpt":{"rendered":"Un a\u00f1o m\u00e1s, La isla de las tentaciones lo ha vuelto a hacer y ha vuelto a sorprender&hellip;\n","protected":false},"author":2,"featured_media":266936,"comment_status":"","ping_status":"","sticky":false,"template":"","format":"standard","meta":{"footnotes":""},"categories":[5],"tags":[5588,65980,7280,17,18,2347,8600,929,25,24,13,14,1058,11,3643,19,20,1491,65881,9,10,15,16,23,4473,12,21,22],"class_list":{"0":"post-266935","1":"post","2":"type-post","3":"status-publish","4":"format-standard","5":"has-post-thumbnail","7":"category-titulares","8":"tag-5588","9":"tag-atonita","10":"tag-barneda","11":"tag-breaking-news","12":"tag-breakingnews","13":"tag-decision","14":"tag-dejo","15":"tag-embarazo","16":"tag-es","17":"tag-espana","18":"tag-featured-news","19":"tag-featurednews","20":"tag-final","21":"tag-headlines","22":"tag-isla","23":"tag-latest-news","24":"tag-latestnews","25":"tag-locura","26":"tag-mayeli","27":"tag-news","28":"tag-noticias","29":"tag-noticias-destacadas","30":"tag-noticiasdestacadas","31":"tag-spain","32":"tag-tentaciones","33":"tag-titulares","34":"tag-ultimas-noticias","35":"tag-ultimasnoticias"},"share_on_mastodon":{"url":"https:\/\/pubeurope.com\/@es\/115649143283627900","error":""},"_links":{"self":[{"href":"https:\/\/www.europesays.com\/es\/wp-json\/wp\/v2\/posts\/266935","targetHints":{"allow":["GET"]}}],"collection":[{"href":"https:\/\/www.europesays.com\/es\/wp-json\/wp\/v2\/posts"}],"about":[{"href":"https:\/\/www.europesays.com\/es\/wp-json\/wp\/v2\/types\/post"}],"author":[{"embeddable":true,"href":"https:\/\/www.europesays.com\/es\/wp-json\/wp\/v2\/users\/2"}],"replies":[{"embeddable":true,"href":"https:\/\/www.europesays.com\/es\/wp-json\/wp\/v2\/comments?post=266935"}],"version-history":[{"count":0,"href":"https:\/\/www.europesays.com\/es\/wp-json\/wp\/v2\/posts\/266935\/revisions"}],"wp:featuredmedia":[{"embeddable":true,"href":"https:\/\/www.europesays.com\/es\/wp-json\/wp\/v2\/media\/266936"}],"wp:attachment":[{"href":"https:\/\/www.europesays.com\/es\/wp-json\/wp\/v2\/media?parent=266935"}],"wp:term":[{"taxonomy":"category","embeddable":true,"href":"https:\/\/www.europesays.com\/es\/wp-json\/wp\/v2\/categories?post=266935"},{"taxonomy":"post_tag","embeddable":true,"href":"https:\/\/www.europesays.com\/es\/wp-json\/wp\/v2\/tags?post=266935"}],"curies":[{"name":"wp","href":"https:\/\/api.w.org\/{rel}","templated":true}]}}