{"id":266943,"date":"2025-12-02T09:05:12","date_gmt":"2025-12-02T09:05:12","guid":{"rendered":"https:\/\/www.europesays.com\/es\/266943\/"},"modified":"2025-12-02T09:05:12","modified_gmt":"2025-12-02T09:05:12","slug":"chase-stadium-despedida-a-lo-grande","status":"publish","type":"post","link":"https:\/\/www.europesays.com\/es\/266943\/","title":{"rendered":"Chase Stadium, despedida a lo grande"},"content":{"rendered":"<p class=\"\">Despu\u00e9s de haber sido inaugurado en 2020, con <b>la llegada de Inter Miami a la Major League Soccer<\/b>, <b>Chase Stadium tendr\u00e1 una despedida a lo grande en la liga norteamericana<\/b>. <b>La casa de \u2018Las Garzas\u2019 albergar\u00e1<\/b> la <a href=\"https:\/\/www.mlssoccer.com\/playoffs\/2025\/news\/mls-cup-2025-is-set-inter-miami-vs-vancouver-whitecaps\" target=\"_blank\" rel=\"noreferrer nofollow noopener\" title=\"https:\/\/www.mlssoccer.com\/playoffs\/2025\/news\/mls-cup-2025-is-set-inter-miami-vs-vancouver-whitecaps\">Final de la MLS Cup 2025<\/a>, en la que <a href=\"https:\/\/as.com\/us\/futbol\/inter-miami-vancouver-whitecaps-fecha-y-horario-en-la-final-de-la-mls-cup-2025-f202511-n\/\" target=\"_blank\" rel=\"noreferrer nofollow noopener\" title=\"https:\/\/as.com\/us\/futbol\/inter-miami-vancouver-whitecaps-fecha-y-horario-en-la-final-de-la-mls-cup-2025-f202511-n\/\">la franquicia del sur de la Florida se medir\u00e1 a Vancouver Whitecaps<\/a>, pero luego de esto no volver\u00e1 a tener al primer equipo rosado. <\/p>\n<p class=\"\">En la temporada del 2026, <a href=\"https:\/\/as.com\/us\/futbol\/inter-miami-revela-fecha-de-inauguracion-del-miami-freedom-park-y-su-calendario-de-mls-2026-f202511-n\/\" target=\"_blank\" rel=\"noreferrer nofollow noopener\" title=\"https:\/\/as.com\/us\/futbol\/inter-miami-revela-fecha-de-inauguracion-del-miami-freedom-park-y-su-calendario-de-mls-2026-f202511-n\/\">Inter Miami tendr\u00e1 la apertura del Miami Freedom Park y ese inmueble se convertir\u00e1 en su nuevo hogar a partir del 4 de abril, cuando jueguen contra Austin FC<\/a>. <b>Para concluir su etapa en Fort Lauderdale, Florida (\u00e1rea metropolitana de Miami), \u2018Las Garzas\u2019 tienen la oportunidad de conseguir el primer gran t\u00edtulo de su historia en la MLS<\/b>.<\/p>\n<p class=\"\">El escenario ideal es el de levantar el t\u00edtulo de la principal competici\u00f3n en Norteam\u00e9rica, ya que <a href=\"https:\/\/as.com\/us\/futbol\/messi-y-muller-se-citan-en-la-final-de-la-mls-cup-2025-f202511-n\/\" target=\"_blank\" rel=\"noreferrer nofollow noopener\" title=\"https:\/\/as.com\/us\/futbol\/messi-y-muller-se-citan-en-la-final-de-la-mls-cup-2025-f202511-n\/\">tienen a Lionel Messi de su lado, pero enfrente tendr\u00e1n a un contrincante que este a\u00f1o ya los elimin\u00f3 de la Concacaf Champions Cup y que adem\u00e1s sum\u00f3 a sus filas a un futbolista como Thomas M\u00fcller<\/a>. <b>Independientemente de lo que suceda, Chase Stadium vivir\u00e1 una despedida por todo lo alto con un nuevo cara a cara entre Messi y M\u00fcller<\/b>.<\/p>\n<p class=\"\">Evidentemente, <b>Inter Miami no terminar\u00e1 con su historia en Fort Lauderdale, pues en el mismo complejo tienen la casa club y el centro de entrenamiento<\/b>. El Florida Blue Training Center y Chase Stadium servir\u00e1n como la casa de su academia, as\u00ed como de Inter Miami II, equipo de la MLS Next Pro. Con capacidad aproximada para 21, 550 espectadores, el escenario ubicado en donde antes estuvo Lockhart Stadium podr\u00e1 sumar nuevas historias.<\/p>\n<p><a href=\"https:\/\/as.com\/resultados\/ficha\/equipo\/inter_miami_cf\/5211\/\" rel=\"nofollow noopener\" target=\"_blank\"><img decoding=\"async\" src=\"https:\/\/www.europesays.com\/es\/wp-content\/uploads\/2025\/12\/5211.png\" alt=\"Chase Stadium, despedida a lo grande\" height=\"80\" width=\"80\"  loading=\"lazy\" data-error-image=\"https:\/\/static.as.com\/dist\/resources\/images\/placeholder-team.png\"\/><\/a><a href=\"https:\/\/as.com\/resultados\/ficha\/equipo\/vancouver_whitecaps\/4266\/\" rel=\"nofollow noopener\" target=\"_blank\"><img decoding=\"async\" src=\"https:\/\/www.europesays.com\/es\/wp-content\/uploads\/2025\/12\/4266.png\" alt=\"Chase Stadium, despedida a lo grande\" height=\"80\" width=\"80\"  loading=\"lazy\" data-error-image=\"https:\/\/static.as.com\/dist\/resources\/images\/placeholder-team.png\"\/><\/a>Inter Miami va por el t\u00edtulo en casa<\/p>\n<p class=\"\">Tras conquistar la Leagues Cup 2023, conseguir la Supporters\u2019 Shield 2024 y ganar la Final de la Conferencia Este en la campa\u00f1a actual, ahora es momento de que Inter Miami vaya por el t\u00edtulo m\u00e1s importante de su historia.<b> La Final de la MLS Cup 2025 representa un escenario poderoso, ya que es la primera vez que alcanzan el \u00faltimo partido de una temporada desde su llegada a la liga norteamericana<\/b>.<\/p>\n<p>Noticias relacionadas<a href=\"https:\/\/as.com\/us\/futbol\/muller-sobre-la-final-contra-el-inter-miami-de-messi-deseaba-este-partido-f202511-n\/\" class=\"s_m_w\" title=\"Thomas M\u00fcller declar\u00f3 para los micr\u00f3fonos de Apple TV. Vancouver Whitecaps sue\u00f1a con coronarse frente a \u2018Las Garzas\u2019 de Messi en el Chase Stadium.\" data-tb-link=\"\" rel=\"nofollow noopener\" target=\"_blank\"><img decoding=\"async\" src=\"https:\/\/www.europesays.com\/es\/wp-content\/uploads\/2025\/12\/THCP4DZ67JJMTGQTPDIXTXZJSA.jpg\" alt=\"M\u00fcller sobre la final contra el Inter Miami de Messi: \u201cDeseaba este partido\u201d\" class=\"\" height=\"9\" width=\"16\"   loading=\"lazy\" data-tb-thumbnail=\"\"\/><\/a><a href=\"https:\/\/as.com\/us\/futbol\/messi-y-muller-se-citan-en-la-final-de-la-mls-cup-2025-f202511-n\/\" class=\"s_m_w\" title=\"Inter Miami y Vancouver Whitecaps definir\u00e1n al campe\u00f3n de la MLS Cup 2025 en Chase Stadium. Lionel Messi y Thomas M\u00fcller se reencuentran en Norteam\u00e9rica. \" data-tb-link=\"\" rel=\"nofollow noopener\" target=\"_blank\"><img decoding=\"async\" src=\"https:\/\/www.europesays.com\/es\/wp-content\/uploads\/2025\/12\/E4OABANUKBHV3EJSQPU4JDAI2M.jpg\" alt=\"Messi y M\u00fcller se citan en la Final de la MLS\" class=\"\" height=\"9\" width=\"16\"   loading=\"lazy\" data-tb-thumbnail=\"\"\/><\/a><\/p>\n<p class=\"\"><b>Chase Stadium deber\u00e1 convertirse en una fortaleza para \u2018Las Garzas\u2019 de Messi y Mascherano, pues Vancouver Whitecaps, de la mano de M\u00fcller y Jesper S\u00f8rensen, promete complicar ampliamente este partido<\/b>. Inter Miami cambiar\u00e1 oficialmente de casa a partir de abril de 2026, pero en Fort Lauderdale quieren un \u2018\u00faltimo baile\u2019 inolvidable dentro de la MLS.<\/p>\n<p class=\"\"><b>\u00a1Tus opiniones importan!<\/b> Comenta en los art\u00edculos y suscr\u00edbete gratis a nuestra <a href=\"https:\/\/asfan.as.com\/newsletters\/\" target=\"_blank\" rel=\"nofollow noopener\" title=\"https:\/\/asfan.as.com\/newsletters\/\">newsletter<\/a> y a las alertas informativas en la <a href=\"https:\/\/as.com\/aplicacion-de-as-n\/\" target=\"_blank\" rel=\"nofollow noopener\" title=\"https:\/\/as.com\/aplicacion-de-as-n\/\">App<\/a> o el canal de <a href=\"https:\/\/www.whatsapp.com\/channel\/0029VaAasdA7j6g745nz9M10\" target=\"_blank\" rel=\"nofollow noopener\" title=\"https:\/\/www.whatsapp.com\/channel\/0029VaAasdA7j6g745nz9M10\">WhatsApp<\/a>. \u00bfBuscas licenciar contenido? Haz clic <a href=\"https:\/\/profesional.elpais.com\/soluciones-sindicacion?utm_medium=interno&amp;utm_source=crosslinking&amp;utm_campaign=sindicacion_as_pie_articulos\" target=\"_blank\" rel=\"nofollow noopener\" title=\"https:\/\/profesional.elpais.com\/soluciones-sindicacion?utm_medium=interno&amp;utm_source=crosslinking&amp;utm_campaign=sindicacion_as_pie_articulos\">aqu\u00ed<\/a><\/p>\n","protected":false},"excerpt":{"rendered":"Despu\u00e9s de haber sido inaugurado en 2020, con la llegada de Inter Miami a la Major League Soccer,&hellip;\n","protected":false},"author":2,"featured_media":266944,"comment_status":"","ping_status":"","sticky":false,"template":"","format":"standard","meta":{"footnotes":""},"categories":[268],"tags":[168,25,24,280,282,281,23,167],"class_list":{"0":"post-266943","1":"post","2":"type-post","3":"status-publish","4":"format-standard","5":"has-post-thumbnail","7":"category-futbol","8":"tag-deportes","9":"tag-es","10":"tag-espana","11":"tag-football","12":"tag-futbol","13":"tag-soccer","14":"tag-spain","15":"tag-sports"},"share_on_mastodon":{"url":"https:\/\/pubeurope.com\/@es\/115649179295595900","error":""},"_links":{"self":[{"href":"https:\/\/www.europesays.com\/es\/wp-json\/wp\/v2\/posts\/266943","targetHints":{"allow":["GET"]}}],"collection":[{"href":"https:\/\/www.europesays.com\/es\/wp-json\/wp\/v2\/posts"}],"about":[{"href":"https:\/\/www.europesays.com\/es\/wp-json\/wp\/v2\/types\/post"}],"author":[{"embeddable":true,"href":"https:\/\/www.europesays.com\/es\/wp-json\/wp\/v2\/users\/2"}],"replies":[{"embeddable":true,"href":"https:\/\/www.europesays.com\/es\/wp-json\/wp\/v2\/comments?post=266943"}],"version-history":[{"count":0,"href":"https:\/\/www.europesays.com\/es\/wp-json\/wp\/v2\/posts\/266943\/revisions"}],"wp:featuredmedia":[{"embeddable":true,"href":"https:\/\/www.europesays.com\/es\/wp-json\/wp\/v2\/media\/266944"}],"wp:attachment":[{"href":"https:\/\/www.europesays.com\/es\/wp-json\/wp\/v2\/media?parent=266943"}],"wp:term":[{"taxonomy":"category","embeddable":true,"href":"https:\/\/www.europesays.com\/es\/wp-json\/wp\/v2\/categories?post=266943"},{"taxonomy":"post_tag","embeddable":true,"href":"https:\/\/www.europesays.com\/es\/wp-json\/wp\/v2\/tags?post=266943"}],"curies":[{"name":"wp","href":"https:\/\/api.w.org\/{rel}","templated":true}]}}