{"id":266947,"date":"2025-12-02T09:07:26","date_gmt":"2025-12-02T09:07:26","guid":{"rendered":"https:\/\/www.europesays.com\/es\/266947\/"},"modified":"2025-12-02T09:07:26","modified_gmt":"2025-12-02T09:07:26","slug":"el-mundo-se-esta-construyendo-sin-arquitectos","status":"publish","type":"post","link":"https:\/\/www.europesays.com\/es\/266947\/","title":{"rendered":"El mundo se est\u00e1 construyendo, sin arquitectos"},"content":{"rendered":"<p data-gtm-element-container=\"modulo-texto-link\" class=\"paragraph\">Vivimos un tiempo de cambios profundos en el orden socioecon\u00f3mico del mundo. Todo parece moverse; las fronteras, los mercados, las personas, las instituciones\u2026 provocando una sensaci\u00f3n de inestabilidad, pues nadie sabe a ciencia cierta hacia d\u00f3nde se desplaza todo y cu\u00e1l es el modelo o el nuevo equilibrio al que nos encaminamos.<\/p>\n<p data-gtm-element-container=\"modulo-texto-link\" class=\"paragraph\">Nos movemos hacia alg\u00fan lugar que no hemos decidido y que resultar\u00e1 del choque entre los distintos empe\u00f1os e intereses, de todos los que hoy consiguen hacerse o\u00edr en el concierto global. Parece como si un orden pol\u00edtico nuevo estuviera dibuj\u00e1ndose a palos, sin el concierto de la pol\u00edtica.<\/p>\n<p data-gtm-element-container=\"modulo-texto-link\" class=\"paragraph\">El siglo XX ya vivi\u00f3 grandes des\u00f3rdenes, pero mas bien derivaron de una confrontaci\u00f3n entre visiones opuestas sobre el mundo y de c\u00f3mo gobernarlo. Ahora parece como si la gran diversidad de l\u00f3gicas en liza y la resonancia entre tantas voces hablando a la vez, haya empa\u00f1ado el di\u00e1logo y la posibilidad de establecer corrientes de pensamiento suficientemente refrendadas. Todo se regatea en corto y aunque da la sensaci\u00f3n de que \u201cla nave va\u201d, nadie sabe muy bien hacia d\u00f3nde.<\/p>\n<p data-gtm-element-container=\"modulo-texto-link\" class=\"paragraph\">Como una consecuencia de esto, lo mismo ocurre hoy con la arquitectura y la construcci\u00f3n f\u00edsica sobre el territorio, que es en gran medida el sistema operativo del mundo. Nuestro entorno construido es como una maqueta de la sociedad, una representaci\u00f3n f\u00edsica de su dimensi\u00f3n cultural, econ\u00f3mica y pol\u00edtica. As\u00ed pues, tiene sentido analizar la maqueta para comprender algo de la civilizaci\u00f3n que representa.<\/p>\n<p>\/La realidad es que el planeta se est\u00e1 urbanizando a marchas forzadas y no somos conscientes de ello<\/p>\n<p data-gtm-element-container=\"modulo-texto-link\" class=\"paragraph\">El planeta se est\u00e1 construyendo a una velocidad y extensi\u00f3n inimaginables en \u00e9pocas pasadas. Emergen por todas partes trazas y construcciones que no siguen ning\u00fan patr\u00f3n, ni corresponden a proyecto alguno que no sea el puro prop\u00f3sito que los impulsa. Quiz\u00e1s desde Europa no seamos plenamente conscientes de la magnitud del fen\u00f3meno, porque su foco no est\u00e1 en Occidente.<\/p>\n<p data-gtm-element-container=\"modulo-texto-link\" class=\"paragraph\">No podemos descartar que toda esa conglomeraci\u00f3n, que ese sarpullido inacabable responda finalmente a alguna l\u00f3gica cuya escala se nos escapa. Tampoco digo que ese sea un fen\u00f3meno esencialmente negativo, ya que responde a demandas reales de los ciudadanos en muchos pa\u00edses y en la mayor\u00eda de casos, implica inversiones directas para las econom\u00edas locales. Pero lo cierto es que se trata de un impulso global que no sigue ning\u00fan modelo conocido y sin l\u00f3gica alguna capaz de abarcarlo, as\u00ed es que nadie puede verificar de antemano cu\u00e1l va a ser el resultado.<\/p>\n<p data-gtm-element-container=\"modulo-texto-link\" class=\"paragraph\">Los arquitectos vivimos abrumados ante ese fen\u00f3meno imparable que sobrepasa cualquier disciplina u oficio establecido. Las agrupaciones gremiales, acad\u00e9micas y culturales que nos vertebran, no alcanzan a comprender la amplitud del panorama y acostumbran a rechazar aquellas partes que parecen mas oscuras.<\/p>\n<p data-gtm-element-container=\"modulo-texto-link\" class=\"paragraph\">Quiz\u00e1s sea comprensible el espanto de los arquitectos, del que derivan sus m\u00e1s t\u00f3picas respuestas corporativas. Los hay que quedan paralizados culpabiliz\u00e1ndose de los desmanes de la edificaci\u00f3n. Consideran pues que construir es moralmente censurable, as\u00ed es que mejor ser\u00eda dejar de hacerlo. En todo caso y como mal menor, piensan que deber\u00edamos ce\u00f1irnos tan s\u00f3lo a algunos materiales puramente \u201cnaturales\u201d. Est\u00e1n por otro lado, aquellos que se encierran en las formas y disciplinas conocidas, reivindicando una supuesta esencia de lo que ellos consideran \u201cla buena arquitectura\u201d. Finalmente, est\u00e1n los que hacen de la eficacia su principal raz\u00f3n de ser, respondiendo inmediatamente a las preguntas que vienen dadas.<\/p>\n<p>                <img loading=\"lazy\" decoding=\"async\" data-full-src=\"https:\/\/www.lavanguardia.com\/uploads\/2025\/11\/21\/692098a798e8d.jpeg\" alt=\"Almac\u00e9n de Amazon en Madrid en una imagen de archivo\" width=\"449\" height=\"299\" src=\"https:\/\/www.europesays.com\/es\/wp-content\/uploads\/2025\/12\/692098a798e8d.jpeg\" class=\"lazy\"\/><\/p>\n<p class=\"caption-title \">Almac\u00e9n de Amazon en Madrid en una imagen de archivo<\/p>\n<p>                    Dani Duch<\/p>\n<p data-gtm-element-container=\"modulo-texto-link\" class=\"paragraph\">Tan s\u00f3lo un referente com\u00fan, el proyecto de un futuro aceptable para todos ellos, permitir\u00eda que esos mundos estancos se abrieran -el mejor de los mundos posible, que reclamaba Voltaire-.<\/p>\n<p data-gtm-element-container=\"modulo-texto-link\" class=\"paragraph\">La verdad es que el planeta se est\u00e1 urbanizando a marchas forzadas y no somos conscientes de ello. Vayan por delante algunos ejemplos que me parecen evidentes.<\/p>\n<p data-gtm-element-container=\"modulo-texto-link\" class=\"paragraph\">Las infraestructuras f\u00edsicas que demanda \u201cel mundo virtual\u201d alcanzan ya dimensiones inquietantes. Cada vez que tecleamos el ordenador o nuestro tel\u00e9fono m\u00f3vil, empleamos espacio y capacidad en un centro de datos situado en alg\u00fan lugar del territorio. Toda esa infraestructura tecnol\u00f3gica necesita inmensos edificios construidos y climatizados, con un consumo intensivo de energ\u00eda. En Mongolia y Noruega se encuentran dos de los mayores centros de datos, con una superficie de 1.000.000 y 600.000 metros cuadrados respectivamente. Representan s\u00f3lo una peque\u00f1\u00edsima parte de esas construcciones repartidas por todo el planeta y que siguen creciendo exponencialmente, empujados por la demanda expansiva de las tecnolog\u00edas de la informaci\u00f3n- IA, servicios en la nube, streaming, etc.-. En Espa\u00f1a concretamente, est\u00e1 previsto multiplicar por seis la capacidad instalada en la pr\u00f3xima d\u00e9cada.<\/p>\n<p data-gtm-element-container=\"modulo-texto-link\" class=\"paragraph\">Tambi\u00e9n el comercio \u201cen l\u00ednea\u201d conlleva un rosario interminable de construcciones log\u00edsticas, antes de llegar a nuestras casas. Aunque no seamos conscientes, cada paquete que Amazon reparte en el \u00e1rea de Barcelona llega desde un almac\u00e9n log\u00edstico en el Prat, con una superficies de 150.000 metros cuadrados construidos. A\u00fan as\u00ed, es tan s\u00f3lo uno mas de los 175 centros que la misma compa\u00f1\u00eda tiene repartidos por los cuatro continentes.<\/p>\n<p data-gtm-element-container=\"modulo-texto-link\" class=\"paragraph\">Por no hablar de la llamada \u201cconstrucci\u00f3n informal\u201d que crece espont\u00e1neamente en muchos lugares, donde se va concentrando la poblaci\u00f3n desplazada por el desorden rural y la violencia.<\/p>\n<p data-gtm-element-container=\"modulo-texto-link\" class=\"paragraph\">El mundo se construye con desenfreno mientras los arquitectos miramos hacia otro lado, reconfortados al pensar que todo eso no nos concierne pues es s\u00f3lo chatarra y no arquitectura.<\/p>\n<p data-gtm-element-container=\"modulo-texto-link\" class=\"paragraph\">\u00bfPero qu\u00e9 otra cosa podemos hacer?\u00bfAcaso es posible cambiar el curso de la realidad cuando nos supera?<\/p>\n<p data-gtm-element-container=\"modulo-texto-link\" class=\"paragraph\">Comprender\u00e1n que yo no tenga una teor\u00eda del todo, porque hace falta una amplia discusi\u00f3n sobre las ideas antes de poder asentarlas.<\/p>\n<p data-gtm-element-container=\"modulo-texto-link\" class=\"paragraph\">A pesar de ello, quiero creer que en<br align=\"block\"\/>este momento existen bastantes criterios con los que muchos de nosotros aceptar\u00edamos alinearnos.<\/p>\n<p data-gtm-element-container=\"modulo-texto-link\" class=\"paragraph\">Una confianza en la eficiencia objetiva de las infraestructuras, considerando la edificaci\u00f3n como un proceso ilustrado.<\/p>\n<p data-gtm-element-container=\"modulo-texto-link\" class=\"paragraph\">El valor que podr\u00edan atesorar los edificios al ser considerados como bancos de materiales y no como formas terminadas.<\/p>\n<p data-gtm-element-container=\"modulo-texto-link\" class=\"paragraph\">Construir con una l\u00f3gica ecol\u00f3gica bajo el referente de la naturaleza, considerando la arquitectura como parte de la biosfera.<\/p>\n<p data-gtm-element-container=\"modulo-texto-link\" class=\"paragraph\">Sinceramente, creo que la construcci\u00f3n no es un mal inevitable sino que puede ser beneficioso para el medio sociocultural y natural en el que se inscribe, como tantas veces ocurri\u00f3 en el pasado cada vez que la arquitectura asimil\u00f3 el paradigma de su tiempo. \u00bfPuede ser que estemos buscando nuestro propio \u201cg\u00f3tico del futuro\u201d?<\/p>\n<p data-gtm-element-container=\"modulo-texto-link\" class=\"paragraph\">En \u00faltimo t\u00e9rmino, la arquitectura no es un fin en s\u00ed misma sino un poderoso instrumento para transformar la realidad. Llegado el momento, conformar\u00e1 un lenguaje bello y que todos comprendamos, para expresar ese referente nuevo que nos identificar\u00e1 en el tiempo. Hace falta optimismo y un poco de autoestima para pensar que existe alg\u00fan modo de construir un mundo mejor y que merece la pena explorarlo.<\/p>\n<p data-gtm-element-container=\"modulo-texto-link\" class=\"paragraph\">Cuando veamos que la arquitectura sale de su bucle y toma una direcci\u00f3n, entonces sabremos que por fin ha vuelto la pol\u00edtica razonable.<\/p>\n<p data-gtm-element-container=\"modulo-texto-link\" class=\"paragraph\"><strong>Felipe Pich-Aguilera<\/strong> es arquitecto<\/p>\n","protected":false},"excerpt":{"rendered":"Vivimos un tiempo de cambios profundos en el orden socioecon\u00f3mico del mundo. Todo parece moverse; las fronteras, los&hellip;\n","protected":false},"author":2,"featured_media":266948,"comment_status":"","ping_status":"","sticky":false,"template":"","format":"standard","meta":{"footnotes":""},"categories":[173],"tags":[229,233,231,230,232,234,146,147,25,24,23],"class_list":{"0":"post-266947","1":"post","2":"type-post","3":"status-publish","4":"format-standard","5":"has-post-thumbnail","7":"category-arte-y-diseno","8":"tag-arte","9":"tag-arte-y-diseno","10":"tag-arts","11":"tag-arts-and-design","12":"tag-design","13":"tag-diseno","14":"tag-entertainment","15":"tag-entretenimiento","16":"tag-es","17":"tag-espana","18":"tag-spain"},"share_on_mastodon":{"url":"https:\/\/pubeurope.com\/@es\/115649186982535332","error":""},"_links":{"self":[{"href":"https:\/\/www.europesays.com\/es\/wp-json\/wp\/v2\/posts\/266947","targetHints":{"allow":["GET"]}}],"collection":[{"href":"https:\/\/www.europesays.com\/es\/wp-json\/wp\/v2\/posts"}],"about":[{"href":"https:\/\/www.europesays.com\/es\/wp-json\/wp\/v2\/types\/post"}],"author":[{"embeddable":true,"href":"https:\/\/www.europesays.com\/es\/wp-json\/wp\/v2\/users\/2"}],"replies":[{"embeddable":true,"href":"https:\/\/www.europesays.com\/es\/wp-json\/wp\/v2\/comments?post=266947"}],"version-history":[{"count":0,"href":"https:\/\/www.europesays.com\/es\/wp-json\/wp\/v2\/posts\/266947\/revisions"}],"wp:featuredmedia":[{"embeddable":true,"href":"https:\/\/www.europesays.com\/es\/wp-json\/wp\/v2\/media\/266948"}],"wp:attachment":[{"href":"https:\/\/www.europesays.com\/es\/wp-json\/wp\/v2\/media?parent=266947"}],"wp:term":[{"taxonomy":"category","embeddable":true,"href":"https:\/\/www.europesays.com\/es\/wp-json\/wp\/v2\/categories?post=266947"},{"taxonomy":"post_tag","embeddable":true,"href":"https:\/\/www.europesays.com\/es\/wp-json\/wp\/v2\/tags?post=266947"}],"curies":[{"name":"wp","href":"https:\/\/api.w.org\/{rel}","templated":true}]}}