{"id":266949,"date":"2025-12-02T09:09:15","date_gmt":"2025-12-02T09:09:15","guid":{"rendered":"https:\/\/www.europesays.com\/es\/266949\/"},"modified":"2025-12-02T09:09:15","modified_gmt":"2025-12-02T09:09:15","slug":"jorge-ponce-vacila-a-david-broncano","status":"publish","type":"post","link":"https:\/\/www.europesays.com\/es\/266949\/","title":{"rendered":"Jorge Ponce vacila a David Broncano"},"content":{"rendered":"<p class=\"article-body__text \">\n        Todo ha sido por <strong>Jorge Ponce, el conocido colaborador del formato de TVE<\/strong>, que, como es de costumbre,<strong> ha revolucionado el plat\u00f3 con sus disparatadas ocurrencias<\/strong>, esta vez con el presentador en su punto de mira.\u00a0\n<\/p>\n<p class=\"article-photo__footer\">\n            Jorge Ponce en &#8216;La Revuelta&#8217;            Instagram: @larevuelta_tve        <\/p>\n<p>  <strong>\u201cD\u00eda de No Broncano\u201d<\/strong><\/p>\n<p class=\"article-body__text \">\n        <a href=\"https:\/\/www.noticiasdenavarra.com\/tags\/jorge-ponce\/\" title=\"Jorge Ponce\" rel=\"nofollow noopener\" target=\"_blank\" class=\"link copy\"><strong>Jorge Ponce<\/strong><\/a> ha querido<strong> poner fin a los privilegios y regalos de los que goza David Broncano<\/strong> de una manera muy peculiar: declarando <strong>el 1 de diciembre como \u201cD\u00eda de No Broncano\u201d<\/strong>, algo a lo que el p\u00fablico ha dado el visto bueno.\u00a0\n<\/p>\n<p class=\"article-body__text \">\n        En palabras del colaborador,<strong> la vida del presentador es<\/strong> \u201cun cumplea\u00f1os\u201d. Es m\u00e1s, seg\u00fan el c\u00f3mico ha llegado a reconocer, el conductor del programa pregunt\u00f3 en un grupo de WhatsApp de amigo<strong>s si \u201c\u00bfalguien m\u00e1s est\u00e1 invitado a la fiesta del castillo?\u201d.\u00a0<\/strong>\n<\/p>\n<p class=\"article-body__text \">\n        \u201cNo es de extra\u00f1ar que se flipe\u201d, ha empezado diciendo. \u201cLlega tarde cuando quiere, le han regalado un meteorito, un caballo,<strong> la mism\u00edsima Rosal\u00eda le hizo un bizcocho, el escritor Javier Cercas le ofreci\u00f3 proponer su nombre como pr\u00f3ximo acad\u00e9mico de la RAE \u2026\u201d<\/strong>.\n<\/p>\n<p class=\"article-body__text \">\n        \u201cTambi\u00e9n ha jugado al <strong>tenis <\/strong>con<strong> Rafa Nadal,<\/strong> y ha echado una <strong>pachanga en directo sobre el escenario de \u2018La Revuelta\u2019 con uno de los mejores jugadores de la historia del baloncesto como Scottie Pippen\u201d<\/strong>, ha seguido enumerando Ponce.\u00a0\n<\/p>\n<p>  <strong>Un d\u00eda especial\u00a0<\/strong><\/p>\n<p class=\"article-body__text \">\n        Por lo tanto, Jorge Ponce ha hecho oficial en TVE que <strong>cada 1 de diciembre sea el \u201cD\u00eda de No Broncano\u201d<\/strong>, en donde el resto de los mortales puede celebrar su existencia como<strong> \u201cNo Bros, un colectivo muy castigado por una minor\u00eda que eres t\u00fa\u201d.\u00a0<\/strong>\n<\/p>\n<p class=\"article-body__text \">\n        Tanto es as\u00ed, que David Broncano no tuvo m\u00e1s remedio que <strong>ponerse una gorra con el lema que dec\u00eda \u201cHoy no\u201d,<\/strong> un gesto en clave de humor que el tambi\u00e9n c\u00f3mico oblig\u00f3 a hacer a este para bajar su nivel de ego.\u00a0\n<\/p>\n<p class=\"article-body__text \">\n        Por si fuera poco,<strong> el presentador fue sustituido en la cabecera del programa de La 1 por la silueta de una se\u00f1ora mayor<\/strong>, y el colaborador anim\u00f3 al p\u00fablico, excepto a Broncano, a iluminar con pulseras de colores la sala.\n<\/p>\n<p>            <a href=\"https:\/\/www.noticiasdenavarra.com\/television\/2025\/11\/20\/cayetana-guillen-cuervo-la-revuelta-homenaje-programa-gemma-cuervo-10375291.html\" title=\"Cayetana Guill\u00e9n Cuervo emociona a &#039;La Revuelta&#039; con un homenaje muy especial al programa: &quot;La sorpresa m\u00e1s bonita&quot;\" class=\"new__media\" rel=\"nofollow noopener\" target=\"_blank\"><\/p>\n<p>                <img alt=\"Cayetana Guill\u00e9n Cuervo emociona a 'La Revuelta' con un homenaje muy especial al programa: &quot;La sorpresa m\u00e1s bonita&quot;\" data-src=\"https:\/\/www.europesays.com\/es\/wp-content\/uploads\/2025\/12\/435e3edd-7664-4c6a-bce9-806f91b9146c_16-9-aspect-ratio_default_0_x1034y480.jpg\" class=\"lozad\"\/><\/p>\n<p>        <\/a><\/p>\n<p>        <a href=\"https:\/\/www.noticiasdenavarra.com\/television\/2025\/11\/20\/cayetana-guillen-cuervo-la-revuelta-homenaje-programa-gemma-cuervo-10375291.html\" title=\"Cayetana Guill\u00e9n Cuervo emociona a &#039;La Revuelta&#039; con un homenaje muy especial al programa: &quot;La sorpresa m\u00e1s bonita&quot;\" class=\"new__headline\" rel=\"nofollow noopener\" target=\"_blank\"><br \/>\n            Cayetana Guill\u00e9n Cuervo emociona a &#8216;La Revuelta&#8217; con un homenaje muy especial al programa: \u00abLa sorpresa m\u00e1s bonita\u00bb<br \/>\n        <\/a><\/p>\n<p>  \u00bfQui\u00e9n es David Broncano?<\/p>\n<p class=\"article-body__text \">\n        <a href=\"https:\/\/www.noticiasdenavarra.com\/television\/2025\/11\/18\/zasca-david-broncano-paula-badosa-expareja-visita-la-revuelta-tve-10365091.html\" title=\"David Broncano\" rel=\"nofollow noopener\" target=\"_blank\" class=\"link copy\"><strong>David Broncano<\/strong> <\/a>(1981) es <strong>un c\u00f3mico y creador de contenido,<\/strong> <strong>actual presentador de \u2018La Revuelta<\/strong>\u2019. Durante toda su trayectoria en el mundo de la comedia, ha sido muy reconocido por su particular sentido del humor.\n<\/p>\n<p class=\"article-body__text \">\n        Aunque antes destac\u00f3 en otros proyectos de radio y televisi\u00f3n, salt\u00f3 a la fama en 2018 de la mano de<strong> \u2018La Resistencia\u2019,<\/strong> un late show emitido en <strong>Movistar+<\/strong>, donde entrevistaba a famosos de diferentes \u00e1mbitos.\u00a0\n<\/p>\n<p class=\"article-body__text \">\n        Desde 2024, est\u00e1 al mando de \u2018La Revuelta\u2019, apuesta estrella de la cadena p\u00fablica y en donde, de lunes a jueves, <strong>anima al p\u00fablico con invitados de renombre y con colaboradores como Jorge Ponce, Grison o Lalachus.\u00a0<\/strong><\/p>\n","protected":false},"excerpt":{"rendered":"Todo ha sido por Jorge Ponce, el conocido colaborador del formato de TVE, que, como es de costumbre,&hellip;\n","protected":false},"author":2,"featured_media":266950,"comment_status":"","ping_status":"","sticky":false,"template":"","format":"standard","meta":{"footnotes":""},"categories":[171],"tags":[16637,9029,146,147,25,24,1903,2224,1783,10798,14791,1150,528,23,214,65983],"class_list":{"0":"post-266949","1":"post","2":"type-post","3":"status-publish","4":"format-standard","5":"has-post-thumbnail","7":"category-tv","8":"tag-arriba","9":"tag-david-broncano","10":"tag-entertainment","11":"tag-entretenimiento","12":"tag-es","13":"tag-espana","14":"tag-historico","15":"tag-jorge","16":"tag-la","17":"tag-patas","18":"tag-ponce","19":"tag-pone","20":"tag-revuelta","21":"tag-spain","22":"tag-tv","23":"tag-vacile"},"share_on_mastodon":{"url":"https:\/\/pubeurope.com\/@es\/115649194558584940","error":""},"_links":{"self":[{"href":"https:\/\/www.europesays.com\/es\/wp-json\/wp\/v2\/posts\/266949","targetHints":{"allow":["GET"]}}],"collection":[{"href":"https:\/\/www.europesays.com\/es\/wp-json\/wp\/v2\/posts"}],"about":[{"href":"https:\/\/www.europesays.com\/es\/wp-json\/wp\/v2\/types\/post"}],"author":[{"embeddable":true,"href":"https:\/\/www.europesays.com\/es\/wp-json\/wp\/v2\/users\/2"}],"replies":[{"embeddable":true,"href":"https:\/\/www.europesays.com\/es\/wp-json\/wp\/v2\/comments?post=266949"}],"version-history":[{"count":0,"href":"https:\/\/www.europesays.com\/es\/wp-json\/wp\/v2\/posts\/266949\/revisions"}],"wp:featuredmedia":[{"embeddable":true,"href":"https:\/\/www.europesays.com\/es\/wp-json\/wp\/v2\/media\/266950"}],"wp:attachment":[{"href":"https:\/\/www.europesays.com\/es\/wp-json\/wp\/v2\/media?parent=266949"}],"wp:term":[{"taxonomy":"category","embeddable":true,"href":"https:\/\/www.europesays.com\/es\/wp-json\/wp\/v2\/categories?post=266949"},{"taxonomy":"post_tag","embeddable":true,"href":"https:\/\/www.europesays.com\/es\/wp-json\/wp\/v2\/tags?post=266949"}],"curies":[{"name":"wp","href":"https:\/\/api.w.org\/{rel}","templated":true}]}}