{"id":26695,"date":"2025-08-05T07:18:07","date_gmt":"2025-08-05T07:18:07","guid":{"rendered":"https:\/\/www.europesays.com\/es\/26695\/"},"modified":"2025-08-05T07:18:07","modified_gmt":"2025-08-05T07:18:07","slug":"ubs-constata-que-el-mercado-espera-ahora-otra-pausa-en-los-tipos-por-parte-del-bce-mercados-financieros","status":"publish","type":"post","link":"https:\/\/www.europesays.com\/es\/26695\/","title":{"rendered":"UBS constata que el mercado espera ahora otra pausa en los tipos por parte del BCE | Mercados Financieros"},"content":{"rendered":"<p class=\"\">El sentimiento est\u00e1 cambiando. Las estimaciones que antes daban por hecho un recorte de los tipos de inter\u00e9s en septiembre por parte del Banco Central Europeo, ahora se han vuelto m\u00e1s prudentes. Y el banco suizo UBS lo constata en un informe: se\u00f1ala que las expectativas del mercado \u201chan cambiado considerablemente <a href=\"https:\/\/elpais.com\/economia\/2025-07-24\/el-bce-hace-una-pausa-en-las-bajadas-de-tipos-con-la-inflacion-bajo-control.html\" target=\"_self\" rel=\"nofollow noopener\" title=\"https:\/\/elpais.com\/economia\/2025-07-24\/el-bce-hace-una-pausa-en-las-bajadas-de-tipos-con-la-inflacion-bajo-control.html\">desde la reuni\u00f3n del BCE de julio<\/a>\u201d, hasta el punto de que ya no se espera \u201cning\u00fan movimiento\u201d. <\/p>\n<p class=\"\">Pese a que Christine Lagarde y los suyos no movieron ficha en dicho encuentro, los futuros sobre tipos de inter\u00e9s conceden solo un 15% de posibilidades a que lo hagan a la vuelta del verano. El euro fuerte, que abarata las importaciones y tiende a reducir la inflaci\u00f3n, parec\u00eda un argumento s\u00f3lido para retomar las rebajas de tipos, pero la insistencia del Consejo de Gobierno en se\u00f1alar que el banco se encuentra \u201cbien posicionado\u201d con los tipos en el 2%, y los datos que as\u00ed lo corroboran, como la reciente cifra de inflaci\u00f3n de julio, tambi\u00e9n del 2%, empujan a pensar que habr\u00e1 que esperar para ver un nuevo descenso. Eso s\u00ed, los futuros a\u00fan descuentan que se producir\u00e1 uno m\u00e1s antes de acabar el a\u00f1o, por lo que si no es en septiembre, las posibilidades se reducen a octubre o diciembre.<\/p>\n<p class=\"\">El eur\u00edbor ya est\u00e1 descontando ese escenario m\u00e1s incierto de bajadas de tipos: <a href=\"https:\/\/elpais.com\/economia\/2025-07-31\/el-euribor-se-estrella-contra-la-barrera-del-2-y-titubea-sobre-su-rumbo-futuro.html\" target=\"_self\" rel=\"nofollow noopener\" title=\"https:\/\/elpais.com\/economia\/2025-07-31\/el-euribor-se-estrella-contra-la-barrera-del-2-y-titubea-sobre-su-rumbo-futuro.html\">tras coquetear con romper la barrera del 2%,<\/a> en los \u00faltimos d\u00edas ha repuntado por encima del 2,15% en t\u00e9rminos diarios, una mala noticia para quienes vayan a ver revisada su hipoteca pr\u00f3ximamente si la tendencia se mantiene, aunque la escalada no es todav\u00eda demasiado relevante.<\/p>\n<p class=\"\">Para UBS \u201cla econom\u00eda [de la zona euro] se encuentra en una buena posici\u00f3n, pero persisten dificultades en el horizonte\u201d. Entre ellas, cita el incremento de precios en las partidas de alimentos, alcohol y tabaco, del 3,3% frente al 3,1% de junio. Aunque ese mal dato se ve compensado por el buen comportamiento de la inflaci\u00f3n en el sector servicios, que hizo el camino inverso y pas\u00f3 del 3,3% al 3,1%.<\/p>\n<p class=\"\">En su an\u00e1lisis, UBS concluye que las presiones inflacionarias disminuir\u00e1n en los pr\u00f3ximos meses. \u201cParte de esto se deber\u00e1 al entorno de crecimiento lento, que lastra la demanda, lo que probablemente har\u00e1 que las empresas recelen de impulsar las subidas de precios. Los bajos precios de la energ\u00eda y la fortaleza del euro (que reduce el coste de las importaciones para el bloque) tambi\u00e9n coinciden con una fuerte desaceleraci\u00f3n del crecimiento salarial, lo que reduce a\u00fan m\u00e1s la necesidad de que las empresas suban los precios\u201d, apuntan.<\/p>\n<p class=\"\">En cuanto al crecimiento, calculan que ser\u00e1 cercano a cero para el resto del a\u00f1o, pero eso no impedir\u00e1 que se cumplan las proyecciones de un avance del PIB de la zona euro que ronde el 1%. La estad\u00edstica se ha visto muy distorsionada por los anuncios de aranceles por parte de la Administraci\u00f3n Trump. En el primer trimestre el PIB subi\u00f3 seis d\u00e9cimas, <a href=\"https:\/\/elpais.com\/economia\/2025-07-30\/la-economia-de-la-zona-euro-se-frena-en-plena-guerra-comercial-con-un-leve-crecimiento-del-01-entre-marzo-y-abril.html\" target=\"_self\" rel=\"nofollow noopener\" title=\"https:\/\/elpais.com\/economia\/2025-07-30\/la-economia-de-la-zona-euro-se-frena-en-plena-guerra-comercial-con-un-leve-crecimiento-del-01-entre-marzo-y-abril.html\">y en el segundo solo una<\/a>, pero UBS recuerda que ese reparto tan desigual no fue algo estructural, y se debi\u00f3 al adelanto de las compras en Europa por parte de empresas estadounidenses que buscaban eludir los grav\u00e1menes.<\/p>\n","protected":false},"excerpt":{"rendered":"El sentimiento est\u00e1 cambiando. Las estimaciones que antes daban por hecho un recorte de los tipos de inter\u00e9s&hellip;\n","protected":false},"author":2,"featured_media":26696,"comment_status":"","ping_status":"","sticky":false,"template":"","format":"standard","meta":{"footnotes":""},"categories":[80],"tags":[1842,82,1844,534,95,94,25,24,1847,1841,8064,102,23,14741],"class_list":{"0":"post-26695","1":"post","2":"type-post","3":"status-publish","4":"format-standard","5":"has-post-thumbnail","7":"category-economia","8":"tag-bce","9":"tag-business","10":"tag-christine-lagarde","11":"tag-dinero","12":"tag-economia","13":"tag-economy","14":"tag-es","15":"tag-espana","16":"tag-inflacion","17":"tag-mercados-financieros","18":"tag-pib","19":"tag-politica-monetaria","20":"tag-spain","21":"tag-ubs"},"share_on_mastodon":{"url":"","error":""},"_links":{"self":[{"href":"https:\/\/www.europesays.com\/es\/wp-json\/wp\/v2\/posts\/26695","targetHints":{"allow":["GET"]}}],"collection":[{"href":"https:\/\/www.europesays.com\/es\/wp-json\/wp\/v2\/posts"}],"about":[{"href":"https:\/\/www.europesays.com\/es\/wp-json\/wp\/v2\/types\/post"}],"author":[{"embeddable":true,"href":"https:\/\/www.europesays.com\/es\/wp-json\/wp\/v2\/users\/2"}],"replies":[{"embeddable":true,"href":"https:\/\/www.europesays.com\/es\/wp-json\/wp\/v2\/comments?post=26695"}],"version-history":[{"count":0,"href":"https:\/\/www.europesays.com\/es\/wp-json\/wp\/v2\/posts\/26695\/revisions"}],"wp:featuredmedia":[{"embeddable":true,"href":"https:\/\/www.europesays.com\/es\/wp-json\/wp\/v2\/media\/26696"}],"wp:attachment":[{"href":"https:\/\/www.europesays.com\/es\/wp-json\/wp\/v2\/media?parent=26695"}],"wp:term":[{"taxonomy":"category","embeddable":true,"href":"https:\/\/www.europesays.com\/es\/wp-json\/wp\/v2\/categories?post=26695"},{"taxonomy":"post_tag","embeddable":true,"href":"https:\/\/www.europesays.com\/es\/wp-json\/wp\/v2\/tags?post=26695"}],"curies":[{"name":"wp","href":"https:\/\/api.w.org\/{rel}","templated":true}]}}