{"id":266951,"date":"2025-12-02T09:10:11","date_gmt":"2025-12-02T09:10:11","guid":{"rendered":"https:\/\/www.europesays.com\/es\/266951\/"},"modified":"2025-12-02T09:10:11","modified_gmt":"2025-12-02T09:10:11","slug":"lenny-kravitz-ofrecera-tres-conciertos-en-espana-en-verano-de-2026","status":"publish","type":"post","link":"https:\/\/www.europesays.com\/es\/266951\/","title":{"rendered":"Lenny Kravitz ofrecer\u00e1 tres conciertos en Espa\u00f1a en verano de 2026"},"content":{"rendered":"<p class=\"c-paragraph\"><a href=\"https:\/\/www.20minutos.es\/tags\/personas\/lenny-kravitz.html\" title=\"Lenny Kravitz\" rel=\"nofollow noopener\" target=\"_blank\">Lenny Kravitz<\/a> ofrecer\u00e1<b> tres conciertos en Espa\u00f1a el verano de 2026<\/b>, el primero el 27 de junio en Iberdrola Music de Madrid, otro el 29 de junio en la localidad malague\u00f1a de Marbella como parte del Starlite Festival y el \u00faltimo, el 1 de julio, dentro del festival Ic\u00f3nica de Sevilla.\u00a0<\/p>\n<p class=\"c-paragraph\">Las tres fechas, seg\u00fan consta en su web y han informado las respectivas promotoras este lunes, forman parte de su <b>pr\u00f3xima gira,<\/b> que recalar\u00e1 en Europa con una primera cita en Pula (Croacia) el 14 de junio.\u00a0<\/p>\n<p class=\"c-paragraph\">Con <b>m\u00e1s de veinte fechas<\/b> en el continente europeo, est\u00e1 previsto que el artista estadounidense visite ciudades como Helsinki (22 de julio), Estocolmo (24 de julio), Berl\u00edn (27 de julio) o Budapest (2 de agosto).\u00a0<\/p>\n<p class=\"c-paragraph\">Su nueva cita en la capital espa\u00f1ola llegar\u00e1 solo <b>un a\u00f1o despu\u00e9s de la anterior,<\/b> que tuvo lugar en el Movistar Arena en junio de 2025. Esta vez visitar\u00e1 el mismo recinto en el que suele celebrarse el festival Mad Cool. M\u00e1s tiempo hac\u00eda desde su \u00faltima visita a Marbella (M\u00e1laga), entonces tambi\u00e9n como parte de Starlite, que tuvo lugar en 2015.\u00a0<\/p>\n<p class=\"c-paragraph\">El ganador de cuatro premios Grammy consecutivos a la Mejor interpretaci\u00f3n vocal masculina, con unas ventas estimadas en su larga carrera de cerca de <b>50 millones de copias <\/b>seg\u00fan cifras de Live Nation, presume de atravesar a sus 61 a\u00f1os un momento de resurgimiento mundial tras la publicaci\u00f3n en 2024 de su duod\u00e9cimo disco, &#8216;Blue Electric Light&#8217;.<\/p>\n","protected":false},"excerpt":{"rendered":"Lenny Kravitz ofrecer\u00e1 tres conciertos en Espa\u00f1a el verano de 2026, el primero el 27 de junio en&hellip;\n","protected":false},"author":2,"featured_media":266952,"comment_status":"","ping_status":"","sticky":false,"template":"","format":"standard","meta":{"footnotes":""},"categories":[170],"tags":[208,146,147,25,24,29837,184,185,23],"class_list":{"0":"post-266951","1":"post","2":"type-post","3":"status-publish","4":"format-standard","5":"has-post-thumbnail","7":"category-musica","8":"tag-conciertos","9":"tag-entertainment","10":"tag-entretenimiento","11":"tag-es","12":"tag-espana","13":"tag-lenny-kravitz","14":"tag-music","15":"tag-musica","16":"tag-spain"},"share_on_mastodon":{"url":"https:\/\/pubeurope.com\/@es\/115649198592091682","error":""},"_links":{"self":[{"href":"https:\/\/www.europesays.com\/es\/wp-json\/wp\/v2\/posts\/266951","targetHints":{"allow":["GET"]}}],"collection":[{"href":"https:\/\/www.europesays.com\/es\/wp-json\/wp\/v2\/posts"}],"about":[{"href":"https:\/\/www.europesays.com\/es\/wp-json\/wp\/v2\/types\/post"}],"author":[{"embeddable":true,"href":"https:\/\/www.europesays.com\/es\/wp-json\/wp\/v2\/users\/2"}],"replies":[{"embeddable":true,"href":"https:\/\/www.europesays.com\/es\/wp-json\/wp\/v2\/comments?post=266951"}],"version-history":[{"count":0,"href":"https:\/\/www.europesays.com\/es\/wp-json\/wp\/v2\/posts\/266951\/revisions"}],"wp:featuredmedia":[{"embeddable":true,"href":"https:\/\/www.europesays.com\/es\/wp-json\/wp\/v2\/media\/266952"}],"wp:attachment":[{"href":"https:\/\/www.europesays.com\/es\/wp-json\/wp\/v2\/media?parent=266951"}],"wp:term":[{"taxonomy":"category","embeddable":true,"href":"https:\/\/www.europesays.com\/es\/wp-json\/wp\/v2\/categories?post=266951"},{"taxonomy":"post_tag","embeddable":true,"href":"https:\/\/www.europesays.com\/es\/wp-json\/wp\/v2\/tags?post=266951"}],"curies":[{"name":"wp","href":"https:\/\/api.w.org\/{rel}","templated":true}]}}