{"id":266953,"date":"2025-12-02T09:11:08","date_gmt":"2025-12-02T09:11:08","guid":{"rendered":"https:\/\/www.europesays.com\/es\/266953\/"},"modified":"2025-12-02T09:11:08","modified_gmt":"2025-12-02T09:11:08","slug":"la-censura-progre-elimina-parte-del-metraje-de-la-pelicula-cocodrilo-dundee-de-1986","status":"publish","type":"post","link":"https:\/\/www.europesays.com\/es\/266953\/","title":{"rendered":"La censura progre elimina parte del metraje de la pel\u00edcula &#8216;Cocodrilo Dundee&#8217; de 1986"},"content":{"rendered":"<p>Dos escenas que pod\u00edan ofender al colectivo LGTB han sido suprimidas<\/p>\n<p>Estamos viviendo unos tiempos ins\u00f3litos en los que la censura reaparece con fuerza, disfrazada con oropeles progresistas.<\/p>\n<p><a href=\"https:\/\/www.outono.net\/elentir\/2019\/04\/11\/censuran-caperucita-roja-y-hasta-200-cuentos-porque-no-le-gustan-al-feminismo-izquierdista\/\" rel=\"nofollow noopener\" target=\"_blank\">Censurados &#8216;La Caperucita roja&#8217; y 200 cuentos porque no le gustan al feminismo izquierdista<\/a><br \/><a href=\"https:\/\/www.outono.net\/elentir\/2024\/11\/25\/censurarte-por-tu-propio-bien-asi-se-justifico-la-censura-en-la-primera-dictadura-comunista\/\" rel=\"nofollow noopener\" target=\"_blank\">Censurarte por tu propio bien: as\u00ed se justific\u00f3 la censura en la primera dictadura comunista<\/a><\/p>\n<p>Esa censura est\u00e1 haciendo algo cada vez m\u00e1s parecido a esa labor de revisionismo del pasado que George Orwell plasm\u00f3 en su novela \u00ab1984\u00bb. <strong>Si algo no se ajusta a los dogmas ideol\u00f3gicos del progresismo, simplemente desaparece.<\/strong> Es el mismo progresismo que, curiosamente, convive sin problemas con los alegatos antisemitas, anticristianos y antioccidentales, al mismo tiempo que <strong>dice ver \u00abdiscursos de odio\u00bb por todas partes como pretexto para censurar aquello que no le gusta.<\/strong><\/p>\n<p>Ese proceso para cambiar el pasado ha empezado ya a recortar metrajes de pel\u00edculas. <strong>Anoche estuve viendo \u00abCocodrilo Dundee: The Encore Cut\u00bb<\/strong>, una versi\u00f3n reci\u00e9n estrenada de la famosa pel\u00edcula \u00abCocodrilo Dundee\u00bb de 1986. Esta versi\u00f3n est\u00e1 en formato 4K, ha sido restaurada digitalmente y <strong>al comienzo de la pel\u00edcula aparece un texto que ya es toda una declaraci\u00f3n de intenciones<\/strong>. En enero, el peri\u00f3dico australiano <a href=\"https:\/\/web.archive.org\/web\/20250124015312\/https:\/\/www.smh.com.au\/culture\/movies\/there-s-a-new-release-of-crocodile-dundee-here-s-what-s-been-edited-out-20250121-p5l68r.html\" rel=\"noopener nofollow\" target=\"_blank\">The Sidney Morning Herald lo explicaba as\u00ed<\/a>:<\/p>\n<blockquote wp_automatic_readability=\"9\">\n<p>\u00ab<strong>La pel\u00edcula ahora comienza con un texto que reconoce a los custodios tradicionales de la tierra<\/strong>, lo cual es apropiadamente respetuoso dado que representa la cultura ind\u00edgena en el Territorio, incluso si puede molestar a quienes presionan para abandonar las ceremonias de bienvenida al pa\u00eds\u00bb.<\/p>\n<\/blockquote>\n<p>Pues vaya chorrada. <strong>\u00bfPondr\u00e1n un aviso parecido en la pel\u00edcula de \u00abEl Cid\u00bb para recordar que los cristianos eran la cultura ind\u00edgena de la Espa\u00f1a anterior a la invasi\u00f3n musulmana de 711?<\/strong> \u00bfVamos a ver avisos parecidos en toda pel\u00edcula que incluya el resultado de alguna invasi\u00f3n? Obviamente, no. <strong>S\u00f3lo hay ciertas conquistas que molestan al discurso progre: nunca critica<\/strong> <a href=\"https:\/\/www.outono.net\/elentir\/2016\/07\/29\/las-20-ofensivas-islamicas-que-sufrieron-los-territorios-cristianos-antes-de-las-cruzadas\/\" rel=\"nofollow noopener\" target=\"_blank\">el violento expansionismo musulm\u00e1n durante la Alta Edad Media<\/a>, por ejemplo (que desplaz\u00f3 a comunidades como los cristianos caldeos de Egipto o los jud\u00edos de Tierra Santa), <strong>pero si hablamos de la conquista de Am\u00e9rica o de Australia por los europeos, entonces los progres se ponen hist\u00e9ricos<\/strong>. Y as\u00ed con todo.<\/p>\n<p>El peri\u00f3dico australiano se\u00f1al\u00f3 tambi\u00e9n que <strong>algunas escenas han sido censuradas para pasar el tamiz de la intolerancia progresista:<\/strong> <\/p>\n<blockquote wp_automatic_readability=\"21\">\n<p>\u00ab<strong>Ha desaparecido la escena m\u00e1s dudosa de la pel\u00edcula que mostraba a Mick agarrando a un cliente del bar en la ingle<\/strong> y declarando \u00abese era un tipo, un tipo vestido de sheila\u00bb mientras alguien m\u00e1s grita \u00abmaric\u00f3n\u00bb.<\/p>\n<p>En un comunicado previo a la proyecci\u00f3n, la productora Rimfire Films declar\u00f3: \u00ab<strong>Hace unos a\u00f1os, Paramount Pictures y otras distribuidoras solicitaron que se eliminara la referencia al travesti de la pel\u00edcula original<\/strong>, ya que la consideraban ofensiva. Accedimos a la petici\u00f3n\u00bb.<\/p>\n<p><strong>Tambi\u00e9n se ha eliminado una secuencia posterior en la que Mick le hace lo mismo a una mujer en una fiesta, diciendo: \u00abSolo me aseguraba\u00bb.<\/strong> Salvo que la mujer le sonr\u00ede a Mick un momento despu\u00e9s de ser manoseada, ambas ediciones se han realizado sin alterar el ritmo de la pel\u00edcula\u00bb.<\/p>\n<\/blockquote>\n<p><strong>Esto es ins\u00f3lito: se est\u00e1 censurando una pel\u00edcula de la d\u00e9cada de 1980 porque tiene detalles que la izquierda actual no tolera.<\/strong> \u00bfQu\u00e9 ser\u00e1 lo siguiente? \u00bfCensurar las escenas de las pel\u00edculas con gente yendo a misa y bendiciendo la mesa por si los musulmanes se disgustan? \u00bfSe eliminar\u00e1 todo metraje en el que alguien aparezca preguntando a alg\u00fan chico si tiene novia, por si las personas LGTB se sienten ofendidas? <\/p>\n<p><strong>Curiosamente, la censura progresista no ha visto ning\u00fan inconveniente en las escenas de la pel\u00edcula que inclu\u00edan el consumo de coca\u00edna como algo normal<\/strong>, ni la escena del bar de Walkabout Creek en la que los blancos australianos del Territorio del Norte son mostrados como unos palurdos, ni la escena que incluye a dos prostitutas. <strong>Siempre habr\u00e1 alguien que se sienta molesto por alguna escena<\/strong>, pero para el progresismo, las \u00fanicas potenciales ofensas que deben ser tenidas en cuenta son las que coinciden con sus dogmas. Todo lo dem\u00e1s no importa.<\/p>\n<p><strong>Me pregunto qu\u00e9 pasar\u00e1 cuando esta censura empiece a llenar de tachones las letras de canciones de la d\u00e9cada de 1980.<\/strong> En el pop espa\u00f1ol de esa \u00e9poca, que no ten\u00eda tantos remilgos, hab\u00eda <strong>temas muy irreverentes que hoy no ser\u00edan tolerados por la inquisici\u00f3n progre<\/strong>. No es exagerado preguntarse esto: <a href=\"https:\/\/www.outono.net\/elentir\/2019\/04\/11\/censuran-caperucita-roja-y-hasta-200-cuentos-porque-no-le-gustan-al-feminismo-izquierdista\/\" rel=\"nofollow noopener\" target=\"_blank\">hace ya a\u00f1os que empezaron a censurar libros<\/a> porque contradec\u00edan las visi\u00f3n progre de la sociedad.<\/p>\n<p><strong>Como sigamos as\u00ed, el final de \u00abRegreso al futuro\u00bb (1985) ser\u00e1 tristemente prof\u00e9tico<\/strong>. Me refiero a la famosa escena en la que el protagonista, Marty McFly, pregunta al doctor Emmett Brown: <strong>\u00ab\u00bfQu\u00e9 nos ocurre en el futuro, Doc? \u00bfNos volvemos gilipollas o algo parecido?\u00bb<\/strong><\/p>\n","protected":false},"excerpt":{"rendered":"Dos escenas que pod\u00edan ofender al colectivo LGTB han sido suprimidas Estamos viviendo unos tiempos ins\u00f3litos en los&hellip;\n","protected":false},"author":2,"featured_media":266954,"comment_status":"","ping_status":"","sticky":false,"template":"","format":"standard","meta":{"footnotes":""},"categories":[169],"tags":[177,146,147,25,24,176,175,23],"class_list":{"0":"post-266953","1":"post","2":"type-post","3":"status-publish","4":"format-standard","5":"has-post-thumbnail","7":"category-cine","8":"tag-cine","9":"tag-entertainment","10":"tag-entretenimiento","11":"tag-es","12":"tag-espana","13":"tag-film","14":"tag-movies","15":"tag-spain"},"share_on_mastodon":{"url":"https:\/\/pubeurope.com\/@es\/115649202462231610","error":""},"_links":{"self":[{"href":"https:\/\/www.europesays.com\/es\/wp-json\/wp\/v2\/posts\/266953","targetHints":{"allow":["GET"]}}],"collection":[{"href":"https:\/\/www.europesays.com\/es\/wp-json\/wp\/v2\/posts"}],"about":[{"href":"https:\/\/www.europesays.com\/es\/wp-json\/wp\/v2\/types\/post"}],"author":[{"embeddable":true,"href":"https:\/\/www.europesays.com\/es\/wp-json\/wp\/v2\/users\/2"}],"replies":[{"embeddable":true,"href":"https:\/\/www.europesays.com\/es\/wp-json\/wp\/v2\/comments?post=266953"}],"version-history":[{"count":0,"href":"https:\/\/www.europesays.com\/es\/wp-json\/wp\/v2\/posts\/266953\/revisions"}],"wp:featuredmedia":[{"embeddable":true,"href":"https:\/\/www.europesays.com\/es\/wp-json\/wp\/v2\/media\/266954"}],"wp:attachment":[{"href":"https:\/\/www.europesays.com\/es\/wp-json\/wp\/v2\/media?parent=266953"}],"wp:term":[{"taxonomy":"category","embeddable":true,"href":"https:\/\/www.europesays.com\/es\/wp-json\/wp\/v2\/categories?post=266953"},{"taxonomy":"post_tag","embeddable":true,"href":"https:\/\/www.europesays.com\/es\/wp-json\/wp\/v2\/tags?post=266953"}],"curies":[{"name":"wp","href":"https:\/\/api.w.org\/{rel}","templated":true}]}}