{"id":266955,"date":"2025-12-02T09:12:09","date_gmt":"2025-12-02T09:12:09","guid":{"rendered":"https:\/\/www.europesays.com\/es\/266955\/"},"modified":"2025-12-02T09:12:09","modified_gmt":"2025-12-02T09:12:09","slug":"preocupacion-por-lubo-penev-ingresado-de-urgencia-en-alemania-por-un-cancer-de-rinon-el-mundo","status":"publish","type":"post","link":"https:\/\/www.europesays.com\/es\/266955\/","title":{"rendered":"Preocupaci\u00f3n por Lubo Penev, ingresado de urgencia en Alemania por un c\u00e1ncer de ri\u00f1\u00f3n &#8211; El Mundo"},"content":{"rendered":"<ol>\n<li><a href=\"https:\/\/news.google.com\/rss\/articles\/CBMihgFBVV95cUxNZ0M0S0FhNDdxT3Jod21NWlNyRTBnbkRIcnI3aGQtZDN1bV96ZGUzSlN3ZFdNQUxPMW11UG8yZUVGbFFrMWg4eFZIeEZCbjVGa0pIbDROQlNoY1Y1X0QzVDFGUHhmbkxzZExjamZBVHlGRGNHaWhtYXNJM2hzMVJCZ0hZTERRQdIBhgFBVV95cUxQMEtBU1pCV0tpeU5rS0xPd1QxVmV2WDJLVXA3el9HWk9YYTdkY1Joc0M1bDk4bS1PT2pXcXIyZWVoZDU1STA3WkI5dk4zX1paYmtBXzduV0NTRExZYThtQmFQbHp2THBPNlFRcVBtWlhOWFp1UGE3cVpSQ3dGTVZWbjBvRFdtUQ?oc=5\" target=\"_blank\" rel=\"nofollow noopener\">Preocupaci\u00f3n por Lubo Penev, ingresado de urgencia en Alemania por un c\u00e1ncer de ri\u00f1\u00f3n<\/a>&nbsp;&nbsp;El Mundo<\/li>\n<li><a href=\"https:\/\/news.google.com\/rss\/articles\/CBMimwFBVV95cUxNSEdYSVNNYmZCRjFwZ0tuTXZaNzhTSjFFa3hkUlRYdnpvSDFhSjRNUVg2M1RSLXk4SGJrMUVleC1ERmlObkZydjM3UXNNZ0lQbDdvTjkxUU1kN2Ixbkx0Ymg4cnJBbE5aYS1ZN3BFNEN3a1VlSWUwdFU3ZTZsQUJwRm5xM3podGItMWJuZmlWV2lMOGF4enpLSVdaRQ?oc=5\" target=\"_blank\" rel=\"nofollow noopener\">Lubo Penev, ingresado en Alemania en estado grave<\/a>&nbsp;&nbsp;Diario AS<\/li>\n<li><a href=\"https:\/\/news.google.com\/rss\/articles\/CBMi7AFBVV95cUxPemNOVXFqeGx1QmdXMkgyMjlfMUdFZ19ONE5lS3k5ekhKQXBRWmtUMUI5ekZZZU9adm02ZTJCalNDc1pHZVFTa2VwYXZjMkVXZHdIUU5BZWQtZkNnUmlkSnNIWkZic01paFZucHA3YXE0LUw3UXZSUGZDdEtLY2NPcGVSOU1nYm5DUzNwS3Z1SDhCT18zQ1Nma3VqTnZQNU5qNjhub1N1S1M5RXZIcnl6UWI1dTFFS3VMRVlERkVDekJQanJ5YmFINDdicFJId1ZqeExGVUtXS1Q2clEwMmZQWkpXVl9qRlZsNEMtX9IB8gFBVV95cUxNRnBOTjJ3UkRIczBERDRWVU5MRXFMRFdwSWM2T0lwN2swRFJzM1Y5Wm5BcFZnenQwRHMyZFZoVjhNZVFpRTM5RExMcU5Ld283b3AxS1U4LUFfZ0lfS3RoYTV6MzMyY3NxdTJyLUFEWUpxYlAtUjl0U3VMcUhqamRLUFNJZVNNaWx4ak1UUE9JOGQtQVB5OGppOGpQSUk4UEFVQVZqQXQ2VGQ2cTllQUcyaFdHTXFSSHBfb2xVMjJzTnF3UW1VSUIyZmdTblE4N1RvTXlja09EejV2VWJCWjhTT2NxM3VJbmVsV1NSRWVBSEZYZw?oc=5\" target=\"_blank\" rel=\"nofollow noopener\">Ingresan en estado grave a Lubo Penev, exfutbolista de Atl\u00e9tico de Madrid, Valencia o Celta<\/a>&nbsp;&nbsp;El Confidencial<\/li>\n<li><a href=\"https:\/\/news.google.com\/rss\/articles\/CBMirwFBVV95cUxPWllmTXN0bjExRWRnZXFIdllmdS1ORFhYVW1OZE1VV1d2dTc2RmxNMTEwajFlemcteXlwQTNWTzE1YmQ5TlBDODBHMUNIeE4xVWQxOVU3aW0yTm5hSXFwWFRiSzlFUWZmR3pkQ1BISGwycHBrZjl0NU83dkJHSWVfU1BERFgyY2NnanctT3hLbXptOXpZUjhxMDUwaXpQOU9SY29xRW9LSGFpT2xrTERj?oc=5\" target=\"_blank\" rel=\"nofollow noopener\">Lubo Penev, hospitalizado de forma urgente en una cl\u00ednica oncol\u00f3gica alemana<\/a>&nbsp;&nbsp;MARCA<\/li>\n<li><a href=\"https:\/\/news.google.com\/rss\/articles\/CBMi1AFBVV95cUxObG5NRVFURzBUMmQ2eEV5aFB2TFF0UzhkNVdGakZQOHY4b1FXM0lBWGtTTlhUTU9xVFoxQ0JfbHBMZV9TU3RYcGcyTnlHVlJQdXhOazNCTmFGNnpaU290bVBlVEJ2TWV0QTVSZk42ek1hN3FKdW1CX3hPYTNDSnJpN1BqOTkyT2pCSkJ5VzhSX092cld3cXBYSGNxRHBxRjBlY244STg4TUIwSkduVGxydEdGMFdBZmZZa2pZUFdtYWU3X1FscEpUNE1pTHVWYy1Tb1BNdtIB8AFBVV95cUxQZVFDbVd1dW1zckJKLTYtSjRxWjJNMWxEcS1WRU1ETDRDWlVrc29pN1BwY0lRZHd6QVRLMDNLQ2VNZk11WW5ReDhRWmhLUlBiX3RsUl9veDYwM2RqUnF4YlE2MTRaLU9DdTVxZ0RxSFp3WG9aaGlZQ1Q0ampCNS1nLW1jdGhxZVNsRkFaUTdYV0RLczFSRlBWVXIyLXAzaUpLZ1c5ajYtcnY3RExtZ3lhTlBDaTdtSkhsQmtLZm9YQk1zdEs5a1hydkIzUnJ1eXY0Xy1BVXNhaVp4QWFiMHF5MmdaUHRJNmpxS25McUtNN1A?oc=5\" target=\"_blank\" rel=\"nofollow noopener\">El exc\u00e9ltico Lubo Penev, ingresado de urgencia a causa de un c\u00e1ncer<\/a>&nbsp;&nbsp;La Voz de Galicia<\/li>\n<\/ol>\n","protected":false},"excerpt":{"rendered":"Preocupaci\u00f3n por Lubo Penev, ingresado de urgencia en Alemania por un c\u00e1ncer de ri\u00f1\u00f3n&nbsp;&nbsp;El Mundo Lubo Penev, ingresado&hellip;\n","protected":false},"author":2,"featured_media":266956,"comment_status":"","ping_status":"","sticky":false,"template":"","format":"standard","meta":{"footnotes":""},"categories":[93],"tags":[168,7756,25,24,282,23,167],"class_list":{"0":"post-266955","1":"post","2":"type-post","3":"status-publish","4":"format-standard","5":"has-post-thumbnail","7":"category-deportes","8":"tag-deportes","9":"tag-deportes-futbol","10":"tag-es","11":"tag-espana","12":"tag-futbol","13":"tag-spain","14":"tag-sports"},"share_on_mastodon":{"url":"https:\/\/pubeurope.com\/@es\/115649206404554378","error":""},"_links":{"self":[{"href":"https:\/\/www.europesays.com\/es\/wp-json\/wp\/v2\/posts\/266955","targetHints":{"allow":["GET"]}}],"collection":[{"href":"https:\/\/www.europesays.com\/es\/wp-json\/wp\/v2\/posts"}],"about":[{"href":"https:\/\/www.europesays.com\/es\/wp-json\/wp\/v2\/types\/post"}],"author":[{"embeddable":true,"href":"https:\/\/www.europesays.com\/es\/wp-json\/wp\/v2\/users\/2"}],"replies":[{"embeddable":true,"href":"https:\/\/www.europesays.com\/es\/wp-json\/wp\/v2\/comments?post=266955"}],"version-history":[{"count":0,"href":"https:\/\/www.europesays.com\/es\/wp-json\/wp\/v2\/posts\/266955\/revisions"}],"wp:featuredmedia":[{"embeddable":true,"href":"https:\/\/www.europesays.com\/es\/wp-json\/wp\/v2\/media\/266956"}],"wp:attachment":[{"href":"https:\/\/www.europesays.com\/es\/wp-json\/wp\/v2\/media?parent=266955"}],"wp:term":[{"taxonomy":"category","embeddable":true,"href":"https:\/\/www.europesays.com\/es\/wp-json\/wp\/v2\/categories?post=266955"},{"taxonomy":"post_tag","embeddable":true,"href":"https:\/\/www.europesays.com\/es\/wp-json\/wp\/v2\/tags?post=266955"}],"curies":[{"name":"wp","href":"https:\/\/api.w.org\/{rel}","templated":true}]}}