{"id":266957,"date":"2025-12-02T09:13:12","date_gmt":"2025-12-02T09:13:12","guid":{"rendered":"https:\/\/www.europesays.com\/es\/266957\/"},"modified":"2025-12-02T09:13:12","modified_gmt":"2025-12-02T09:13:12","slug":"zaragoza-rinde-homenaje-a-las-personas-afectadas-por-el-sida","status":"publish","type":"post","link":"https:\/\/www.europesays.com\/es\/266957\/","title":{"rendered":"Zaragoza rinde homenaje a las personas afectadas por el sida"},"content":{"rendered":"<p>El Ayuntamiento de Zaragoza, el Gobierno de Arag\u00f3n y las entidades que trabajan por la erradicaci\u00f3n del VIH han conmemorado hoy el D\u00eda Internacional de la Lucha contra el Sida con un simb\u00f3lico acto en el Parque Bruil, junto a la placa que hace unos a\u00f1os fue instalada por el Consistorio con este motivo.<\/p>\n<p>La consejera de Pol\u00edticas Sociales, Marian Or\u00f3s, ha asistido al acto, que ha contado con la actuaci\u00f3n del grupo de teatro social Ca\u00eddos del Zielo.<\/p>\n<p>En esta ocasi\u00f3n, la lectura del manifiesto ha corrido a cargo de la entidad Mucha VIHda, en representaci\u00f3n de las diversas asociaciones participantes. El Ayuntamiento de Zaragoza apoya la conmemoraci\u00f3n de este d\u00eda con el objetivo de visibilizar la lucha contra el VIH, insistir en la sensibilizaci\u00f3n social hacia la prevenci\u00f3n de esta enfermedad y en la importancia de la detecci\u00f3n precoz.<\/p>\n<p>La fachada digital de Etopia y la de la Diputaci\u00f3n Provincial de Zaragoza en Plaza de Espa\u00f1a lucir\u00e1n el lazo rojo, como otros a\u00f1os. Zaragoza suscribi\u00f3 en 2016 la adhesi\u00f3n a la Declaraci\u00f3n de Par\u00eds que tiene como objetivo liderar acciones a nivel municipal a fin de mejorar la calidad de vida de las personas afectadas por el VIH en las ciudades y contribuir al alcance de la meta global de terminar con el sida como problema de salud p\u00fablica para el a\u00f1o 2030.<\/p>\n<p><img decoding=\"async\" class=\"img-responsive\" src=\"https:\/\/www.europesays.com\/es\/wp-content\/uploads\/2025\/12\/ACTO_SIDA.jpeg\" alt=\"\"\/><\/p>\n<p>El objetivo para el a\u00f1o 2030 es conseguir el 95-95-95: que el 95% de las personas con VIH est\u00e9n diagnosticadas, el 95% de ellas en tratamiento y el 95% de \u00e9stas tenga el VIH indetectable y, por tanto, que sea intransmisible. Concretamente, la ciudad de Zaragoza se adhiere en 2021 al Pacto Social por la no discriminaci\u00f3n de trato asociada al VIH, reforzar el compromiso del municipio de cero discriminaciones.<\/p>\n<p>El \u00c1rea de Pol\u00edticas Sociales del Ayuntamiento trabaja a trav\u00e9s de campa\u00f1as de sensibilizaci\u00f3n y distintos programas de promoci\u00f3n de la salud elaborados desde la Zona de Salud Joven y el CMAPA (Centro Municipal de Prevenci\u00f3n y Atenci\u00f3n de las Adicciones).<\/p>\n<p>Dichos programas inciden en materia de prevenci\u00f3n y de diagn\u00f3stico precoz de la infecci\u00f3n por VIH, derivando al Salud aquellos casos detectados para su tratamiento precoz.<\/p>\n<p><strong>Exposici\u00f3n de carteles, documental y mesas informativas<\/strong><\/p>\n<p>En el Centro Joaqu\u00edn Roncal se puede visitar desde hoy y hasta el 30 de diciembre, con entrada libre y gratuita, la exposici\u00f3n de carteles \u2018En el sida pintamos todos\u2019, con todas las obras participantes en la XIX edici\u00f3n de este certamen convocado por el Ayuntamiento con la colaboraci\u00f3n de Omsida, Centro Alba, Mucha VIHDA, M\u00e9dicos del Mundo, Aplec, Somos LGTB+, Fundaci\u00f3n Cruz Blanca y Escuela Superior de Dise\u00f1o de Arag\u00f3n. Tambi\u00e9n en el Centro Joaqu\u00edn Roncal, esta tarde a las 16.00 horas se va a proyectar el cortometraje \u2018Piruletas\u2019. A continuaci\u00f3n, de 17.00 a 19.00 horas, en la Plaza de Espa\u00f1a se van a instalar mesas informativas de Aplec Inclusi\u00f3n + Igualdad Arag\u00f3n, OMSIDA, Somos LGTB+ Arag\u00f3n y M\u00e9dicos del Mundo.<\/p>\n","protected":false},"excerpt":{"rendered":"El Ayuntamiento de Zaragoza, el Gobierno de Arag\u00f3n y las entidades que trabajan por la erradicaci\u00f3n del VIH&hellip;\n","protected":false},"author":2,"featured_media":265522,"comment_status":"","ping_status":"","sticky":false,"template":"","format":"standard","meta":{"footnotes":""},"categories":[92],"tags":[25,24,165,166,23],"class_list":{"0":"post-266957","1":"post","2":"type-post","3":"status-publish","4":"format-standard","5":"has-post-thumbnail","7":"category-salud","8":"tag-es","9":"tag-espana","10":"tag-health","11":"tag-salud","12":"tag-spain"},"share_on_mastodon":{"url":"https:\/\/pubeurope.com\/@es\/115649210794407287","error":""},"_links":{"self":[{"href":"https:\/\/www.europesays.com\/es\/wp-json\/wp\/v2\/posts\/266957","targetHints":{"allow":["GET"]}}],"collection":[{"href":"https:\/\/www.europesays.com\/es\/wp-json\/wp\/v2\/posts"}],"about":[{"href":"https:\/\/www.europesays.com\/es\/wp-json\/wp\/v2\/types\/post"}],"author":[{"embeddable":true,"href":"https:\/\/www.europesays.com\/es\/wp-json\/wp\/v2\/users\/2"}],"replies":[{"embeddable":true,"href":"https:\/\/www.europesays.com\/es\/wp-json\/wp\/v2\/comments?post=266957"}],"version-history":[{"count":0,"href":"https:\/\/www.europesays.com\/es\/wp-json\/wp\/v2\/posts\/266957\/revisions"}],"wp:featuredmedia":[{"embeddable":true,"href":"https:\/\/www.europesays.com\/es\/wp-json\/wp\/v2\/media\/265522"}],"wp:attachment":[{"href":"https:\/\/www.europesays.com\/es\/wp-json\/wp\/v2\/media?parent=266957"}],"wp:term":[{"taxonomy":"category","embeddable":true,"href":"https:\/\/www.europesays.com\/es\/wp-json\/wp\/v2\/categories?post=266957"},{"taxonomy":"post_tag","embeddable":true,"href":"https:\/\/www.europesays.com\/es\/wp-json\/wp\/v2\/tags?post=266957"}],"curies":[{"name":"wp","href":"https:\/\/api.w.org\/{rel}","templated":true}]}}