{"id":266962,"date":"2025-12-02T09:17:11","date_gmt":"2025-12-02T09:17:11","guid":{"rendered":"https:\/\/www.europesays.com\/es\/266962\/"},"modified":"2025-12-02T09:17:11","modified_gmt":"2025-12-02T09:17:11","slug":"iberia-cancela-operaciones-en-venezuela-hasta-el-31-de-diciembre-tras-una-nueva-alerta-de-aesa","status":"publish","type":"post","link":"https:\/\/www.europesays.com\/es\/266962\/","title":{"rendered":"Iberia cancela operaciones en Venezuela hasta el 31 de diciembre tras una nueva alerta de AESA"},"content":{"rendered":"<p data-gtm-element-container=\"modulo-texto-link\" class=\"paragraph\">Iberia ha cancelado sus operaciones a Venezuela hasta el 31 de diciembre, siguiendo la nueva recomendaci\u00f3n de la Agencia de Seguridad A\u00e9rea (AESA) de este mismo lunes, y prorroga as\u00ed la suspensi\u00f3n que acord\u00f3 el s\u00e1bado 29 de noviembre, seg\u00fan han dicho fuentes de Iberia.<\/p>\n<p data-gtm-element-container=\"modulo-texto-link\" class=\"paragraph\">Fuentes del gestor de la navegaci\u00f3n a\u00e9rea en Espa\u00f1a, Enaire (que se encarga de dar publicidad a las recomendaciones de la AESA), han confirmado tambi\u00e9n que este lunes han colgado dos nuevas alertas, con \u201crecomendaci\u00f3n fuertemente\u201d (sic) a los operadores civiles de no sobrevolar el FIR (las regiones en que se divide el espacio a\u00e9reo) de Maiquet\u00eda, el que da servicio a Caracas, la capital venezolana.<\/p>\n<p>Riesgo de operar en Venezuela<\/p>\n<p data-gtm-element-container=\"modulo-texto-link\" class=\"paragraph\">El nuevo aviso (&#8216;notam&#8217; en el argot aeron\u00e1utico) de la AESA se produce despu\u00e9s de que la Agencia Europea de Seguridad A\u00e9rea (EASA por sus siglas en ingl\u00e9s) alertara el pasado s\u00e1bado sobre los riesgos de operar en Venezuela hasta el pr\u00f3ximo 31 de enero.<\/p>\n<p data-gtm-element-container=\"modulo-texto-link\" class=\"paragraph\">Seg\u00fan las fuentes de Iberia, su intenci\u00f3n es retomar los vuelos a Venezuela \u201cen cuanto se recuperen las plenas garant\u00edas de seguridad\u201d.<\/p>\n<p data-gtm-element-container=\"modulo-texto-link\" class=\"paragraph\">La aerol\u00ednea espa\u00f1ola, integrada en el grupo IAG, ofrece a los clientes afectados la posibilidad de cambiar sus vuelos para otra fecha, para otro destino cercano o bien solicitar el reembolso del importe del billete.<\/p>\n<p>    Lee tambi\u00e9n<\/p>\n<p data-gtm-element-container=\"modulo-texto-link\" class=\"paragraph\">Iberia ha sido la primera compa\u00f1\u00eda espa\u00f1ola en anunciar la suspensi\u00f3n tras el nuevo aviso de la AESA, aunque Air Europa ya comunic\u00f3 el fin de semana que anulaba los dos vuelos (uno de ida y otro de vuelta) previstos para ma\u00f1ana martes.<\/p>\n<p data-gtm-element-container=\"modulo-texto-link\" class=\"paragraph\">Plus Ultra, la otra aerol\u00ednea que vuela desde Espa\u00f1a directo a Caracas, sigue monitorizando la situaci\u00f3n, dijeron fuentes de la aerol\u00ednea.<\/p>\n<p data-gtm-element-container=\"modulo-texto-link\" class=\"paragraph\">Mientras tanto, en el aeropuerto de Madrid-Barajas pasajeros siguen varados en espera de una conexi\u00f3n para volar hacia Venezuela, mediante enlaces a otras capitales, sobre todo de Colombia, para luego poder seguir viaje hacia Caracas. Fuentes de Aena han dicho que Cruz Roja est\u00e1 atendiendo a estos pasajeros.<\/p>\n<p>Espacio a\u00e9rea cerrado, seg\u00fan Trump<\/p>\n<p data-gtm-element-container=\"modulo-texto-link\" class=\"paragraph\">Este fin de semana el presidente de Estados Unidos, Donald Trump, dijo en su cuenta en su red social, Truth, que el espacio a\u00e9reo de Venezuela permanecer\u00eda cerrado \u201cen su totalidad\u201d<\/p>\n<p data-gtm-element-container=\"modulo-texto-link\" class=\"paragraph\">No obstante, el espacio a\u00e9reo no esta cerrado, cuesti\u00f3n que compete exclusivamente a las autoridades venezolanas, seg\u00fan ha explicado a los medios de comunicaci\u00f3n la portavoz del sindicato de controladores USCA, Susana Romero.<\/p>\n","protected":false},"excerpt":{"rendered":"Iberia ha cancelado sus operaciones a Venezuela hasta el 31 de diciembre, siguiendo la nueva recomendaci\u00f3n de la&hellip;\n","protected":false},"author":2,"featured_media":266963,"comment_status":"","ping_status":"","sticky":false,"template":"","format":"standard","meta":{"footnotes":""},"categories":[42],"tags":[17,18,13,14,11,61,62,63,64,19,20,9,10,15,16,12,21,22,65,66,67],"class_list":{"0":"post-266962","1":"post","2":"type-post","3":"status-publish","4":"format-standard","5":"has-post-thumbnail","7":"category-internacional","8":"tag-breaking-news","9":"tag-breakingnews","10":"tag-featured-news","11":"tag-featurednews","12":"tag-headlines","13":"tag-internacional","14":"tag-international","15":"tag-international-news","16":"tag-internationalnews","17":"tag-latest-news","18":"tag-latestnews","19":"tag-news","20":"tag-noticias","21":"tag-noticias-destacadas","22":"tag-noticiasdestacadas","23":"tag-titulares","24":"tag-ultimas-noticias","25":"tag-ultimasnoticias","26":"tag-world","27":"tag-world-news","28":"tag-worldnews"},"share_on_mastodon":{"url":"https:\/\/pubeurope.com\/@es\/115649226142254213","error":""},"_links":{"self":[{"href":"https:\/\/www.europesays.com\/es\/wp-json\/wp\/v2\/posts\/266962","targetHints":{"allow":["GET"]}}],"collection":[{"href":"https:\/\/www.europesays.com\/es\/wp-json\/wp\/v2\/posts"}],"about":[{"href":"https:\/\/www.europesays.com\/es\/wp-json\/wp\/v2\/types\/post"}],"author":[{"embeddable":true,"href":"https:\/\/www.europesays.com\/es\/wp-json\/wp\/v2\/users\/2"}],"replies":[{"embeddable":true,"href":"https:\/\/www.europesays.com\/es\/wp-json\/wp\/v2\/comments?post=266962"}],"version-history":[{"count":0,"href":"https:\/\/www.europesays.com\/es\/wp-json\/wp\/v2\/posts\/266962\/revisions"}],"wp:featuredmedia":[{"embeddable":true,"href":"https:\/\/www.europesays.com\/es\/wp-json\/wp\/v2\/media\/266963"}],"wp:attachment":[{"href":"https:\/\/www.europesays.com\/es\/wp-json\/wp\/v2\/media?parent=266962"}],"wp:term":[{"taxonomy":"category","embeddable":true,"href":"https:\/\/www.europesays.com\/es\/wp-json\/wp\/v2\/categories?post=266962"},{"taxonomy":"post_tag","embeddable":true,"href":"https:\/\/www.europesays.com\/es\/wp-json\/wp\/v2\/tags?post=266962"}],"curies":[{"name":"wp","href":"https:\/\/api.w.org\/{rel}","templated":true}]}}