{"id":266964,"date":"2025-12-02T09:18:08","date_gmt":"2025-12-02T09:18:08","guid":{"rendered":"https:\/\/www.europesays.com\/es\/266964\/"},"modified":"2025-12-02T09:18:08","modified_gmt":"2025-12-02T09:18:08","slug":"el-hijo-de-abalos-sanchez-le-dio-la-orden-directa-a-mi-padre-de-ir-a-ver-a-delcy-a-barajas-y-desde-entonces-lasexta","status":"publish","type":"post","link":"https:\/\/www.europesays.com\/es\/266964\/","title":{"rendered":"El hijo de \u00c1balos: &quot;S\u00e1nchez le dio la orden directa a mi padre de ir a ver a Delcy a Barajas y desde entonces &#8211; LaSexta"},"content":{"rendered":"<ol>\n<li><a href=\"https:\/\/news.google.com\/rss\/articles\/CBMi-AFBVV95cUxQUHRSUi15RTcwQm1mLXZaTUtKSXVUVlVMV1pqMU51SWJJM3RxODFGaUpvcXRuMGdvaEZTUjFvS3pZS1BEVHFEREg2MVVua1dxcURNd3VQNEVoaDY5Wk5BRHFxSXphZVU2U1JvcGZjYWtGcndfWXBMTmxGeUJqbllxWW9KLVY5dzJVeXdjTTRxbUN6cy1KOWczem9zeUxyNWRPZTRtVzlEMVB2MXo5Q3hXV2tTeTA0eDNkcFNrZlFQTzg2UDdaZUlQT0gtOEdSdnQzNG1HRnBNRUpySG1VbjNZak82TEI1OUswZGlUVEtlYjNtdGtzOE9XNdIB-AFBVV95cUxOZ2JYX0N1V3c0cUl1QjN4TDQySlBNQWdtaVJoT3YwYkJwVkhjYlhnb3ZOTGxoSXEyS3BIUm5TTnoyTE96OXpLd2pGR1o0Y1Ezel8wLThYd2pTR0NvdXFIUWpRcVlWalc5Y012eThESVU1bFpJbExtT3VlRDBiU2lUNkhKTmgzR0VDSm85N0s0ZW9VTTY5d2NZSHFHVjhQXzQ4R2I0WElDNUNZWVVHMDdEdE5MRl83T2VOLWhPRHRYeTRXODVwTVJ3RUhUbE14R2ZnZ196QmxWWUp4MEMzbUxhQXRRQ05wSkFlWTRNNGV4blhnemZYS0NLUg?oc=5\" target=\"_blank\" rel=\"nofollow noopener\">El hijo de \u00c1balos: \u00abS\u00e1nchez le dio la orden directa a mi padre de ir a ver a Delcy a Barajas y desde entonces<\/a>&nbsp;&nbsp;LaSexta<\/li>\n<li><a href=\"https:\/\/news.google.com\/rss\/articles\/CBMiekFVX3lxTFB1U3IzQXFrN1pJTFhvU2JZTndzMk13VFRnUTFLSDEtcnZMY05COXF0ZmZfc05GUWpyYXdnTDMwdUwzSUxXbDJOUmVoSG5ya21nUEk1SXNiamVWZExxNUtlbjBzdHJ3VTQ3Nm1jcVJkZDZCQUszdVJzU0FR?oc=5\" target=\"_blank\" rel=\"nofollow noopener\">V\u00edctor \u00c1balos: \u00abSantos le ofreci\u00f3 un cheque en blanco a mi padre en nombre del presidente\u00bb<\/a>&nbsp;&nbsp;El Mundo<\/li>\n<li><a href=\"https:\/\/news.google.com\/rss\/articles\/CBMiwAFBVV95cUxNU29jRDZoWnFGS3JnVFpZU1QtcFRJQXNKMzJtbzZydjQxTDd0WFpyYU43Uk8zX1BTa043T1hEZm5SOGZJbUg1THhxUzN4TU90QUR2WGRUS0VDc09DTkRrX0ZjSzA4Zk5nVnlxQkJmRlRKRXM3bmxtdU5hOHhoV3pQbkhZeXNzbmpzeTB4eEl1MlJwdUM1WTJzbTVzMEs5TjktaU9YZjBma25BR0R4MjRpZXRteDQwekVTQXo3MmZSVlY?oc=5\" target=\"_blank\" rel=\"nofollow noopener\">V\u00edctor \u00c1balos: \u00abTodo confluye en Zapatero: es responsable de la cloaca del PSOE\u00bb<\/a>&nbsp;&nbsp;Vozp\u00f3puli<\/li>\n<li><a href=\"https:\/\/news.google.com\/rss\/articles\/CBMivgFBVV95cUxOTl9sSE01X2k1LXIyMDlwTzhpYnlyUG5wWEdRQmVBVGtucUNnWmZhb1loYXM4RkdENkVTM0pzWDBCZ1lmT2FUQ0o3QmhJR2NvTmpjeG5Ib29iQ2hKd19GdEU3Njg2Sk9hbzJ2T1J4OHVSSXJacEU3OGgxeEdXWnBTUndCekZFQWRLdDRHbFhBVXAtMUVtZFJhRDhhVzIxaVB4SlJENHhWUzJMeDkwQlVIeFVGR2lkVWw5OWN2a0N3?oc=5\" target=\"_blank\" rel=\"nofollow noopener\">Koldo y \u00c1balos se\u00f1alan a S\u00e1nchez y Bego\u00f1a G\u00f3mez<\/a>&nbsp;&nbsp;La Voz de Galicia<\/li>\n<li><a href=\"https:\/\/news.google.com\/rss\/articles\/CBMi1AFBVV95cUxQN3MxbU12UUZmUVpVY2haclpwWDZjRTg2aFFZMFlFQUlNYlhqMjNZR1U2dEkwbm84cHE4b3dpVHJZT2VweDVBbUVsbFh2ZDE4blRDbEFWNzgyVnFOb3lFclhsTS1kMVNpZGtQb2w1RWJ6QTlUeGhOWG0xREl5U2pHV01HSE8xQ0tiNlB5UDFLWGRmTTZzVGI4bzR4dnRJMjVkcTF3VzV2cDA0TWJnajBSeW90aVFldXdodVh5WXdZQ215eEtya18xakw1Z1ktdGtGMzlDLQ?oc=5\" target=\"_blank\" rel=\"nofollow noopener\">Por qu\u00e9 la UCO otorga un papel clave al hijo de \u00c1balos que ha empezado a &#8216;cantar&#8217;<\/a>&nbsp;&nbsp;Libertad Digital<\/li>\n<\/ol>\n","protected":false},"excerpt":{"rendered":"El hijo de \u00c1balos: \u00abS\u00e1nchez le dio la orden directa a mi padre de ir a ver a&hellip;\n","protected":false},"author":2,"featured_media":248356,"comment_status":"","ping_status":"","sticky":false,"template":"","format":"standard","meta":{"footnotes":""},"categories":[8],"tags":[17,18,25,24,13,14,11,19,20,9,10,15,16,23,12,21,22],"class_list":{"0":"post-266964","1":"post","2":"type-post","3":"status-publish","4":"format-standard","5":"has-post-thumbnail","7":"category-espana","8":"tag-breaking-news","9":"tag-breakingnews","10":"tag-es","11":"tag-espana","12":"tag-featured-news","13":"tag-featurednews","14":"tag-headlines","15":"tag-latest-news","16":"tag-latestnews","17":"tag-news","18":"tag-noticias","19":"tag-noticias-destacadas","20":"tag-noticiasdestacadas","21":"tag-spain","22":"tag-titulares","23":"tag-ultimas-noticias","24":"tag-ultimasnoticias"},"share_on_mastodon":{"url":"https:\/\/pubeurope.com\/@es\/115649229986018875","error":""},"_links":{"self":[{"href":"https:\/\/www.europesays.com\/es\/wp-json\/wp\/v2\/posts\/266964","targetHints":{"allow":["GET"]}}],"collection":[{"href":"https:\/\/www.europesays.com\/es\/wp-json\/wp\/v2\/posts"}],"about":[{"href":"https:\/\/www.europesays.com\/es\/wp-json\/wp\/v2\/types\/post"}],"author":[{"embeddable":true,"href":"https:\/\/www.europesays.com\/es\/wp-json\/wp\/v2\/users\/2"}],"replies":[{"embeddable":true,"href":"https:\/\/www.europesays.com\/es\/wp-json\/wp\/v2\/comments?post=266964"}],"version-history":[{"count":0,"href":"https:\/\/www.europesays.com\/es\/wp-json\/wp\/v2\/posts\/266964\/revisions"}],"wp:featuredmedia":[{"embeddable":true,"href":"https:\/\/www.europesays.com\/es\/wp-json\/wp\/v2\/media\/248356"}],"wp:attachment":[{"href":"https:\/\/www.europesays.com\/es\/wp-json\/wp\/v2\/media?parent=266964"}],"wp:term":[{"taxonomy":"category","embeddable":true,"href":"https:\/\/www.europesays.com\/es\/wp-json\/wp\/v2\/categories?post=266964"},{"taxonomy":"post_tag","embeddable":true,"href":"https:\/\/www.europesays.com\/es\/wp-json\/wp\/v2\/tags?post=266964"}],"curies":[{"name":"wp","href":"https:\/\/api.w.org\/{rel}","templated":true}]}}