{"id":266970,"date":"2025-12-02T09:28:16","date_gmt":"2025-12-02T09:28:16","guid":{"rendered":"https:\/\/www.europesays.com\/es\/266970\/"},"modified":"2025-12-02T09:28:16","modified_gmt":"2025-12-02T09:28:16","slug":"el-recado-de-la-reina-aitana-que-resonara-en-el-palco-del-metropolitano-donde-estara-el-rey-felipe","status":"publish","type":"post","link":"https:\/\/www.europesays.com\/es\/266970\/","title":{"rendered":"El recado de la reina Aitana que resonar\u00e1 en el palco del Metropolitano, donde estar\u00e1 el rey Felipe"},"content":{"rendered":"\n<p> Este martes, el f\u00fatbol femenino espa\u00f1ol se juega <strong>mucho m\u00e1s que a\u00f1adir un nuevo t\u00edtulo a su incipiente palmar\u00e9s<\/strong>. La vuelta de la final de la <strong><a href=\"https:\/\/www.elconfidencial.com\/deportes\/futbol\/2025-10-16\/edna-imade-sonia-bermudez-seleccion-espanola-futbol-femenina-rfef-nigeria-real-sociedad-granada_4228763\/\" target=\"_self\" rel=\"nofollow noopener\">UEFA Women&#8217;s Nations League<\/a><\/strong> contra Alemania, a\u00fan m\u00e1s tras el 0-0 de la ida, es una buena oportunidad para que la Selecci\u00f3n <strong>contrarreste la mala imagen <\/strong>que <strong><a href=\"https:\/\/www.elconfidencial.com\/deportes\/futbol\/2025-11-06\/futbol-femenino-liga-f-profesional-espectadores-fc-barcelona-real-sociedad_4241214\/\" target=\"_self\" rel=\"nofollow noopener\">semana a semana deja la competici\u00f3n dom\u00e9stica de clubes<\/a><\/strong> en lo que a inter\u00e9s se refiere. Salvo excepciones que precisamente confirman la regla, aunque desde la Liga F alegremente las aireen. <\/p>\n<p> Para ello<strong>, el f\u00fatbol practicado por mujeres necesita que los aficionados<\/strong> cubran la mayor parte de las 70.692 localidades del<strong> Estadio Riyadh Air Metropolitano<\/strong>. Ah\u00ed se dar\u00e1 cita <strong>Felipe VI<\/strong>, quien se estrena en un partido de la Selecci\u00f3n femenina, pues c\u00f3mo no acordarse de que<strong> <\/strong>en el <strong><a href=\"https:\/\/www.elconfidencial.com\/deportes\/futbol\/2025-10-14\/futbol-femenino-seleccion-espanola-rfef-lista-sonia-bermudez-jenni-hermoso_4227305\/\" target=\"_self\" rel=\"nofollow noopener\">Mundial de Australia y Nueva Zelanda<\/a><\/strong> de 2023 estuvieron<strong> <\/strong>la reina <strong>Letizia y <\/strong>la infanta<strong> Sof\u00eda<\/strong>, mientras que en la Eurocopa de Suiza lo hicieron la princesa<strong> Leonor<\/strong> y su hermana. <\/p>\n<p>              <img decoding=\"async\" class=\"inTextNews__img\" alt=\"Foto: futbol-profesional-femenino-liga-f-asistencias\" src=\"https:\/\/www.europesays.com\/es\/wp-content\/uploads\/2025\/12\/f.elconfidencial.com\/original\/2b8\/cd7\/4b1\/2b8cd74b15da6053554dbf82f81a718d.jpg\"  \/>     <\/p>\n<p>TE PUEDE INTERESAR<\/p>\n<p>      <a class=\"inTextNews__title\" href=\"https:\/\/www.elconfidencial.com\/deportes\/futbol\/2025-10-24\/futbol-profesional-femenino-liga-f-asistencias_4226853\/\" onclick=\"window.ECCO.emit(&#039;amplitude&#039;, { dataEventName: &#039;click_related_article_module&#039;, data: { related_article_url: &#039;https:\/\/www.elconfidencial.com\/deportes\/futbol\/2025-10-24\/futbol-profesional-femenino-liga-f-asistencias_4226853\/&#039;, related_article_author: &#039;Kike Mar\u00edn&#039;, related_article_section: &#039;futbol&#039; } })\" rel=\"nofollow noopener\" target=\"_blank\"> Unos n\u00fameros (y una carta) para pensar en la &#8216;desprofesionalizaci\u00f3n&#8217; del f\u00fatbol femenino  <\/a>   <\/p>\n<p>    Kike Mar\u00edn   <\/p>\n<p> <strong>\u00abSe agradece venir aqu\u00ed y sentirte futbolista \u00ab<\/strong>, dijo <strong><a href=\"https:\/\/www.elconfidencial.com\/deportes\/2025-11-30\/aitana-bonmati-baja-para-la-final-de-la-liga-de-naciones-por-una-fractura-en-el-perone-izquierdo_4257664\/\" target=\"_self\" rel=\"nofollow noopener\">Aitana Bonmat\u00ed<\/a> <\/strong>en referencia a la Selecci\u00f3n que ahora dirige <strong>Sonia Berm\u00fadez<\/strong>. Sin duda, una afirmaci\u00f3n que contrasta con lo sucedido en los \u00faltimos a\u00f1os en la <strong>Real Federaci\u00f3n Espa\u00f1ola de F\u00fatbol<\/strong> (RFEF). <\/p>\n<p>            Del famoso mot\u00edn de las 15 al &#8216;piquito&#8217; de Rubiales           <\/p>\n<p> Desde <strong>el famoso mot\u00edn de las 15<\/strong> del que <a href=\"https:\/\/www.elconfidencial.com\/deportes\/futbol\/2024-11-09\/futbol-femenino-seacabo-diario-de-las-campeona-netflix_3997360\/\" target=\"_self\" rel=\"nofollow noopener\">puntualmente informamos en este diario<\/a> y que a algunas futbolistas les cost\u00f3 quedarse sin Mundial, al impresentable piquito de Rubiales a <strong>Jenni Hermoso<\/strong> que, al menos, <a href=\"https:\/\/www.elconfidencial.com\/deportes\/futbol\/2025-02-03\/rubiales-jenni-hermoso-audiencia-nacional-agresion-sexual-coacciones-rfef_4054268\/\" target=\"_self\" rel=\"nofollow noopener\">permiti\u00f3 la ca\u00edda del \u00abamigo de Pedro\u00bb (S\u00e1nchez)<\/a>, contra el que ahora se ha rebelado. <\/p>\n<p> Eso s\u00ed, <strong>la gran ausente por lesi\u00f3n en la final<\/strong> dej\u00f3 una coletilla que deber\u00eda hacer pensar a m\u00e1s de uno \u2014y de una\u2014 que se dar\u00e1n cita en el palco del Metropolitano. \u00ab<strong>Sabiendo lo que pasa con nuestra Liga, que est\u00e1 dejada de la mano de Dios. No s\u00e9 a qui\u00e9n le importa exactamente\u00bb<\/strong>, a\u00f1adi\u00f3 la <a href=\"https:\/\/www.elconfidencial.com\/deportes\/futbol\/2025-09-22\/balon-oro-lamine-yamal-mariona-pedri-fabian-alexia-putellas-dembele_4214182\/\" target=\"_self\" rel=\"nofollow noopener\">tres veces Bal\u00f3n de Oro<\/a>. <\/p>\n<p class=\"bodyObject bodyBlockquote\">\u00abSe agradece venir aqu\u00ed (la Selecci\u00f3n) sabiendo lo que pasa con nuestra Liga, que est\u00e1 dejada de la mano de Dios\u00bb, asegur\u00f3 la tres Balones de Oro<\/p>\n<p> Un recado, para lo bueno y para lo malo, que<strong> resonar\u00e1 en el palco del Metropolitano, donde est\u00e1 previsto que coincidan<\/strong>, adem\u00e1s del mencionado rey Felipe VI, la ministra de Educaci\u00f3n, Formaci\u00f3n Profesional y Deportes, <strong>Pilar Alegr\u00eda<\/strong>, el secretario de Estado para el Deporte, <strong><a href=\"https:\/\/www.elconfidencial.com\/deportes\/2024-10-22\/jose-manuel-rodriguez-uribes-csd-senado-vicente-azpitarte-alejandro-blanco-luis-rubiales-rfef_3986433\/\" target=\"_self\" rel=\"nofollow noopener\">Jos\u00e9 Manuel Rodr\u00edguez Uribes<\/a><\/strong>, y el ministro de Pol\u00edtica Territorial y Memoria Democr\u00e1tica, <strong>\u00c1ngel V\u00edctor Torres<\/strong>, los m\u00e1ximos responsables de la RFEF y la Liga F. Es decir, <strong>Rafael Louz\u00e1n<\/strong> y <strong>Beatriz \u00c1lvarez<\/strong>, respectivamente. <\/p>\n<p>               Once de Espa\u00f1a en el partido de ida contra Alemania. (Reuters\/Piroschka van De Wouw)             <\/p>\n<p> La profesionalizaci\u00f3n del <a href=\"https:\/\/www.elconfidencial.com\/deportes\/futbol\/2025-11-14\/juan-antonio-randri-garcia-alhama-inhabilitacion_4246160\/\" target=\"_self\" rel=\"nofollow noopener\">f\u00fatbol femenino espa\u00f1ol<\/a> <strong>no ha servido, al menos de momento, para que los clubes rentabilicen un \u00e9xito <\/strong>que en el caso de la Selecci\u00f3n es evidente. Aunque partidos como el que esta tarde va a enfrentarle a Alemania en Madrid deben ratificarlo. De ah\u00ed la importancia de que la afici\u00f3n responda y<strong> la asistencia sea digna de destacar<\/strong>, junto a un triunfo que, visto lo visto, en la ida, no ser\u00e1 f\u00e1cil. <\/p>\n<p>                TVE superar\u00e1 los 1.562.000 espectadores de la ida           <\/p>\n<p> Lo normal es que los <strong>1.562.000 espectadores que siguieron por televisi\u00f3n el partido disputado en Kaiserslautern<\/strong>, con un share del 14,5%, se vean superados por una audiencia a\u00fan mayor. Eso s\u00ed, el hecho de que a LaLiga se le ocurriera <strong>colocar el <a href=\"https:\/\/www.elconfidencial.com\/deportes\/futbol\/liga\/2025-12-02\/barca-atletico-madrid-raphinha-flick-lamine-yamal_4257788\/\" target=\"_self\" rel=\"nofollow noopener\">FC Barcelona-Atl\u00e9tico de Madrid<\/a> el mismo d\u00eda<\/strong>, en este caso a las 21:00 horas, oblig\u00f3 a la RFEF a <strong>adelantar el encuentro del Metropolitano a las 18:30<\/strong>. Una hora no tan buena como la que pod\u00eda haber sido. <\/p>\n<p class=\"bodyObject bodyBlockquote\">La presidenta de la Liga F, Beatriz \u00c1lvarez, ha reconocido que \u00abhay que cambiar de estrategia\u00bb, aunque quiz\u00e1s ya sea demasiado tarde<\/p>\n<p> Nada que ver con lo que sucede con la criticada Liga F, tanto en audiencias de televisi\u00f3n \u2014en este caso por DAZN\u2014 como en asistencias a los campos. Hasta <a href=\"https:\/\/www.elconfidencial.com\/deportes\/futbol\/2025-06-16\/las-amenazas-de-inhabilitacion-llegan-al-futbol-femenino-caera-beatriz-alvarez-como-pedro-rocha_4151074\/\" target=\"_self\" rel=\"nofollow noopener\">Beatriz \u00c1lvarez<\/a> tuvo que reconocer hace unos d\u00edas que <strong>\u00abhay que cambiar de estrategia\u00bb<\/strong>,<strong> <\/strong>en vista de que llega un momento en el que la propaganda de Fortuny no cuela. <\/p>\n<p> De ah\u00ed la pregunta de si, a la espera, claro est\u00e1, de ver <a href=\"https:\/\/www.elconfidencial.com\/deportes\/futbol\/2025-08-02\/futbol-femenino-csd-denuncia-liga-f-ruben-alcaine-beatriz-alvarez-pablo-vilches-uribes-florentino-tebas_4183972\/\" target=\"_self\" rel=\"nofollow noopener\">qu\u00e9 sucede con las denuncias<\/a> ante el <strong>Consejo Superior de Deportes<\/strong> (CSD) que ella y su director general, <strong>Pablo Vilches<\/strong>, tienen pendientes,<strong> se plantea sustituir al responsable precisamente de estrategia, <a href=\"https:\/\/www.elconfidencial.com\/deportes\/futbol\/2025-06-23\/futbol-femenino-liga-f-gastos-pedro-malabia-pablo-vilches_4155838\/\" target=\"_self\" rel=\"nofollow noopener\">Pedro Malabia<\/a><\/strong>, el cerebro de tan negro panorama. <\/p>\n<p>                  <img decoding=\"async\" class=\"inTextNews__img\" alt=\"Foto: futbol-femenino-liga-f-profesional-espectadores-fc-barcelona-real-sociedad\" src=\"https:\/\/www.europesays.com\/es\/wp-content\/uploads\/2025\/12\/f.elconfidencial.com\/original\/f98\/1dc\/ead\/f981dceade1007724ff3db3d27a8821f.jpg\"  \/>     <\/p>\n<p>TE PUEDE INTERESAR<\/p>\n<p>      <a class=\"inTextNews__title\" href=\"https:\/\/www.elconfidencial.com\/deportes\/futbol\/2025-11-06\/futbol-femenino-liga-f-profesional-espectadores-fc-barcelona-real-sociedad_4241214\/\" onclick=\"window.ECCO.emit(&#039;amplitude&#039;, { dataEventName: &#039;click_related_article_module&#039;, data: { related_article_url: &#039;https:\/\/www.elconfidencial.com\/deportes\/futbol\/2025-11-06\/futbol-femenino-liga-f-profesional-espectadores-fc-barcelona-real-sociedad_4241214\/&#039;, related_article_author: &#039;Kike Mar\u00edn&#039;, related_article_section: &#039;futbol&#039; } })\" rel=\"nofollow noopener\" target=\"_blank\"> La hist\u00f3rica derrota del Bar\u00e7a lleg\u00f3 en la peor jornada de la Liga F: 596 espectadores de media <\/a>   <\/p>\n<p>    Kike Mar\u00edn   <\/p>\n<p> Volviendo al partido del Metropolitano, adem\u00e1s de revalidar el t\u00edtulo y <strong>quitarse el mal sabor de boca que les dej\u00f3 perder la final de la Eurocopa ante Inglaterra<\/strong>, a la Selecci\u00f3n espa\u00f1ola femenina tampoco le vendr\u00eda nada mal <strong>ofrecer una imagen completamente distinta<\/strong> a la que hace dos a\u00f1os y medio se produjo cuando Espa\u00f1a gan\u00f3 su primer Mundial. <\/p>\n<p> Con <strong><a href=\"https:\/\/blogs.elconfidencial.com\/deportes\/a-mi-bola\/2023-08-21\/estrellas-seleccion-ausencias-morreo-rubiales_3720902\/\" target=\"_self\" rel=\"nofollow noopener\">el bochornoso comportamiento<\/a> del mencionado Rubiales en el palco del estadio de S\u00eddney<\/strong>. Una historia que Aitana Bonmat\u00ed, la indiscutible reina del f\u00fatbol femenino espa\u00f1ol, da por zanjada. Al mismo tiempo que reivindica lo que es un clamor, pero <strong>los clubes no ven o no quieren ver<\/strong>. \u00bfPor qu\u00e9 la Selecci\u00f3n vende, pero <a href=\"https:\/\/www.elconfidencial.com\/deportes\/futbol\/2025-10-24\/futbol-profesional-femenino-liga-f-asistencias_4226853\/\" target=\"_self\" rel=\"nofollow noopener\">la Liga F solo cuesta?<\/a> Pues s\u00ed, ser\u00e1 cuesti\u00f3n de cambiar a los estrategas&#8230; <\/p>\n","protected":false},"excerpt":{"rendered":"Este martes, el f\u00fatbol femenino espa\u00f1ol se juega mucho m\u00e1s que a\u00f1adir un nuevo t\u00edtulo a su incipiente&hellip;\n","protected":false},"author":2,"featured_media":266971,"comment_status":"","ping_status":"","sticky":false,"template":"","format":"standard","meta":{"footnotes":""},"categories":[268],"tags":[168,25,24,280,282,281,23,167],"class_list":{"0":"post-266970","1":"post","2":"type-post","3":"status-publish","4":"format-standard","5":"has-post-thumbnail","7":"category-futbol","8":"tag-deportes","9":"tag-es","10":"tag-espana","11":"tag-football","12":"tag-futbol","13":"tag-soccer","14":"tag-spain","15":"tag-sports"},"share_on_mastodon":{"url":"https:\/\/pubeurope.com\/@es\/115649270312975772","error":""},"_links":{"self":[{"href":"https:\/\/www.europesays.com\/es\/wp-json\/wp\/v2\/posts\/266970","targetHints":{"allow":["GET"]}}],"collection":[{"href":"https:\/\/www.europesays.com\/es\/wp-json\/wp\/v2\/posts"}],"about":[{"href":"https:\/\/www.europesays.com\/es\/wp-json\/wp\/v2\/types\/post"}],"author":[{"embeddable":true,"href":"https:\/\/www.europesays.com\/es\/wp-json\/wp\/v2\/users\/2"}],"replies":[{"embeddable":true,"href":"https:\/\/www.europesays.com\/es\/wp-json\/wp\/v2\/comments?post=266970"}],"version-history":[{"count":0,"href":"https:\/\/www.europesays.com\/es\/wp-json\/wp\/v2\/posts\/266970\/revisions"}],"wp:featuredmedia":[{"embeddable":true,"href":"https:\/\/www.europesays.com\/es\/wp-json\/wp\/v2\/media\/266971"}],"wp:attachment":[{"href":"https:\/\/www.europesays.com\/es\/wp-json\/wp\/v2\/media?parent=266970"}],"wp:term":[{"taxonomy":"category","embeddable":true,"href":"https:\/\/www.europesays.com\/es\/wp-json\/wp\/v2\/categories?post=266970"},{"taxonomy":"post_tag","embeddable":true,"href":"https:\/\/www.europesays.com\/es\/wp-json\/wp\/v2\/tags?post=266970"}],"curies":[{"name":"wp","href":"https:\/\/api.w.org\/{rel}","templated":true}]}}