{"id":266980,"date":"2025-12-02T09:34:10","date_gmt":"2025-12-02T09:34:10","guid":{"rendered":"https:\/\/www.europesays.com\/es\/266980\/"},"modified":"2025-12-02T09:34:10","modified_gmt":"2025-12-02T09:34:10","slug":"arturo-perez-reverte-elige-su-top-5-de-mejores-peliculas-de-la-historia-son-fundamentales","status":"publish","type":"post","link":"https:\/\/www.europesays.com\/es\/266980\/","title":{"rendered":"Arturo P\u00e9rez-Reverte elige su top 5 de mejores pel\u00edculas de la historia: \u201cSon fundamentales\u201d"},"content":{"rendered":"<p class=\"\"><b>Arturo P\u00e9rez-Reverte<\/b>, el famoso escritor espa\u00f1ol autor de la saga Las aventuras del capit\u00e1n Alatriste, El club Dumas o la trilog\u00eda de Falc\u00f3, entre muchas otras obras literarias, acud\u00eda recientemente al podcast <a href=\"https:\/\/www.youtube.com\/watch?v=-JjBSl3odag\" target=\"_blank\" rel=\"noreferrer nofollow noopener\" title=\"https:\/\/www.youtube.com\/watch?v=-JjBSl3odag\">The Wild Project<\/a> para presentar su \u00faltima novela Misi\u00f3n en Par\u00eds de la popular serie Alatriste. Sin embargo, el periodista y excorresponsal de guerra ha aprovechado la ocasi\u00f3n para <b>compartir sus gustos y aficiones en otros \u00e1mbitos<\/b>, como es el caso de los <a href=\"https:\/\/as.com\/meristation\/noticias\/arturo-perez-reverte-descubre-su-pasion-por-los-videojuegos-me-he-pasado-todos-los-call-of-duty-f202511-n\/\" target=\"_blank\" rel=\"noreferrer nofollow noopener\" title=\"https:\/\/as.com\/meristation\/noticias\/arturo-perez-reverte-descubre-su-pasion-por-los-videojuegos-me-he-pasado-todos-los-call-of-duty-f202511-n\/\">videojuegos<\/a>, el g\u00e9nero del western o la <a href=\"https:\/\/as.com\/meristation\/libros\/arturo-perez-reverte-elige-los-5-libros-imprescindibles-para-entender-el-mundo-f202511-n\/\" target=\"_blank\" rel=\"noreferrer nofollow noopener\" title=\"https:\/\/as.com\/meristation\/libros\/arturo-perez-reverte-elige-los-5-libros-imprescindibles-para-entender-el-mundo-f202511-n\/\">literatura<\/a>. Tanto es as\u00ed, que el acad\u00e9mico de la Real Academia Espa\u00f1ola no ha querido perder la oportunidad de compartir sus <b>cinco pel\u00edculas favoritas<\/b>, entre ellas, \u2018<b>La jungla de asfalto<\/b>\u2019, \u2018<b>Tener y no tener<\/b>\u2019 o \u2018<b>La venganza de Ulzana<\/b>\u2019, aut\u00e9nticos cl\u00e1sicos de Hollywood; pero hay sorpresas.<\/p>\n<p><b>P\u00e9rez-Reverte y sus cinco pel\u00edculas favoritas (y otras recomendaciones)<\/b><\/p>\n<p class=\"\">Y es que tras nombrar la <a href=\"https:\/\/as.com\/meristation\/cine\/arturo-perez-reverte-elige-el-western-perfecto-que-lo-tiene-todo-la-chica-el-sheriff-el-salon-f202511-n\/\" target=\"_blank\" rel=\"noreferrer nofollow noopener\" title=\"https:\/\/as.com\/meristation\/cine\/arturo-perez-reverte-elige-el-western-perfecto-que-lo-tiene-todo-la-chica-el-sheriff-el-salon-f202511-n\/\">pel\u00edcula western definitiva<\/a> que \u201c<b>lo tiene todo<\/b>\u201d, <a href=\"https:\/\/as.com\/meristation\/series\/arturo-perez-reverte-recomienda-una-serie-sobre-una-de-las-figuras-clave-de-la-segunda-guerra-mundial-magnifica-f202511-n\/\" target=\"_blank\" rel=\"noreferrer nofollow noopener\" title=\"https:\/\/as.com\/meristation\/series\/arturo-perez-reverte-recomienda-una-serie-sobre-una-de-las-figuras-clave-de-la-segunda-guerra-mundial-magnifica-f202511-n\/\">P\u00e9rez-Reverte<\/a> ha querido profundizar en sus obras cinematogr\u00e1ficas favoritas, destacando antes de nada otro western de Clint Eastwood, \u2018<b>Sin perd\u00f3n<\/b>\u2019, del que asegura que \u201cest\u00e1 a la altura\u201d de otros cineastas legendarios de dicho g\u00e9nero como <b>John Ford<\/b> o <b>Howard Hawks<\/b>. Pero vayamos a lo que realmente queremos saber: <b>el top 5 de pel\u00edculas de P\u00e9rez-Reverte<\/b>, aunque el escritor no pierde la oportunidad de hacer otras recomendaciones no menos interesantes.<\/p>\n<p class=\"\">Empezando por \u201c\u2018<b>Tener y no tener<\/b>\u2019, con <b>Humphrey Bogart<\/b> y <b>Lauren Bacall<\/b>, \u2018<b>Casablanca<\/b>\u2019&#8230;\u201d, ha puntualizado, demostrando sus particular admiraci\u00f3n por los personajes que interpret\u00f3 Bogart, defini\u00e9ndolo como \u201c<b>un h\u00e9roe cansado<\/b>\u201d, muy af\u00edn a muchos de los personajes creados para sus novelas. El escritor contin\u00faa con \u2018<b>La jungla de asfalto<\/b>\u2019 y \u2018<b>La venganza de Ulzana<\/b>\u2019, la cual define como una pel\u00edcula \u201c<b>extraordinaria y poco conocida<\/b>\u201d. Mientras piensa en m\u00e1s cintas que recomendar, P\u00e9rez-Reverte termina en el g\u00e9nero del thriller.<\/p>\n<p class=\"\">Y aqu\u00ed llegan las sorpresas: \u201c<b>\u2018Blade Runner\u2019 es una pel\u00edcula fundamental<\/b>\u201d, no sin perder la oportunidad de recomendar \u2018<b>Los duelistas<\/b>\u2019, tambi\u00e9n del director <b>Ridley Scott<\/b>. Por \u00faltimo, P\u00e9rez-Reverte a\u00f1ade a su top 5 \u2018<b>Los amos de la noche<\/b>\u2019 o \u2018<b>The Warriors<\/b>\u2019, una cinta de bandas callejeras que se puede entender como una tragedia cl\u00e1sica, ya que est\u00e1 \u201c<b>basada en la literatura cl\u00e1sica<\/b>\u201d, concretamente, de la An\u00e1basis de Jenofonte. \u201cPero hay una lectura todav\u00eda mejor de la pel\u00edcula, que es si has le\u00eddo las novelas de Sol Yurick en las que se basa, porque entonces est\u00e1s viendo una proyecci\u00f3n\u201d, sentenciando que es \u201c<b>una pel\u00edcula magn\u00edfica<\/b>\u201d.<\/p>\n<p><img decoding=\"async\" src=\"https:\/\/www.europesays.com\/es\/wp-content\/uploads\/2025\/12\/5DPYJ3HNHZGAFN5BE3YKVYNGBA.jpg\" alt=\"Arturo P\u00e9rez-Reverte elige su top 5 de mejores pel\u00edculas de la historia: \u201cSon fundamentales\u201d\" height=\"720\" width=\"1280\"   loading=\"lazy\"\/><\/p>\n<p class=\"\">Con todo, este es el <b>top 5 de las mejores pel\u00edculas de la historia para Arturo P\u00e9rez-Reverte<\/b> y d\u00f3nde verlas online:<\/p>\n<p><img decoding=\"async\" src=\"https:\/\/www.europesays.com\/es\/wp-content\/uploads\/2025\/12\/HXOJROKGS5C4VANDZ6ANKK2AJE.jpg\" alt=\"Arturo P\u00e9rez-Reverte elige su top 5 de mejores pel\u00edculas de la historia: \u201cSon fundamentales\u201d\" height=\"720\" width=\"1280\"   loading=\"lazy\"\/>Noticias relacionadas<\/p>\n<p class=\"\">Suscr\u00edbete al <a href=\"https:\/\/www.youtube.com\/@meristation\" target=\"_self\" rel=\"nofollow noopener\" title=\"https:\/\/www.youtube.com\/@meristation\">canal de MeriStation en YouTube<\/a>, tu web de videojuegos y entretenimiento para conocer todas las noticias y novedades sobre el mundo del videojuego, cine, series, manga y anime. An\u00e1lisis, entrevistas, tr\u00e1ileres, gameplays, p\u00f3dcast y mucho m\u00e1s. Tambi\u00e9n te animamos a seguir <a href=\"https:\/\/www.tiktok.com\/@meristation\" rel=\"nofollow noopener\" title=\"https:\/\/www.tiktok.com\/@meristation\" target=\"_blank\">nuestra cuenta de TikTok<\/a>. <\/p>\n<p class=\"\">\u00a1S\u00edguenos en ambas y, si est\u00e1s interesado en licenciar este contenido, pincha <a href=\"https:\/\/profesional.elpais.com\/soluciones-sindicacion?utm_medium=interno&amp;utm_source=crosslinking&amp;utm_campaign=sindicacion_as_pie_articulos\" target=\"_blank\" rel=\"nofollow noopener\" title=\"https:\/\/profesional.elpais.com\/soluciones-sindicacion?utm_medium=interno&amp;utm_source=crosslinking&amp;utm_campaign=sindicacion_as_pie_articulos\">aqu\u00ed<\/a>!<\/p>\n<p><script async src=\"\/\/www.tiktok.com\/embed.js\"><\/script><\/p>\n","protected":false},"excerpt":{"rendered":"Arturo P\u00e9rez-Reverte, el famoso escritor espa\u00f1ol autor de la saga Las aventuras del capit\u00e1n Alatriste, El club Dumas&hellip;\n","protected":false},"author":2,"featured_media":266981,"comment_status":"","ping_status":"","sticky":false,"template":"","format":"standard","meta":{"footnotes":""},"categories":[169],"tags":[177,146,147,25,24,176,175,23],"class_list":{"0":"post-266980","1":"post","2":"type-post","3":"status-publish","4":"format-standard","5":"has-post-thumbnail","7":"category-cine","8":"tag-cine","9":"tag-entertainment","10":"tag-entretenimiento","11":"tag-es","12":"tag-espana","13":"tag-film","14":"tag-movies","15":"tag-spain"},"share_on_mastodon":{"url":"https:\/\/pubeurope.com\/@es\/115649293469912572","error":""},"_links":{"self":[{"href":"https:\/\/www.europesays.com\/es\/wp-json\/wp\/v2\/posts\/266980","targetHints":{"allow":["GET"]}}],"collection":[{"href":"https:\/\/www.europesays.com\/es\/wp-json\/wp\/v2\/posts"}],"about":[{"href":"https:\/\/www.europesays.com\/es\/wp-json\/wp\/v2\/types\/post"}],"author":[{"embeddable":true,"href":"https:\/\/www.europesays.com\/es\/wp-json\/wp\/v2\/users\/2"}],"replies":[{"embeddable":true,"href":"https:\/\/www.europesays.com\/es\/wp-json\/wp\/v2\/comments?post=266980"}],"version-history":[{"count":0,"href":"https:\/\/www.europesays.com\/es\/wp-json\/wp\/v2\/posts\/266980\/revisions"}],"wp:featuredmedia":[{"embeddable":true,"href":"https:\/\/www.europesays.com\/es\/wp-json\/wp\/v2\/media\/266981"}],"wp:attachment":[{"href":"https:\/\/www.europesays.com\/es\/wp-json\/wp\/v2\/media?parent=266980"}],"wp:term":[{"taxonomy":"category","embeddable":true,"href":"https:\/\/www.europesays.com\/es\/wp-json\/wp\/v2\/categories?post=266980"},{"taxonomy":"post_tag","embeddable":true,"href":"https:\/\/www.europesays.com\/es\/wp-json\/wp\/v2\/tags?post=266980"}],"curies":[{"name":"wp","href":"https:\/\/api.w.org\/{rel}","templated":true}]}}