{"id":266988,"date":"2025-12-02T09:40:14","date_gmt":"2025-12-02T09:40:14","guid":{"rendered":"https:\/\/www.europesays.com\/es\/266988\/"},"modified":"2025-12-02T09:40:14","modified_gmt":"2025-12-02T09:40:14","slug":"la-casa-blanca-publica-los-resultados-de-la-controvertida-resonancia-magnetica-de-trump","status":"publish","type":"post","link":"https:\/\/www.europesays.com\/es\/266988\/","title":{"rendered":"La Casa Blanca publica los resultados de la controvertida resonancia magn\u00e9tica de Trump"},"content":{"rendered":"<p class=\"\">El pasado octubre, el presidente de Estados Unidos, <a href=\"https:\/\/elpais.com\/america-colombia\/2025-11-30\/petro-carga-contra-trump-por-las-amenazas-a-venezuela-con-que-derecho-un-presidente-extranjero-puede-cerrar-el-espacio-aereo-de-otro-pais.html\" target=\"_self\" rel=\"nofollow noopener\" title=\"https:\/\/elpais.com\/america-colombia\/2025-11-30\/petro-carga-contra-trump-por-las-amenazas-a-venezuela-con-que-derecho-un-presidente-extranjero-puede-cerrar-el-espacio-aereo-de-otro-pais.html\">Donald Trump<\/a>, se someti\u00f3 a un examen m\u00e9dico f\u00edsico en el que se realiz\u00f3 una resonancia magn\u00e9tica (MRI son sus siglas en ingl\u00e9s), cuyos resultados \u2014los cuales describi\u00f3 como \u201cperfectos\u201d \u2014 no se hab\u00edan hecho p\u00fablicos hasta ahora. Al hablar con periodistas este domingo, el mandatario de 79 a\u00f1os afirm\u00f3 que los an\u00e1lisis ser\u00edan dados a conocer, despu\u00e9s de que los mismos dieran pie a una controversia. <\/p>\n<p class=\"\">Este lunes, el m\u00e9dico del presidente, Sean P. Barbabella, envi\u00f3 un memor\u00e1ndum a la <a href=\"https:\/\/elpais.com\/us\/migracion\/2025-11-26\/el-ice-detiene-a-una-pariente-de-la-portavoz-de-la-casa-blanca.html\" target=\"_self\" rel=\"nofollow noopener\" title=\"https:\/\/elpais.com\/us\/migracion\/2025-11-26\/el-ice-detiene-a-una-pariente-de-la-portavoz-de-la-casa-blanca.html\">secretaria de prensa de la Casa Blanca, Karoline Leavitt<\/a>, en el que explica que el an\u00e1lisis fue hecho de forma rutinaria y preventiva. \u201cLas im\u00e1genes cardiovasculares del presidente Trump son perfectamente normales\u201d, afirma. \u201cNo hay evidencia de estrechamiento arterial que impida el flujo sangu\u00edneo, o anormalidades en el coraz\u00f3n o vasos sangu\u00edneos principales. Las cavidades card\u00edacas tienen un tama\u00f1o normal, las paredes de los vasos sangu\u00edneos parecen lisas y sanas, y no hay signos de inflamaci\u00f3n ni obstrucci\u00f3n\u201d. <\/p>\n<p class=\"\">De igual forma, el galeno resumi\u00f3 que este nivel de an\u00e1lisis es com\u00fan para una persona de la edad del presidente y que \u201cse mantiene con excelente salud en general\u201d. La resonancia no form\u00f3 parte de los ex\u00e1menes m\u00e9dicos presidenciales anuales, pero miembros de la Administraci\u00f3n del republicano aseguran que se trataba de un control m\u00e9dico rutinario y no de una respuesta a un problema espec\u00edfico.<\/p>\n<p class=\"\">En abril, el presidente se someti\u00f3 a su examen anual, despu\u00e9s del cual su m\u00e9dico declar\u00f3 que se encontraba en perfecto estado. En julio, su doctor afirm\u00f3 que Trump padec\u00eda de <a href=\"https:\/\/elpais.com\/salud-y-bienestar\/2025-07-18\/que-es-la-insuficiencia-venosa-cronica-que-padece-donald-trump.html\" target=\"_self\" rel=\"nofollow noopener\" title=\"https:\/\/elpais.com\/salud-y-bienestar\/2025-07-18\/que-es-la-insuficiencia-venosa-cronica-que-padece-donald-trump.html\">insuficiencia venosa cr\u00f3nica<\/a>, una afecci\u00f3n com\u00fan y controlable que puede causar hinchaz\u00f3n en los tobillos. Esto despu\u00e9s de que algunos comentarios sobre esa parte del cuerpo del mandatario se hicieran virales. <\/p>\n<p class=\"\">El domingo, Trump dijo a periodistas que \u201cno ten\u00eda idea\u201d de en qu\u00e9 parte del cuerpo se le realiz\u00f3 la resonancia magn\u00e9tica, pero resalt\u00f3 que no hab\u00eda sido en el cerebro. \u201cTom\u00e9 una <a href=\"https:\/\/elpais.com\/opinion\/2025-04-05\/psicopatologia-del-trumpismo.html\" target=\"_self\" rel=\"nofollow noopener\" title=\"https:\/\/elpais.com\/opinion\/2025-04-05\/psicopatologia-del-trumpismo.html\">prueba cognitiva<\/a>, y la aprob\u00e9 perfectamente\u201d, asegur\u00f3. A lo largo de su mandato, el presidente ha hecho hincapi\u00e9 en sus pruebas cognitivas \u2014las cuales no son hechas p\u00fablicas\u2014 como evidencia de que se encuentra en buen estado para gobernar. Incluso ha puesto en duda si algunos de sus cr\u00edticos podr\u00edan \u201cpasar\u201d la prueba. <\/p>\n<p class=\"\"><a href=\"https:\/\/elpais.com\/internacional\/2025-10-11\/trump-supera-un-nuevo-reconocimiento-medico-y-es-vacunado-contra-la-gripe-y-la-covid.html\" target=\"_self\" rel=\"nofollow noopener\" title=\"https:\/\/elpais.com\/internacional\/2025-10-11\/trump-supera-un-nuevo-reconocimiento-medico-y-es-vacunado-contra-la-gripe-y-la-covid.html\">A finales de octubre<\/a>, el presidente afirm\u00f3 que hab\u00eda tomado una \u201cprueba de CI (coeficiente intelectual)\u201d en el Centro M\u00e9dico Walter Reed. Sin embargo, parec\u00eda referirse a la Evaluaci\u00f3n Cognitiva de Montreal (MoCA), un examen de 10 minutos dise\u00f1ado para identificar se\u00f1ales de demencia o Alzh\u00e9imer. A pesar de ello, ret\u00f3 a las representantes dem\u00f3cratas Jasmine Crockett y Alexandria Ocasio-Cortez a que se realizaran la misma prueba, la cual describi\u00f3 como \u201cmuy dif\u00edcil\u201d. Despu\u00e9s de su examen m\u00e9dico de abril, su doctor dijo que el mandatario se hab\u00eda sometido a la MoCa y que hab\u00eda conseguido una perfecta puntuaci\u00f3n.<\/p>\n<p class=\"\">El Dr. Ziad Nasreddine, neur\u00f3logo canadiense que dise\u00f1\u00f3 la prueba en 1996, afirm\u00f3 a la cadena NBC News que el an\u00e1lisis no deber\u00eda usarse para medir la inteligencia, y resalt\u00f3 que no hay estudios que la correlacionen con pruebas de CI.<\/p>\n<p class=\"\">Los comentarios del domingo se producen despu\u00e9s de que el gobernador de Minnesota, Tim Walz, presionara para que se publicaran los resultados de la resonancia magn\u00e9tica, despu\u00e9s de que Trump lo criticara en su red social Truth por su <a href=\"https:\/\/elpais.com\/us\/migracion\/2025-11-28\/trump-promete-suspender-permanentemente-la-migracion-de-todos-los-paises-del-tercer-mundo.html\" target=\"_self\" rel=\"nofollow noopener\" title=\"https:\/\/elpais.com\/us\/migracion\/2025-11-28\/trump-promete-suspender-permanentemente-la-migracion-de-todos-los-paises-del-tercer-mundo.html\">manejo de la comunidad Somal\u00ed<\/a> en el Estado. Como respuesta, Walz cuestion\u00f3 en un programa de NBC: \u201d\u00bfHa habido alguien en la historia del mundo que se haya sometido a una resonancia magn\u00e9tica y que no sepa para qu\u00e9 fue?\u201d. <\/p>\n<p>\u00bfQu\u00e9 es una resonancia magn\u00e9tica? <\/p>\n<p class=\"\">De acuerdo con la <a href=\"https:\/\/www.mayoclinic.org\/tests-procedures\/mri\/about\/pac-20384768\" target=\"_blank\" rel=\"noreferrer nofollow noopener\" title=\"https:\/\/www.mayoclinic.org\/tests-procedures\/mri\/about\/pac-20384768\">Mayo Clinic<\/a>, una resonancia magn\u00e9tica es una t\u00e9cnica de diagn\u00f3stico por im\u00e1genes que utiliza un campo magn\u00e9tico y ondas de radio generadas por computadora para crear im\u00e1genes detalladas de los \u00f3rganos y tejidos del cuerpo. Principalmente, se usa para obtener im\u00e1genes del cerebro y la m\u00e9dula espinal y poder diagnosticar problemas como: aneurismas de los vasos cerebrales, afecciones del ojo y el o\u00eddo interno, esclerosis m\u00faltiple, afecciones de la m\u00e9dula, alg\u00fan accidente cerebrovascular, tumores y lesiones cerebrales por traumatismo. <\/p>\n<p class=\"\">Sin embargo, no es exclusivo de ese \u00f3rgano. Tambi\u00e9n se usa para revisar el coraz\u00f3n y los vasos sangu\u00edneos, adem\u00e1s del h\u00edgado, ri\u00f1ones, p\u00e1ncreas, pr\u00f3stata, bazo, y en el caso de las mujeres, el \u00fatero, senos y ovarios. Tambi\u00e9n se puede realizar en los huesos para buscar infecciones, problemas articulares y tumores en los huesos y tejidos blandos. <\/p>\n","protected":false},"excerpt":{"rendered":"El pasado octubre, el presidente de Estados Unidos, Donald Trump, se someti\u00f3 a un examen m\u00e9dico f\u00edsico en&hellip;\n","protected":false},"author":2,"featured_media":266989,"comment_status":"","ping_status":"","sticky":false,"template":"","format":"standard","meta":{"footnotes":""},"categories":[42],"tags":[889,17,18,4329,352,629,65986,13,14,11,61,62,63,64,38935,19,20,9,10,15,16,17918,166,65987,12,21,22,65,66,67],"class_list":{"0":"post-266988","1":"post","2":"type-post","3":"status-publish","4":"format-standard","5":"has-post-thumbnail","7":"category-internacional","8":"tag-america","9":"tag-breaking-news","10":"tag-breakingnews","11":"tag-casa-blanca","12":"tag-donald-trump","13":"tag-estados-unidos","14":"tag-examen-medico","15":"tag-featured-news","16":"tag-featurednews","17":"tag-headlines","18":"tag-internacional","19":"tag-international","20":"tag-international-news","21":"tag-internationalnews","22":"tag-karoline-leavitt","23":"tag-latest-news","24":"tag-latestnews","25":"tag-news","26":"tag-noticias","27":"tag-noticias-destacadas","28":"tag-noticiasdestacadas","29":"tag-partido-republicano-ee-uu","30":"tag-salud","31":"tag-tim-walz","32":"tag-titulares","33":"tag-ultimas-noticias","34":"tag-ultimasnoticias","35":"tag-world","36":"tag-world-news","37":"tag-worldnews"},"share_on_mastodon":{"url":"","error":"Validation failed: Text character limit of 500 exceeded"},"_links":{"self":[{"href":"https:\/\/www.europesays.com\/es\/wp-json\/wp\/v2\/posts\/266988","targetHints":{"allow":["GET"]}}],"collection":[{"href":"https:\/\/www.europesays.com\/es\/wp-json\/wp\/v2\/posts"}],"about":[{"href":"https:\/\/www.europesays.com\/es\/wp-json\/wp\/v2\/types\/post"}],"author":[{"embeddable":true,"href":"https:\/\/www.europesays.com\/es\/wp-json\/wp\/v2\/users\/2"}],"replies":[{"embeddable":true,"href":"https:\/\/www.europesays.com\/es\/wp-json\/wp\/v2\/comments?post=266988"}],"version-history":[{"count":0,"href":"https:\/\/www.europesays.com\/es\/wp-json\/wp\/v2\/posts\/266988\/revisions"}],"wp:featuredmedia":[{"embeddable":true,"href":"https:\/\/www.europesays.com\/es\/wp-json\/wp\/v2\/media\/266989"}],"wp:attachment":[{"href":"https:\/\/www.europesays.com\/es\/wp-json\/wp\/v2\/media?parent=266988"}],"wp:term":[{"taxonomy":"category","embeddable":true,"href":"https:\/\/www.europesays.com\/es\/wp-json\/wp\/v2\/categories?post=266988"},{"taxonomy":"post_tag","embeddable":true,"href":"https:\/\/www.europesays.com\/es\/wp-json\/wp\/v2\/tags?post=266988"}],"curies":[{"name":"wp","href":"https:\/\/api.w.org\/{rel}","templated":true}]}}