{"id":266990,"date":"2025-12-02T09:41:11","date_gmt":"2025-12-02T09:41:11","guid":{"rendered":"https:\/\/www.europesays.com\/es\/266990\/"},"modified":"2025-12-02T09:41:11","modified_gmt":"2025-12-02T09:41:11","slug":"la-peste-porcina-afecta-a-las-personas-claves-de-un-virus-que-alerta-a-espana","status":"publish","type":"post","link":"https:\/\/www.europesays.com\/es\/266990\/","title":{"rendered":"\u00bfLa peste porcina afecta a las personas? Claves de un virus que alerta a Espa\u00f1a"},"content":{"rendered":"<p class=\"articleParagraph\">Catalu\u00f1a se encuentra en alerta despu\u00e9s de que hace unos d\u00edas se detectase el<b> virus de la peste porcina en jabal\u00edes de la zona de Collserola, en la provincia de Barcelona<\/b>. Se han encontrado ya cincuenta animales muertos sin que afortunadamente se haya detectado la enfermedad en las granjas de cerdos de la zona.<\/p>\n<p class=\"articleParagraph\">Christian Gort\u00e1zar, catedr\u00e1tico de Sanidad Animal en el <b>IREC<\/b> (Instituto de Recursos y Estudios Cineg\u00e9ticos) de Castilla-La Mancha, se conect\u00f3 este martes con <b>M\u00e1s de uno<\/b> para explicar los riesgos y la situaci\u00f3n actual de la <b>peste porcina africana<\/b> en Espa\u00f1a, as\u00ed como los mecanismos de control y prevenci\u00f3n de la enfermedad.<\/p>\n<p>Origen del brote y zonas de riesgo<\/p>\n<p class=\"articleParagraph\">Carlos Alsina le pregunt\u00f3 por la principal hip\u00f3tesis sobre el origen del contagio. Gort\u00e1zar se\u00f1al\u00f3 que un <b>bocadillo de embutido procedente de otro pa\u00eds con controles menos estrictos<\/b> \u00abes la hip\u00f3tesis m\u00e1s plausible\u00bb, aunque es dif\u00edcil precisar el tipo de carne. Destac\u00f3 que la zona afectada es un <b>nudo de comunicaciones<\/b> importante, ya se\u00f1alada en los mapas de riesgo.<\/p>\n<p>Transmisi\u00f3n y expansi\u00f3n del virus<\/p>\n<p class=\"articleParagraph\">El virus es <b>muy mortal<\/b> para los cerdos y jabal\u00edes, pero solo se transmite a trav\u00e9s de la sangre, fundamentalmente por carro\u00f1eo de jabal\u00edes muertos. Esto hace que la expansi\u00f3n pueda ser m\u00e1s lenta. \u00abVa a desaparecer el 90% de la poblaci\u00f3n de esa zona, pero el ritmo se va a alargar\u00bb, explic\u00f3. La transmisi\u00f3n por productos c\u00e1rnicos contaminados en granjas modernas es <b>pr\u00e1cticamente imposible<\/b> gracias a la bioseguridad. En verano, existe un cierto riesgo de que mosquitos u otros d\u00edpteros puedan contribuir, aunque este punto sigue en discusi\u00f3n cient\u00edfica.<\/p>\n<p>No supone un riesgo para la salud humana<\/p>\n<p class=\"articleParagraph\">Gort\u00e1zar subray\u00f3 la importancia de que las <b>granjas mantengan estrictas medidas de bioseguridad<\/b>, como vallados cementados o dobles vallados y el mantenimiento constante de estas medidas. \u00abEsto es una loter\u00eda, tenemos menos boletos, pero nos puede tocar\u00bb, se\u00f1al\u00f3. Aclar\u00f3 que el virus <b>solo afecta a la familia de los suidos<\/b> y no supone riesgo para la salud humana. Las consecuencias principales se limitan a la <b>estabilidad de las exportaciones espa\u00f1olas<\/b>. Seg\u00fan el experto, aunque se puede elevar la bioseguridad a un nivel superior, \u00abno hay mucho m\u00e1s que se pueda hacer que subir la guardia\u00bb.<\/p>\n<blockquote class=\"articleQuote\"><p>Solo afecta a la familia de los suidos, en Europa a jabal\u00edes y cerdos <\/p><\/blockquote>\n<p>China reduce su veto a Catalu\u00f1a<\/p>\n<p class=\"articleParagraph\">El ministro de Agricultura, Luis Planas, ha asegurado que no habr\u00e1 veto chino para el resto de producciones porcinas del pa\u00eds mientras los casos est\u00e9n controlados y delimitados en Catalu\u00f1a. M\u00e1s del 40% del cerdo que Espa\u00f1a exporta fuera de la Uni\u00f3n Europea lo hace a China. Hablamos de m\u00e1s de medio mill\u00f3n de toneladas. Adem\u00e1s, este martes llegan expertos de la Uni\u00f3n Europea a Barcelona para evaluar la situaci\u00f3n y ayudar a controlar y erradicar el brote lo antes posible.<\/p>\n","protected":false},"excerpt":{"rendered":"Catalu\u00f1a se encuentra en alerta despu\u00e9s de que hace unos d\u00edas se detectase el virus de la peste&hellip;\n","protected":false},"author":2,"featured_media":266991,"comment_status":"","ping_status":"","sticky":false,"template":"","format":"standard","meta":{"footnotes":""},"categories":[8],"tags":[17,18,25,24,13,14,11,19,20,9,10,15,16,23,12,21,22],"class_list":{"0":"post-266990","1":"post","2":"type-post","3":"status-publish","4":"format-standard","5":"has-post-thumbnail","7":"category-espana","8":"tag-breaking-news","9":"tag-breakingnews","10":"tag-es","11":"tag-espana","12":"tag-featured-news","13":"tag-featurednews","14":"tag-headlines","15":"tag-latest-news","16":"tag-latestnews","17":"tag-news","18":"tag-noticias","19":"tag-noticias-destacadas","20":"tag-noticiasdestacadas","21":"tag-spain","22":"tag-titulares","23":"tag-ultimas-noticias","24":"tag-ultimasnoticias"},"share_on_mastodon":{"url":"","error":""},"_links":{"self":[{"href":"https:\/\/www.europesays.com\/es\/wp-json\/wp\/v2\/posts\/266990","targetHints":{"allow":["GET"]}}],"collection":[{"href":"https:\/\/www.europesays.com\/es\/wp-json\/wp\/v2\/posts"}],"about":[{"href":"https:\/\/www.europesays.com\/es\/wp-json\/wp\/v2\/types\/post"}],"author":[{"embeddable":true,"href":"https:\/\/www.europesays.com\/es\/wp-json\/wp\/v2\/users\/2"}],"replies":[{"embeddable":true,"href":"https:\/\/www.europesays.com\/es\/wp-json\/wp\/v2\/comments?post=266990"}],"version-history":[{"count":0,"href":"https:\/\/www.europesays.com\/es\/wp-json\/wp\/v2\/posts\/266990\/revisions"}],"wp:featuredmedia":[{"embeddable":true,"href":"https:\/\/www.europesays.com\/es\/wp-json\/wp\/v2\/media\/266991"}],"wp:attachment":[{"href":"https:\/\/www.europesays.com\/es\/wp-json\/wp\/v2\/media?parent=266990"}],"wp:term":[{"taxonomy":"category","embeddable":true,"href":"https:\/\/www.europesays.com\/es\/wp-json\/wp\/v2\/categories?post=266990"},{"taxonomy":"post_tag","embeddable":true,"href":"https:\/\/www.europesays.com\/es\/wp-json\/wp\/v2\/tags?post=266990"}],"curies":[{"name":"wp","href":"https:\/\/api.w.org\/{rel}","templated":true}]}}