{"id":266998,"date":"2025-12-02T09:51:12","date_gmt":"2025-12-02T09:51:12","guid":{"rendered":"https:\/\/www.europesays.com\/es\/266998\/"},"modified":"2025-12-02T09:51:12","modified_gmt":"2025-12-02T09:51:12","slug":"xabi-alonso-vivira-una-finalisima-contra-el-athletic-club","status":"publish","type":"post","link":"https:\/\/www.europesays.com\/es\/266998\/","title":{"rendered":"Xabi Alonso vivir\u00e1 una final\u00edsima contra el Athletic Club"},"content":{"rendered":"<p><strong>Xabi Alonso<\/strong> se la juega contra el <strong>Athletic<\/strong> el pr\u00f3ximo mi\u00e9rcoles. Tras empatar en las tres \u00faltimas jornadas de Liga frente a <strong>Rayo Vallecano<\/strong>, <strong>Elche<\/strong> y <strong>Girona,<\/strong> todo lo que no sea sumar los tres puntos frente al conjunto vasco en <strong>San Mam\u00e9s<\/strong> pondr\u00e1 en un problema al vasco. El empate le llevar\u00eda a vivir una situaci\u00f3n complicada, aunque con su futuro, en principio, a salvo; una derrota por la m\u00ednima le llevar\u00eda a una situaci\u00f3n dif\u00edcil, mientras que caer de manera grosera podr\u00eda obligar a la c\u00fapula madridista a tomar decisiones.<\/p>\n<p><strong>Eduardo Inda<\/strong>, director de OKDIARIO, desvel\u00f3 en El Chiringuito de Mega que \u00abCreo que <strong>si se empata en Bilbao no pasa nada.<\/strong> Si el mi\u00e9rcoles pr\u00f3ximo a las nueve de la noche, el Real Madrid ha perdido contra el Athletic hay muchas opciones de que Xabi Alonso deje de ser entrenador. \u00bfY por qu\u00e9 no \u00c1lvaro Arbeloa?\u00bb, a\u00f1adi\u00f3.<\/p>\n<p>El empate contra el <strong>Girona<\/strong> no ha sentado bien dentro del <strong>Real Madrid<\/strong> y ha agitado los nervios en la c\u00fapula madridista. Los blancos se han metido en una espiral complicada tras un mes en el que solo han sido capaces de ganar un partido: al <strong>Olympiacos<\/strong> en la <strong>Champions<\/strong> y con mucho sufrimiento.<\/p>\n<p>Son varias las voces dentro de los despachos de <strong>Valdebebas<\/strong> que consideran que una derrota contra el <strong>Athletic<\/strong> pondr\u00eda en una situaci\u00f3n muy complicada a <strong>Xabi Alonso<\/strong>. \u00abSer\u00eda dif\u00edcil sostenerle\u00bb, aseguran dentro de la entidad madridista algunos sectores. No obstante, todos conf\u00edan en que haya alguna reacci\u00f3n.<\/p>\n<p>Al mismo tiempo, <strong>Xabi Alonso<\/strong> va perdiendo apoyos en las esferas m\u00e1s altas del <strong>Real Madrid<\/strong>. Esto le pone en una situaci\u00f3n compleja, ya que si no tiene la confianza plena de los mandamases del <strong>Real Madrid<\/strong> es evidente que tiene mucho m\u00e1s complicada su continuidad en caso de volver a pinchar contra el <strong>Athletic.<\/strong><\/p>\n<p>Lo que es seguro es que tanto la c\u00fapula como el vestuario miran al partido contra el <strong>Manchester City<\/strong> que se celebrar\u00e1 en el <strong>estadio Santiago Bernab\u00e9u<\/strong> el pr\u00f3ximo mi\u00e9rcoles. Si no hay un batacazo en <strong>Bilbao,<\/strong> donde realmente se la jugar\u00e1 el donostiarra ser\u00e1 en la <strong>Champions<\/strong> contra el equipo dirigido por Pep Guardiola. Esa es su gran final, aunque antes tiene que llegar a ella.<\/p>\n<p>Zidane, un deseo<\/p>\n<p>En las oficinas de <strong>Valdebebas<\/strong> se habla de qui\u00e9n podr\u00eda ser el recambio de Xabi Alonso en caso de tener que tomar una decisi\u00f3n porque la din\u00e1mica no var\u00eda. El nombre m\u00e1s pronunciado es el de <strong>Zidane,<\/strong> un entrenador de plena confianza para <strong>Florentino P\u00e9rez<\/strong>. Es verdad que el galo tiene un acuerdo con Francia para ser su seleccionador una vez finalice el <strong>Mundial<\/strong> de <strong>Estados Unidos, M\u00e9xico y Canad\u00e1<\/strong>, pero una llamada desde <strong>Valdebebas<\/strong> podr\u00eda cambiarlo todo.<\/p>\n<p>Recientemente, se vio al galo junto a <strong>Florentino P\u00e9rez<\/strong> en el partido de la <strong>NFL<\/strong> que se celebr\u00f3 en el <strong>Santiago Bernab\u00e9u<\/strong>, por lo que la relaci\u00f3n, tras haber atravesado un bache, vuelve a ser muy buena.<\/p>\n","protected":false},"excerpt":{"rendered":"Xabi Alonso se la juega contra el Athletic el pr\u00f3ximo mi\u00e9rcoles. Tras empatar en las tres \u00faltimas jornadas&hellip;\n","protected":false},"author":2,"featured_media":266999,"comment_status":"","ping_status":"","sticky":false,"template":"","format":"standard","meta":{"footnotes":""},"categories":[268],"tags":[168,25,24,280,282,281,23,167],"class_list":{"0":"post-266998","1":"post","2":"type-post","3":"status-publish","4":"format-standard","5":"has-post-thumbnail","7":"category-futbol","8":"tag-deportes","9":"tag-es","10":"tag-espana","11":"tag-football","12":"tag-futbol","13":"tag-soccer","14":"tag-spain","15":"tag-sports"},"share_on_mastodon":{"url":"https:\/\/pubeurope.com\/@es\/115649359763910475","error":""},"_links":{"self":[{"href":"https:\/\/www.europesays.com\/es\/wp-json\/wp\/v2\/posts\/266998","targetHints":{"allow":["GET"]}}],"collection":[{"href":"https:\/\/www.europesays.com\/es\/wp-json\/wp\/v2\/posts"}],"about":[{"href":"https:\/\/www.europesays.com\/es\/wp-json\/wp\/v2\/types\/post"}],"author":[{"embeddable":true,"href":"https:\/\/www.europesays.com\/es\/wp-json\/wp\/v2\/users\/2"}],"replies":[{"embeddable":true,"href":"https:\/\/www.europesays.com\/es\/wp-json\/wp\/v2\/comments?post=266998"}],"version-history":[{"count":0,"href":"https:\/\/www.europesays.com\/es\/wp-json\/wp\/v2\/posts\/266998\/revisions"}],"wp:featuredmedia":[{"embeddable":true,"href":"https:\/\/www.europesays.com\/es\/wp-json\/wp\/v2\/media\/266999"}],"wp:attachment":[{"href":"https:\/\/www.europesays.com\/es\/wp-json\/wp\/v2\/media?parent=266998"}],"wp:term":[{"taxonomy":"category","embeddable":true,"href":"https:\/\/www.europesays.com\/es\/wp-json\/wp\/v2\/categories?post=266998"},{"taxonomy":"post_tag","embeddable":true,"href":"https:\/\/www.europesays.com\/es\/wp-json\/wp\/v2\/tags?post=266998"}],"curies":[{"name":"wp","href":"https:\/\/api.w.org\/{rel}","templated":true}]}}