{"id":267021,"date":"2025-12-02T10:05:15","date_gmt":"2025-12-02T10:05:15","guid":{"rendered":"https:\/\/www.europesays.com\/es\/267021\/"},"modified":"2025-12-02T10:05:15","modified_gmt":"2025-12-02T10:05:15","slug":"si-hay-voluntad-politica-en-un-ano-podria-estar-en-marcha-la-ampliacion-de-aeropolis","status":"publish","type":"post","link":"https:\/\/www.europesays.com\/es\/267021\/","title":{"rendered":"\u201cSi hay voluntad pol\u00edtica, en un a\u00f1o podr\u00eda estar en marcha la ampliaci\u00f3n de Aer\u00f3polis\u201d"},"content":{"rendered":"<p>El alcalde de La Rinconada, Javier Fern\u00e1ndez, apuesta por el sector aeron\u00e1utico y aeroespacil como fuente de riqueza para La Rinconada y para toda la provincia, en una entrevista con la Cadena SER aprovechando el inicio del Congreso de las Nuevas Empresas del Sur de Europa (NISE)<\/p>\n<p class=\"text-justify\">Hoy comienza, Nise, el Congreso de las Nuevas Industrias del Sur de Europa en Fibes. Desde las administraciones se debe seguir aprovechando la oportunidad de contar con el potente sector aeroespacial que tenemos, pero tambi\u00e9n abundar en sectores de defensa, aviaci\u00f3n comercial o ferrocarril dentro del metal. Y en relaci\u00f3n con eso, este estudio es una herramienta de trabajo que nos tiene que servir para tomar con confianza las decisiones que tengamos que tomar de cara al futuro.\n  <\/p>\n<p class=\"text-justify\">En este sentido, Aer\u00f3polis es, desde hace m\u00e1s de dos d\u00e9cadas, uno de los grandes activos industriales de Andaluc\u00eda. Con 90 empresas, m\u00e1s de 5.000 empleos directos y una facturaci\u00f3n anual superior a 1.200 millones de euros, constituye un ecosistema altamente especializado que ha permitido situar a La Rinconada como tercer polo aeron\u00e1utico europeo junto a Toulouse y Hamburgo.\n  <\/p>\n<p class=\"text-justify\">Hoy, ese modelo se encuentra en un punto decisivo. El parque est\u00e1 colmatado y no dispone de suelo suficiente para atender nuevas implantaciones, lo que ya ha provocado que proyectos estrat\u00e9gicos de la industria hayan tenido que ubicarse en otros municipios por motivos puramente de disponibilidad f\u00edsica, pese a que su primera elecci\u00f3n natural habr\u00eda sido Aer\u00f3polis.\n  <\/p>\n<p class=\"text-justify\">En un sector global que vive un ciclo expansivo extraordinario, no ampliar Aer\u00f3polis implica renunciar a oportunidades de inversi\u00f3n y empleo cualificado, y debilitar un posicionamiento internacional construido durante d\u00e9cadas.   <\/p>\n<p class=\"text-justify\">Por ello, el Ayuntamiento de La Rinconada considera que ha llegado el momento de garantizar la continuidad y el crecimiento del polo aeron\u00e1utico de Aer\u00f3polis.\n  <\/p>\n<p class=\"text-justify\">As\u00ed lo ha reconocido el primer edil de La Rinconada, Javier Fern\u00e1ndez, en una entrevista con la Cadena SER. El primer edil ha destacado que en el proceso industrial es clave la ampliaci\u00f3n de Aer\u00f3polis: \u201cpara consolidar el Aeropolis 2, llevo tiempo pidi\u00e9ndole al presidente de la Junta de Andaluc\u00eda que se siente, a la Consejer\u00eda de Industria, a las universidades tambi\u00e9n, para que de una vez por todas se definan los deberes para Aeropolis 2. Incluso t\u00e9cnicamente se me dice que, si hubiera voluntad pol\u00edtica, en un a\u00f1o estar\u00edamos en condiciones de ver m\u00e1quinas en esa ampliaci\u00f3n de Aer\u00f3polis para seguir atrayendo empresas que generen empleo\u201d. Al respecto, a\u00f1adi\u00f3 que \u201cesa ampliaci\u00f3n genera riqueza y sit\u00faa a Sevilla en ese tri\u00e1ngulo, junto a Toulouse y Hamburgo, como grandes referencias del sector aeroespacial en Europa. Si a eso le a\u00f1adimos la apuesta por lo espacial, por la agencia aeroespacial en Sevilla, pues yo creo que est\u00e1 m\u00e1s que demostrado y est\u00e1 m\u00e1s que justificado que la Junta de Andaluc\u00eda de una vez por todas se defina y decida abrir aeropuertos\u201d.\n  <\/p>\n<p class=\"text-justify\">\u00a0Por otro lado, en relaci\u00f3n al NISE, ha destacado que \u201cSevilla es una potencia en materia industrial y, sobre todo, yo creo que es una de las grandes fotos que tenemos que sacar y uno de los grandes escaparates en nuestra apuesta por el sector aeroespacial, que tiene una larga trayectoria en Sevilla y que tiene una gran oportunidad al estar aqu\u00ed en la Agencia Aeroespacial Espa\u00f1ola en Sevilla\u201d. Tambi\u00e9n se refiri\u00f3 a la industria del metal, despu\u00e9s de que la Diputaci\u00f3n de Sevilla y la Federaci\u00f3n de Empresarios del Metal (FEDEME) en el \u00faltimo \u2018Estudio sectorial sobre la industria del metal de la provincia de Sevilla,\u00a0destacaran la relevancia estrat\u00e9gica del sector de la industria del metal, representado en la provincia por m\u00e1s de <b>7<\/b>.200 empresas y 88.000 trabajadores y que genera m\u00e1s de 7.400 millones de euros de cifra de negocio a nivel andaluz. \u201cNo se puede avanzar sin un buen clima p\u00fablico privado. Lo p\u00fablico debe aportar certezas para que el privado arriesgue y ponga encima de la mesa proyectos, porque solo podremos repartir riqueza si antes somos capaces de generarla\u201d.<\/p>\n","protected":false},"excerpt":{"rendered":"El alcalde de La Rinconada, Javier Fern\u00e1ndez, apuesta por el sector aeron\u00e1utico y aeroespacil como fuente de riqueza&hellip;\n","protected":false},"author":2,"featured_media":267022,"comment_status":"","ping_status":"","sticky":false,"template":"","format":"standard","meta":{"footnotes":""},"categories":[5],"tags":[17,18,25,24,13,14,11,4828,19,20,9,10,15,16,23,12,21,22],"class_list":{"0":"post-267021","1":"post","2":"type-post","3":"status-publish","4":"format-standard","5":"has-post-thumbnail","7":"category-titulares","8":"tag-breaking-news","9":"tag-breakingnews","10":"tag-es","11":"tag-espana","12":"tag-featured-news","13":"tag-featurednews","14":"tag-headlines","15":"tag-la-rinconada","16":"tag-latest-news","17":"tag-latestnews","18":"tag-news","19":"tag-noticias","20":"tag-noticias-destacadas","21":"tag-noticiasdestacadas","22":"tag-spain","23":"tag-titulares","24":"tag-ultimas-noticias","25":"tag-ultimasnoticias"},"share_on_mastodon":{"url":"https:\/\/pubeurope.com\/@es\/115649414594954533","error":""},"_links":{"self":[{"href":"https:\/\/www.europesays.com\/es\/wp-json\/wp\/v2\/posts\/267021","targetHints":{"allow":["GET"]}}],"collection":[{"href":"https:\/\/www.europesays.com\/es\/wp-json\/wp\/v2\/posts"}],"about":[{"href":"https:\/\/www.europesays.com\/es\/wp-json\/wp\/v2\/types\/post"}],"author":[{"embeddable":true,"href":"https:\/\/www.europesays.com\/es\/wp-json\/wp\/v2\/users\/2"}],"replies":[{"embeddable":true,"href":"https:\/\/www.europesays.com\/es\/wp-json\/wp\/v2\/comments?post=267021"}],"version-history":[{"count":0,"href":"https:\/\/www.europesays.com\/es\/wp-json\/wp\/v2\/posts\/267021\/revisions"}],"wp:featuredmedia":[{"embeddable":true,"href":"https:\/\/www.europesays.com\/es\/wp-json\/wp\/v2\/media\/267022"}],"wp:attachment":[{"href":"https:\/\/www.europesays.com\/es\/wp-json\/wp\/v2\/media?parent=267021"}],"wp:term":[{"taxonomy":"category","embeddable":true,"href":"https:\/\/www.europesays.com\/es\/wp-json\/wp\/v2\/categories?post=267021"},{"taxonomy":"post_tag","embeddable":true,"href":"https:\/\/www.europesays.com\/es\/wp-json\/wp\/v2\/tags?post=267021"}],"curies":[{"name":"wp","href":"https:\/\/api.w.org\/{rel}","templated":true}]}}